{"id":101035,"date":"2023-04-11T11:16:58","date_gmt":"2023-04-11T09:16:58","guid":{"rendered":"https:\/\/www.yoleoescaparate.com\/?p=101035"},"modified":"2023-04-11T12:02:59","modified_gmt":"2023-04-11T10:02:59","slug":"el-aldeano-ivan-martinez-y-la-calagurritana-ainara-losantos-en-el-open-de-primavera-celebrado-en-palma-de-mallorca","status":"publish","type":"post","link":"https:\/\/www.yoleoescaparate.com\/?p=101035","title":{"rendered":"El aldeano Iv\u00e1n Mart\u00ednez y la calagurritana Ainara Losantos en el \u201cOpen de Primavera\u201d celebrado en Palma de Mallorca"},"content":{"rendered":"\n<!--more-->\n\n\n\n<figure class=\"wp-block-image size-large\"><img loading=\"lazy\" decoding=\"async\" width=\"1024\" height=\"314\" src=\"https:\/\/www.yoleoescaparate.com\/wp-content\/uploads\/2022\/03\/listanoticiasCH-1024x314.jpg\" alt=\"\" class=\"wp-image-84817\" srcset=\"https:\/\/www.yoleoescaparate.com\/wp-content\/uploads\/2022\/03\/listanoticiasCH-1024x314.jpg 1024w, https:\/\/www.yoleoescaparate.com\/wp-content\/uploads\/2022\/03\/listanoticiasCH-300x92.jpg 300w, https:\/\/www.yoleoescaparate.com\/wp-content\/uploads\/2022\/03\/listanoticiasCH-768x236.jpg 768w, https:\/\/www.yoleoescaparate.com\/wp-content\/uploads\/2022\/03\/listanoticiasCH.jpg 1200w\" sizes=\"auto, (max-width: 1024px) 100vw, 1024px\" \/><\/figure>\n\n\n\n<p>&nbsp;Del 29 de marzo al 2 de abril se celebr\u00f3 en las piscinas Son Hugo de Palma de Mallorca el campeonato de Espa\u00f1a absoluto y junior \u201cOpen de Primavera\u201d.&nbsp;&nbsp; Hasta la isla se desplazaron varios nadadores Riojanos, entre ellos el antiguo nadador del Nassica, ahora en las filas del club nataci\u00f3n Las Norias, el aldeano Iv\u00e1n Mart\u00ednez Sota acompa\u00f1ado de su entrenador Fernando Godoy. Y tambi\u00e9n la nadadora del Club Nataci\u00f3n Nassica Ainara Losantos con su entrenador Roy Colson. <a><\/a><\/p>\n\n\n\n<p>&nbsp; Iv\u00e1n empez\u00f3 su campeonato con el 100 espalda, paso a la final A con un tiempo de 56,17. En dicha final quedo en 6\u00ba lugar y primer junior con 56.08.<\/p>\n\n\n\n<p>&nbsp;&nbsp; El viernes era el turno del 200 espalda, tambi\u00e9n paso al a final A con 2:02.73. En la final de la tarde quedo 5\u00ba y primer junior con 2:01.71 batiendo el record de la Rioja absoluto.<\/p>\n\n\n\n<p>&nbsp; El s\u00e1bado participo en 200 estilos, pasando a la final C que era la de los junior con una marca de 2:08.08.&nbsp; En la final quedo en 4\u00ba lugar en una carrera muy apretada con 2:06.35. Las dos marcas fueron sendos Records de La Rioja absoluto.<\/p>\n\n\n\n<p>&nbsp; Para finalizar el campeonato el domingo tocaba las 50 espalda. Volvi\u00f3 a pasar a la final A con 26.02.&nbsp; En la final quedo 5\u00ba Y primer junior con 25.98 (record absoluto de La Rioja).<\/p>\n\n\n\n<p>&nbsp;&nbsp; En las tres pruebas de espalda hizo las m\u00ednimas para el campeonato de Europa junior que se celebrara en Belgrado ( Serbia) del 4 al 9 de julio y tambi\u00e9n las m\u00ednimas para el campeonato del mundo junior que se celebrara del 4 al 9 de septiembre en Netanya (Israel).<\/p>\n\n\n\n<p>\u00a0 Buen campeonato con los tres oros en su categor\u00eda junior y con las m\u00ednimas en sus tres pruebas de espalda.<\/p>\n\n\n\n<p>Por su parte la nadadora Ainara Losantos del Club nataci\u00f3n NASSICA, &nbsp;\u2014acompa\u00f1ada de su entrenador Roy Colson\u2014disputo el 100Libres &nbsp;siendo descalificada por moverse m\u00ednimamente en el p\u00f3dium de salida. Un d\u00eda despu\u00e9s &nbsp;disputar\u00eda el 50L realizando la mejor marca de edad de la rioja de 16 A\u00f1os, pero muy lejos de su mejor marca personal que le hubiera valido para colarse en las finales. Poco m\u00e1s de tres meses de entrenos le quedan a Ainara para &nbsp;preparar el pr\u00f3ximo campeonato de Espa\u00f1a verano donde a buen seguro dar\u00e1 un pasito adelante gracias a esta experiencia. &nbsp;Mientras tanto, nuestra felicitaci\u00f3n por haber llevado el nombre de Calahorra y de nuestro modesto Club a un campeonato tan importante.<\/p>\n","protected":false},"excerpt":{"rendered":"","protected":false},"author":1,"featured_media":101036,"comment_status":"open","ping_status":"open","sticky":false,"template":"","format":"standard","meta":{"colormag_page_container_layout":"default_layout","colormag_page_sidebar_layout":"default_layout","om_disable_all_campaigns":false,"_monsterinsights_skip_tracking":false,"_monsterinsights_sitenote_active":false,"_monsterinsights_sitenote_note":"","_monsterinsights_sitenote_category":0,"footnotes":""},"categories":[6,4,251],"tags":[119,16,25,78],"class_list":["post-101035","post","type-post","status-publish","format-standard","has-post-thumbnail","hentry","category-aldeanueva-de-ebro","category-calahorra","category-deportes","tag-aldeanueva-de-ebro","tag-calahorra","tag-deportes","tag-natacion"],"aioseo_notices":[],"_links":{"self":[{"href":"https:\/\/www.yoleoescaparate.com\/index.php?rest_route=\/wp\/v2\/posts\/101035","targetHints":{"allow":["GET"]}}],"collection":[{"href":"https:\/\/www.yoleoescaparate.com\/index.php?rest_route=\/wp\/v2\/posts"}],"about":[{"href":"https:\/\/www.yoleoescaparate.com\/index.php?rest_route=\/wp\/v2\/types\/post"}],"author":[{"embeddable":true,"href":"https:\/\/www.yoleoescaparate.com\/index.php?rest_route=\/wp\/v2\/users\/1"}],"replies":[{"embeddable":true,"href":"https:\/\/www.yoleoescaparate.com\/index.php?rest_route=%2Fwp%2Fv2%2Fcomments&post=101035"}],"version-history":[{"count":0,"href":"https:\/\/www.yoleoescaparate.com\/index.php?rest_route=\/wp\/v2\/posts\/101035\/revisions"}],"wp:featuredmedia":[{"embeddable":true,"href":"https:\/\/www.yoleoescaparate.com\/index.php?rest_route=\/wp\/v2\/media\/101036"}],"wp:attachment":[{"href":"https:\/\/www.yoleoescaparate.com\/index.php?rest_route=%2Fwp%2Fv2%2Fmedia&parent=101035"}],"wp:term":[{"taxonomy":"category","embeddable":true,"href":"https:\/\/www.yoleoescaparate.com\/index.php?rest_route=%2Fwp%2Fv2%2Fcategories&post=101035"},{"taxonomy":"post_tag","embeddable":true,"href":"https:\/\/www.yoleoescaparate.com\/index.php?rest_route=%2Fwp%2Fv2%2Ftags&post=101035"}],"curies":[{"name":"wp","href":"https:\/\/api.w.org\/{rel}","templated":true}]}}