{"id":103359,"date":"2023-05-23T09:57:09","date_gmt":"2023-05-23T07:57:09","guid":{"rendered":"https:\/\/www.yoleoescaparate.com\/?p=103359"},"modified":"2023-05-23T09:57:11","modified_gmt":"2023-05-23T07:57:11","slug":"tras-21-anos-de-trayectoria-el-grupo-alfareno-infamia-se-despiden-de-los-escenarios-en-una-ultima-cita-en-casa","status":"publish","type":"post","link":"https:\/\/www.yoleoescaparate.com\/?p=103359","title":{"rendered":"Tras 21 a\u00f1os de trayectoria, el grupo alfare\u00f1o Infamia se despiden de los escenarios en una \u00faltima cita \u00aben casa\u00bb"},"content":{"rendered":"\n<!--more-->\n\n\n\n<figure class=\"wp-block-image size-large\"><img loading=\"lazy\" decoding=\"async\" width=\"1024\" height=\"314\" src=\"https:\/\/www.yoleoescaparate.com\/wp-content\/uploads\/2022\/03\/listanoticiasCH-1024x314.jpg\" alt=\"\" class=\"wp-image-84817\" srcset=\"https:\/\/www.yoleoescaparate.com\/wp-content\/uploads\/2022\/03\/listanoticiasCH-1024x314.jpg 1024w, https:\/\/www.yoleoescaparate.com\/wp-content\/uploads\/2022\/03\/listanoticiasCH-300x92.jpg 300w, https:\/\/www.yoleoescaparate.com\/wp-content\/uploads\/2022\/03\/listanoticiasCH-768x236.jpg 768w, https:\/\/www.yoleoescaparate.com\/wp-content\/uploads\/2022\/03\/listanoticiasCH.jpg 1200w\" sizes=\"auto, (max-width: 1024px) 100vw, 1024px\" \/><\/figure>\n\n\n\n<p>Infamia acaba de dar a conocer a trav\u00e9s de las redes sociales que tras 21 a\u00f1os de trayectoria, se despiden. Pero no si antes ofrecer un concierto de despedida de la banda el pr\u00f3ximo 16 de septiembre en la plaza de toros de Alfaro en el que ofrecer\u00e1n un recorrido recordando toda la trayectoria musical de la banda. <\/p>\n\n\n\n<p><\/p>\n\n\n\n<p><img loading=\"lazy\" decoding=\"async\" height=\"16\" width=\"16\" src=\"https:\/\/static.xx.fbcdn.net\/images\/emoji.php\/v9\/t2d\/1\/16\/2666.png\" alt=\"\u2666\ufe0f\"><em>COMUNICADO IMPORTANTE<\/em><img loading=\"lazy\" decoding=\"async\" height=\"16\" width=\"16\" src=\"https:\/\/static.xx.fbcdn.net\/images\/emoji.php\/v9\/t2d\/1\/16\/2666.png\" alt=\"\u2666\ufe0f\"><\/p>\n\n\n\n<p>H<em>ola a tod@s.<\/em><\/p>\n\n\n\n<p><em>Este comunicado es, sin ninguna duda, el m\u00e1s dificil de los 21 a\u00f1os de trayectoria de la banda: nos despedimos. No ha sido una decisi\u00f3n f\u00e1cil, pero creemos que hemos dado todo lo que ten\u00edamos que dar por nuestra<\/em> parte.<\/p>\n\n\n\n<p><em>INFAMIA para nosotros ha sido algo muy importante en nuestras vidas. Una demo, seis discos y miles de momentos \u00fanicos e irrepetibles junto a vosotr@s&#8230; GRACIAS!!! <\/em><img loading=\"lazy\" decoding=\"async\" height=\"16\" width=\"16\" src=\"https:\/\/static.xx.fbcdn.net\/images\/emoji.php\/v9\/t7f\/1\/16\/1f60a.png\" alt=\"\ud83d\ude0a\"><\/p>\n\n\n\n<p><em>Pero antes de irnos, daremos un concierto muy especial en Alfaro, nuestra casa, repasando TODA nuestra discograf\u00eda.<\/em><\/p>\n\n\n\n<p><em>Ser\u00e1 un gran d\u00eda, \u00a1\u00a1\u00a1no os lo perd\u00e1is!!! (Puede que hasta haya alguna sorpresa <img loading=\"lazy\" decoding=\"async\" height=\"16\" width=\"16\" src=\"https:\/\/static.xx.fbcdn.net\/images\/emoji.php\/v9\/t57\/1\/16\/1f609.png\" alt=\"\ud83d\ude09\">).<\/em><\/p>\n\n\n\n<p><em>Estamos trabajando para intentar llevar nuestra m\u00fasica a m\u00e1s ciudades por \u00faltima vez. Estad pendientes a nuestras redes sociales.<\/em><\/p>\n\n\n\n<p><em>Nos vemos en los escenarios. Un abrazo a tod@s<\/em>! <img loading=\"lazy\" decoding=\"async\" height=\"16\" width=\"16\" src=\"https:\/\/static.xx.fbcdn.net\/images\/emoji.php\/v9\/t66\/1\/16\/1f91f.png\" alt=\"\ud83e\udd1f\"><\/p>\n\n\n\n<p><em>Fredy, Fran, Alberto, Mario y Claudio.<\/em><\/p>\n","protected":false},"excerpt":{"rendered":"","protected":false},"author":1,"featured_media":103360,"comment_status":"open","ping_status":"open","sticky":false,"template":"","format":"standard","meta":{"colormag_page_container_layout":"default_layout","colormag_page_sidebar_layout":"default_layout","om_disable_all_campaigns":false,"_monsterinsights_skip_tracking":false,"_monsterinsights_sitenote_active":false,"_monsterinsights_sitenote_note":"","_monsterinsights_sitenote_category":0,"footnotes":""},"categories":[5],"tags":[72],"class_list":["post-103359","post","type-post","status-publish","format-standard","has-post-thumbnail","hentry","category-alfaro","tag-alfaro"],"aioseo_notices":[],"_links":{"self":[{"href":"https:\/\/www.yoleoescaparate.com\/index.php?rest_route=\/wp\/v2\/posts\/103359","targetHints":{"allow":["GET"]}}],"collection":[{"href":"https:\/\/www.yoleoescaparate.com\/index.php?rest_route=\/wp\/v2\/posts"}],"about":[{"href":"https:\/\/www.yoleoescaparate.com\/index.php?rest_route=\/wp\/v2\/types\/post"}],"author":[{"embeddable":true,"href":"https:\/\/www.yoleoescaparate.com\/index.php?rest_route=\/wp\/v2\/users\/1"}],"replies":[{"embeddable":true,"href":"https:\/\/www.yoleoescaparate.com\/index.php?rest_route=%2Fwp%2Fv2%2Fcomments&post=103359"}],"version-history":[{"count":0,"href":"https:\/\/www.yoleoescaparate.com\/index.php?rest_route=\/wp\/v2\/posts\/103359\/revisions"}],"wp:featuredmedia":[{"embeddable":true,"href":"https:\/\/www.yoleoescaparate.com\/index.php?rest_route=\/wp\/v2\/media\/103360"}],"wp:attachment":[{"href":"https:\/\/www.yoleoescaparate.com\/index.php?rest_route=%2Fwp%2Fv2%2Fmedia&parent=103359"}],"wp:term":[{"taxonomy":"category","embeddable":true,"href":"https:\/\/www.yoleoescaparate.com\/index.php?rest_route=%2Fwp%2Fv2%2Fcategories&post=103359"},{"taxonomy":"post_tag","embeddable":true,"href":"https:\/\/www.yoleoescaparate.com\/index.php?rest_route=%2Fwp%2Fv2%2Ftags&post=103359"}],"curies":[{"name":"wp","href":"https:\/\/api.w.org\/{rel}","templated":true}]}}