{"id":105420,"date":"2023-07-30T08:32:00","date_gmt":"2023-07-30T06:32:00","guid":{"rendered":"https:\/\/www.yoleoescaparate.com\/?p=105420"},"modified":"2023-07-11T11:21:00","modified_gmt":"2023-07-11T09:21:00","slug":"todo-el-mundo-a-pensar-en-las-fiestas-2024","status":"publish","type":"post","link":"https:\/\/www.yoleoescaparate.com\/?p=105420","title":{"rendered":"Todo el mundo a pensar en las fiestas 2024"},"content":{"rendered":"\n<!--more-->\n\n\n\n<figure class=\"wp-block-image size-large\"><img loading=\"lazy\" decoding=\"async\" width=\"1024\" height=\"314\" src=\"https:\/\/www.yoleoescaparate.com\/wp-content\/uploads\/2022\/03\/listanoticiasCH-1024x314.jpg\" alt=\"\" class=\"wp-image-84817\" srcset=\"https:\/\/www.yoleoescaparate.com\/wp-content\/uploads\/2022\/03\/listanoticiasCH-1024x314.jpg 1024w, https:\/\/www.yoleoescaparate.com\/wp-content\/uploads\/2022\/03\/listanoticiasCH-300x92.jpg 300w, https:\/\/www.yoleoescaparate.com\/wp-content\/uploads\/2022\/03\/listanoticiasCH-768x236.jpg 768w, https:\/\/www.yoleoescaparate.com\/wp-content\/uploads\/2022\/03\/listanoticiasCH.jpg 1200w\" sizes=\"auto, (max-width: 1024px) 100vw, 1024px\" \/><\/figure>\n\n\n\n<p>Todav\u00eda queda un d\u00eda entero para disfrutar de las fiestas de San Adri\u00e1n 2023. Luego, todo el mundo a pensar en las de 2024.<\/p>\n\n\n\n<p>30 de julio \u2013 Domingo, D\u00eda Del Mosc\u00f3n, de la mujer y Pobre de mi<br>Concejales de d\u00eda: Ana Bel\u00e9n Albarrac\u00edn, Elena Navarro y Jonathan Le\u00f3n.<br>09:00h. Dianas con los gaiteros de San Adri\u00e1n. Recorrido: Rebote, Santa Gema, Do\u00f1a Magdalena Aulina, San Jos\u00e9 Obrero, Marinal, Amistad y Rebote.<br>11:00h. Encierro de novillos de calle.<br>12:00h. Pasacalles de la comparsa de gigantes y cabezudos acompa\u00f1ados por los gaiteros de San Adri\u00e1n. Recorrido: casa de las aguas, calle Mayor, pe\u00f1a El Mosc\u00f3n, plaza Vera de Magall\u00f3n, avenida de Navarra, paseo del Ebro, San Jer\u00f3nimo, calle Mayor y casa de las aguas.<br>12:00h. Degustaci\u00f3n de chorizo a la sidra del gran Goyo, amenizada por la charanga Los RRotundos. Patrocina: INPRE. Organiza: Pe\u00f1a El Bombo.<br>12:30h. Ronda vermut de las mujeres participantes en el D\u00eda de la Mujer, acompa\u00f1adas de la charanga Los Fundidos.<br>13:00h. Despedida de nuestros gigantes y entrega de chupetes por parte de los m\u00e1s peque\u00f1os en la plaza Fructuoso Muerza. A continuaci\u00f3n, lanzamiento de caramelos y chucher\u00edas.<br>14:30h. Comida de hermandad de las mujeres en la calle Santa Gema.<br>17:00h. Encierro de reses bravas (II Desaf\u00edo Ganader\u00edas) de la ganader\u00eda Adri\u00e1n Dom\u00ednguez.<br>19:00h. Plaza de toros. Feria de la XXXI edici\u00f3n de novilladas sin picadores trofeo Esp\u00e1rrago de Oro, 4 novillos, 4 de la ganader\u00eda Flores Albarr\u00e1n, para: Alejandro Casado y Daniel Moset.<br>20:00h. En la plaza Fructuoso Muerza, rinc\u00f3n del peque con el espect\u00e1culo Mago Ladelai \u201cMagia y ciencia\u201d, del Mago Sun.<br>20:30h. Salida de las pe\u00f1as del coso taurino y pasacalles por la carretera Estella y calle Mayor.<br>21:15h. Baile de la jota de San Adri\u00e1n a cargo de los gaiteros de San Adri\u00e1n en la plaza Fructuoso Muerza.<br>23:00h. Concentraci\u00f3n de las pe\u00f1as en la calle Mayor.<br>00:00h. POBRE DE M\u00cd.<\/p>\n\n\n\n<p>\u00a1Ya falta menos para las Fiestas de 2024!<\/p>\n","protected":false},"excerpt":{"rendered":"","protected":false},"author":1,"featured_media":105421,"comment_status":"open","ping_status":"open","sticky":false,"template":"","format":"standard","meta":{"colormag_page_container_layout":"default_layout","colormag_page_sidebar_layout":"default_layout","om_disable_all_campaigns":false,"_monsterinsights_skip_tracking":false,"_monsterinsights_sitenote_active":false,"_monsterinsights_sitenote_note":"","_monsterinsights_sitenote_category":0,"footnotes":""},"categories":[212,11],"tags":[12,755,764,508,22],"class_list":["post-105420","post","type-post","status-publish","format-standard","has-post-thumbnail","hentry","category-planes","category-san-adrian","tag-escaparate","tag-mujer","tag-pena-el-moscon","tag-pobre-de-mi","tag-san-adrian"],"aioseo_notices":[],"_links":{"self":[{"href":"https:\/\/www.yoleoescaparate.com\/index.php?rest_route=\/wp\/v2\/posts\/105420","targetHints":{"allow":["GET"]}}],"collection":[{"href":"https:\/\/www.yoleoescaparate.com\/index.php?rest_route=\/wp\/v2\/posts"}],"about":[{"href":"https:\/\/www.yoleoescaparate.com\/index.php?rest_route=\/wp\/v2\/types\/post"}],"author":[{"embeddable":true,"href":"https:\/\/www.yoleoescaparate.com\/index.php?rest_route=\/wp\/v2\/users\/1"}],"replies":[{"embeddable":true,"href":"https:\/\/www.yoleoescaparate.com\/index.php?rest_route=%2Fwp%2Fv2%2Fcomments&post=105420"}],"version-history":[{"count":0,"href":"https:\/\/www.yoleoescaparate.com\/index.php?rest_route=\/wp\/v2\/posts\/105420\/revisions"}],"wp:featuredmedia":[{"embeddable":true,"href":"https:\/\/www.yoleoescaparate.com\/index.php?rest_route=\/wp\/v2\/media\/105421"}],"wp:attachment":[{"href":"https:\/\/www.yoleoescaparate.com\/index.php?rest_route=%2Fwp%2Fv2%2Fmedia&parent=105420"}],"wp:term":[{"taxonomy":"category","embeddable":true,"href":"https:\/\/www.yoleoescaparate.com\/index.php?rest_route=%2Fwp%2Fv2%2Fcategories&post=105420"},{"taxonomy":"post_tag","embeddable":true,"href":"https:\/\/www.yoleoescaparate.com\/index.php?rest_route=%2Fwp%2Fv2%2Ftags&post=105420"}],"curies":[{"name":"wp","href":"https:\/\/api.w.org\/{rel}","templated":true}]}}