{"id":105700,"date":"2023-07-13T12:53:26","date_gmt":"2023-07-13T10:53:26","guid":{"rendered":"https:\/\/www.yoleoescaparate.com\/?p=105700"},"modified":"2023-07-13T12:53:27","modified_gmt":"2023-07-13T10:53:27","slug":"presentada-la-campana-el-mundo-necesita-un-giro-en-calahorra","status":"publish","type":"post","link":"https:\/\/www.yoleoescaparate.com\/?p=105700","title":{"rendered":"Presentada la campa\u00f1a \u201cEl mundo necesita un giro\u201d en Calahorra"},"content":{"rendered":"\n<!--more-->\n\n\n\n<figure class=\"wp-block-image size-large\"><img loading=\"lazy\" decoding=\"async\" width=\"1024\" height=\"314\" src=\"https:\/\/www.yoleoescaparate.com\/wp-content\/uploads\/2022\/03\/listanoticiasCH-1024x314.jpg\" alt=\"\" class=\"wp-image-84817\" srcset=\"https:\/\/www.yoleoescaparate.com\/wp-content\/uploads\/2022\/03\/listanoticiasCH-1024x314.jpg 1024w, https:\/\/www.yoleoescaparate.com\/wp-content\/uploads\/2022\/03\/listanoticiasCH-300x92.jpg 300w, https:\/\/www.yoleoescaparate.com\/wp-content\/uploads\/2022\/03\/listanoticiasCH-768x236.jpg 768w, https:\/\/www.yoleoescaparate.com\/wp-content\/uploads\/2022\/03\/listanoticiasCH.jpg 1200w\" sizes=\"auto, (max-width: 1024px) 100vw, 1024px\" \/><\/figure>\n\n\n\n<p>La<strong> <\/strong>campa\u00f1a de sensibilizaci\u00f3n ciudadanasobre la recogida selectiva y el reciclaje de envases ligeros de origen dom\u00e9stico en nuestra Comunidad, puesta en marcha porel Consorcio de Aguas y Residuos de La Rioja, el Gobierno de La Rioja y Ecoembes, ha visitado esta ma\u00f1ana en Calahorra.<\/p>\n\n\n\n<p>La alcaldesa de Calahorra, M\u00f3nica Arceiz, y el director general de Calidad ambiental y Recursos h\u00eddricos y presidente del Consorcio de Aguas y Residuos, Jos\u00e9 Mar\u00eda Infante, acompa\u00f1ados del concejal de Medio Ambiente, David Navarro, y del gerente del Consorcio de Aguas y Residuos, Juan Jos\u00e9 Gil, han presentado la campa\u00f1a \u201cEl mundo necesita un giro\u201d, que arranc\u00f3 el pasado lunes 3 de julio en Arnedo y continuar\u00e1 recorriendo los mercadillos de 34 localidades riojanas hasta el 19 de agosto.<\/p>\n\n\n\n<p>La campa\u00f1a va dirigida a toda la ciudadan\u00eda de nuestra regi\u00f3n y consiste en el montaje de una exposici\u00f3n itinerante, guiada y atendida por actores-educadores ambientales.<\/p>\n\n\n\n<p>La exposici\u00f3n est\u00e1 compuesta por tres m\u00f3dulos expositivos desplegables que tratan, de una forma muy visual, diferentes temas como la econom\u00eda circular, qu\u00e9 residuos se depositan en cada contenedor y la obtenci\u00f3n de nuevos objetos a trav\u00e9s de esos residuos reciclados.<\/p>\n\n\n\n<p>Adem\u00e1s, se incluye un sencillo juegorelacionado con el contenido de los paneles, que permitir\u00e1 a los participantes obtener un regalo directo y entrar en el sorteo de tres jamones de la Reserva de la Biosfera de La Rioja.<\/p>\n\n\n\n<p>La campa\u00f1a tambi\u00e9n incide en las dem\u00e1s fracciones de residuos dom\u00e9sticos, en especial en la pr\u00f3xima implantaci\u00f3n del contenedor marr\u00f3n para la materia org\u00e1nica.<\/p>\n\n\n\n<p>Durante los pr\u00f3ximos d\u00edas del mes de julio, \u201cEl mundo necesita un giro\u201d continuar\u00e1 su recorrido por las siguientes localidades:<\/p>\n\n\n\n<ul class=\"wp-block-list\">\n<li>Viernes 14: Alfaro<\/li>\n\n\n\n<li>S\u00e1bado 15: Ezcaray<\/li>\n\n\n\n<li>Lunes 17: Entrena<\/li>\n\n\n\n<li>Martes 18: Haro<\/li>\n\n\n\n<li>Mi\u00e9rcoles 19: Lardero<\/li>\n\n\n\n<li>Jueves 20: Calahorra<\/li>\n\n\n\n<li>Viernes 21: Rinc\u00f3n de soto<\/li>\n<\/ul>\n\n\n\n<p>Las fechas para el resto de las localidades se pueden consultar en la web <a href=\"http:\/\/www.lariojarecicla.com\">www.lariojarecicla.com<\/a>.<\/p>\n\n\n","protected":false},"excerpt":{"rendered":"","protected":false},"author":1,"featured_media":105701,"comment_status":"open","ping_status":"open","sticky":false,"template":"","format":"standard","meta":{"colormag_page_container_layout":"default_layout","colormag_page_sidebar_layout":"default_layout","om_disable_all_campaigns":false,"_monsterinsights_skip_tracking":false,"_monsterinsights_sitenote_active":false,"_monsterinsights_sitenote_note":"","_monsterinsights_sitenote_category":0,"footnotes":""},"categories":[21],"tags":[16,771,12,64,772],"class_list":["post-105700","post","type-post","status-publish","format-standard","has-post-thumbnail","hentry","category-la-rioja","tag-calahorra","tag-campana","tag-escaparate","tag-la-rioja","tag-reciclaje"],"aioseo_notices":[],"_links":{"self":[{"href":"https:\/\/www.yoleoescaparate.com\/index.php?rest_route=\/wp\/v2\/posts\/105700","targetHints":{"allow":["GET"]}}],"collection":[{"href":"https:\/\/www.yoleoescaparate.com\/index.php?rest_route=\/wp\/v2\/posts"}],"about":[{"href":"https:\/\/www.yoleoescaparate.com\/index.php?rest_route=\/wp\/v2\/types\/post"}],"author":[{"embeddable":true,"href":"https:\/\/www.yoleoescaparate.com\/index.php?rest_route=\/wp\/v2\/users\/1"}],"replies":[{"embeddable":true,"href":"https:\/\/www.yoleoescaparate.com\/index.php?rest_route=%2Fwp%2Fv2%2Fcomments&post=105700"}],"version-history":[{"count":0,"href":"https:\/\/www.yoleoescaparate.com\/index.php?rest_route=\/wp\/v2\/posts\/105700\/revisions"}],"wp:featuredmedia":[{"embeddable":true,"href":"https:\/\/www.yoleoescaparate.com\/index.php?rest_route=\/wp\/v2\/media\/105701"}],"wp:attachment":[{"href":"https:\/\/www.yoleoescaparate.com\/index.php?rest_route=%2Fwp%2Fv2%2Fmedia&parent=105700"}],"wp:term":[{"taxonomy":"category","embeddable":true,"href":"https:\/\/www.yoleoescaparate.com\/index.php?rest_route=%2Fwp%2Fv2%2Fcategories&post=105700"},{"taxonomy":"post_tag","embeddable":true,"href":"https:\/\/www.yoleoescaparate.com\/index.php?rest_route=%2Fwp%2Fv2%2Ftags&post=105700"}],"curies":[{"name":"wp","href":"https:\/\/api.w.org\/{rel}","templated":true}]}}