{"id":105920,"date":"2023-07-18T13:39:18","date_gmt":"2023-07-18T11:39:18","guid":{"rendered":"https:\/\/www.yoleoescaparate.com\/?p=105920"},"modified":"2023-07-18T13:39:20","modified_gmt":"2023-07-18T11:39:20","slug":"ultima-reunion-de-la-junta-de-gobierno-en-calahorra","status":"publish","type":"post","link":"https:\/\/www.yoleoescaparate.com\/?p=105920","title":{"rendered":"\u00daltima reuni\u00f3n de la Junta de Gobierno en Calahorra"},"content":{"rendered":"\n<!--more-->\n\n\n\n<figure class=\"wp-block-image size-large\"><img loading=\"lazy\" decoding=\"async\" width=\"1024\" height=\"314\" src=\"https:\/\/www.yoleoescaparate.com\/wp-content\/uploads\/2022\/03\/listanoticiasCH-1024x314.jpg\" alt=\"\" class=\"wp-image-84817\" srcset=\"https:\/\/www.yoleoescaparate.com\/wp-content\/uploads\/2022\/03\/listanoticiasCH-1024x314.jpg 1024w, https:\/\/www.yoleoescaparate.com\/wp-content\/uploads\/2022\/03\/listanoticiasCH-300x92.jpg 300w, https:\/\/www.yoleoescaparate.com\/wp-content\/uploads\/2022\/03\/listanoticiasCH-768x236.jpg 768w, https:\/\/www.yoleoescaparate.com\/wp-content\/uploads\/2022\/03\/listanoticiasCH.jpg 1200w\" sizes=\"auto, (max-width: 1024px) 100vw, 1024px\" \/><\/figure>\n\n\n\n<p>Estos son los principales acuerdos que la Junta de Gobierno Local ha aprobado en su sesi\u00f3n semanal, celebrada ayer lunes, 17 de julio.<\/p>\n\n\n\n<p><strong>Obras de reparaci\u00f3n de la conducci\u00f3n de abastecimiento al \u201cEl Recuenco\u201d<\/strong><\/p>\n\n\n\n<p>La Junta de Gobierno Local ha acordado poner a disposici\u00f3n de SEPES los terrenos necesarios para que lleve a cabo las obras de reparaci\u00f3n de la tuber\u00eda de conducci\u00f3n exterior de suministro de agua potable al pol\u00edgono industrial \u201cEl Recuenco\u201d, desde el dep\u00f3sito municipal.<\/p>\n\n\n\n<p>Seg\u00fan SEPES es una actuaci\u00f3n necesaria para garantizar el correcto abastecimiento de agua potable a dicho pol\u00edgono y para poder ejecutarla precisa atravesar el vial de la calle Rifondo, de titularidad municipal.<\/p>\n\n\n\n<p><strong>Programaci\u00f3n del teatro Ideal para fiestas patronales de agosto<\/strong><\/p>\n\n\n\n<p>El Ideal acoger\u00e1 tres obras de teatro durante las fiestas patronales de agosto a partir de las 20 horas.<\/p>\n\n\n\n<p>El s\u00e1bado, 26 de agosto, llegar\u00e1 a Calahorra la revista <strong>\u201cCabaret Vintage\u201d<\/strong>. Un espect\u00e1culo que siendo de corte cl\u00e1sico dentro del g\u00e9nero de la comedia musical espa\u00f1ola ha modernizado e innovado sus n\u00fameros musicales. La producci\u00f3n incluye atracciones visuales y la actuaci\u00f3n del humorista zaragozano Javier Segarra.<\/p>\n\n\n\n<p>La comedia <strong>\u201cEl aguafiestas\u201d<\/strong>, protagonizada por Josema Yuste y Santiago Urrialde se representar\u00e1 el lunes, 28 de agosto, en el teatro Ideal.<\/p>\n\n\n\n<p>Es una obra de Francis Veber, el autor franc\u00e9s de una de las comedias m\u00e1s reconocidas en todo el mundo \u201cLa cena de los idiotas\u201d, para re\u00edr por dentro y, despu\u00e9s re\u00edr hacia fuera.<\/p>\n\n\n\n<p>\u201cEl aguafiestas\u201d est\u00e1 recorriendo los principales teatros de Espa\u00f1a con gran \u00e9xito.<\/p>\n\n\n\n<p>Al d\u00eda siguiente, el martes, 29 de agosto, seguiremos ri\u00e9ndonos con <strong>\u201cCampeones de la comedia\u201d<\/strong>. Un spin off de la pel\u00edcula \u201cCampeones\u201d. Despu\u00e9s de triunfar en el cine llega a los escenarios esta comedia interpretada por Gloria Ramos, -protagonista de la pel\u00edcula ganadora de un Goya-, Emilio Gavira, Claudia Fesser, Luis Mottola y Alberto Nieto.<\/p>\n\n\n\n<p>Una divertida obra teatral y educativa en valores para todos los p\u00fablicos que cuenta con los creadores de \u201cCampeones\u201d\u00bb Javier Fesser y Luis Manso como colaboradores.<\/p>\n\n\n\n<p>Adem\u00e1s de la programaci\u00f3n del Ideal para las pr\u00f3ximas fiestas con un coste de 29.645 euros, la Junta de Gobierno Local ha aprobado los precios p\u00fablicos de las tres funciones, que oscilan entre los 16 y los 22 euros, as\u00ed como los descuentos.<\/p>\n\n\n\n<p>Se establece un 35% descuento sobre el importe total del abono para los tres d\u00edas de teatro. Los mayores de 60 a\u00f1os y los j\u00f3venes con el carn\u00e9 joven tendr\u00e1n un descuento del 20% y del 50% las personas que est\u00e1n desempleadas y presenten el documento acreditativo. Asimismo, se mantiene el precio de 4 euros de la entrada joven para menores de 30 a\u00f1os en el segundo anfiteatro.<\/p>\n\n\n\n<p><strong>Bases de la IX Muestra Nacional de Teatro Aficionado<\/strong><\/p>\n\n\n\n<p>Aprobadas las bases de la IX Muestra Nacional de Teatro aficionado<\/p>\n\n\n\n<p>Podr\u00e1n presentarse todos los grupos no profesionales que lo deseen, entendiendo por tales aquellos inscritos como grupo o asociaci\u00f3n cultural, debiendo acreditar su condici\u00f3n de Asociaci\u00f3n sin \u00e1nimo de lucro.<\/p>\n\n\n\n<p>El importe de estas ayudas a conceder mediante esta convocatoria se financiar\u00e1 con cargo a la partida presupuestaria 3372\/482 Teatro. Becas y premios, por importe m\u00e1ximo de 7.800\u20ac<\/p>\n\n\n\n<p>Cada grupo participante en el certamen percibir\u00e1 la cantidad de 1.000,- \u20ac en concepto de gastos de actuaci\u00f3n. Esta cantidad se incrementar\u00e1 en 200,- \u20ac en concepto de gastos de desplazamiento para aquellos grupos que procedan de&nbsp; lugares situados a m\u00e1s de 200 km. de Calahorra.<\/p>\n\n\n\n<p>El pago de estas cantidades se realizar\u00e1 a cada grupo previa presentaci\u00f3n de la correspondiente factura, que estar\u00e1 exenta de IVA al tratarse siempre de asociaciones culturales sin \u00e1nimo de lucro.<\/p>\n\n\n\n<p>La inscripci\u00f3n se realizar\u00e1 en las oficinas de la OAC, en horario de 8 a 13,30 horas, o por cualquiera de los medios establecidos en el art\u00edculo 16 de la ley 39\/2015 de Procedimiento Administrativo. (Por correo certificado a Centro Cultural De\u00e1n Palacios Calle Rasillo San Francisco, 8, 26500 Calahorra, La Rioja, siempre que el certificado est\u00e9 dentro de la fecha de inscripci\u00f3n).<\/p>\n\n\n\n<p>La convocatoria \u00edntegra se publicar\u00e1 en la Base Nacional de Subvenciones (BDNS), seg\u00fan se determina en el Real Decreto 130\/2019, de 8 de marzo, por el que se regula la Base de Datos Nacional de Subvenciones.<\/p>\n\n\n\n<p>El plazo para presentar los proyectos terminar\u00e1 a las 14,00 horas del d\u00eda 10 de octubre de 2023.<\/p>\n\n\n\n<p> La muestra se desarrollar\u00e1 entre el 20 de enero y el 4 de febrero de 2024 en el Teatro Ideal, reserv\u00e1ndose el Ayuntamiento el derecho de modificar alguna de estas fechas si fuera necesario.<\/p>\n\n\n\n<p><\/p>\n\n\n\n<p><strong>1.109,37 euros para ayudas a la rehabilitaci\u00f3n de viviendas en el Casco Hist\u00f3rico<\/strong><\/p>\n\n\n\n<p>Se ha aprobado la concesi\u00f3n de dos subvenciones para las obras de rehabilitaci\u00f3n de dos viviendas en el Casco Hist\u00f3rico de Calahorra, por importe total de 1.109,37 euros.<\/p>\n\n\n\n<p>Los inmuebles se encuentran en las calles Arrabal 30 y Cavas 44.<\/p>\n\n\n\n<p>Estas subvenciones se recogen en la Ordenanza municipal para la concesi\u00f3n de Ayudas a la Rehabilitaci\u00f3n y Edificaci\u00f3n en el Casco Hist\u00f3rico de la ciudad, que en su art\u00edculo cuarto establece una ayuda del 20% sobre el coste total con un l\u00edmite de 12.0000 euros por actuaci\u00f3n.<\/p>\n\n\n\n<p><strong>Suspensi\u00f3n del plazo de ejecuci\u00f3n del cerramiento y cubrici\u00f3n del yacimiento de \u201cLas Medranas\u201d<\/strong><\/p>\n\n\n\n<p>La Junta de Gobierno Local ha validado el acta de suspensi\u00f3n temporal de las obras de cerramiento y cubrici\u00f3n del yacimiento arqueol\u00f3gico de \u201cLas Medranas\u201d debido a que \u201clos \u00faltimos trabajos del proyecto precisan de determinados elementos met\u00e1licos, cuyo suministro se ha retrasado debido a la escasez de este tipo de suministros en la metalurgia como consecuencia de un contexto de mercado internacional afectado por conflictos continuados de modo que no se garantiza el suministro necesario para continuar las obras hasta el 17 de julio de 2023\u201d, ha informado la empresa adjudicataria de estas obras la UTE Las Medranas.<\/p>\n\n\n\n<p>Esta suspensi\u00f3n tiene efectos desde el d\u00eda 26 de junio hasta el 17 de julio.<\/p>\n\n\n\n<p>El plazo de ejecuci\u00f3n de esta actuaci\u00f3n es de 8 meses.<\/p>\n\n\n\n<p>El cerramiento y&nbsp; cubrici\u00f3n del yacimiento arqueol\u00f3gico \u201cLas Medranas\u201d est\u00e1 cofinanciado al 50% por la Uni\u00f3n Europeo a trav\u00e9s del Fondo Europeo de Desarrollo Regional (FEDER) en el marco del programa Operativo Plurirregional de Espa\u00f1a (POPE) 2014-2020.<\/p>\n\n\n\n<p><strong>Fin de la suspensi\u00f3n del contrato para la renovaci\u00f3n de la E.T.A.P.<\/strong><\/p>\n\n\n\n<p>En la misma sesi\u00f3n se ha dado el visto bueno al fin de la suspensi\u00f3n temporal del contrato de obras para la renovaci\u00f3n de las tuber\u00edas de&nbsp; impulsi\u00f3n de la Estaci\u00f3n de Tratamiento de Agua Potable (E.T.A.P.), entre el 29 de mayo y el 10 de julio 2023.<\/p>\n\n\n\n<p>Los trabajos ya se han reanudado y tendr\u00e1n que finalizar antes del pr\u00f3ximo 28 de julio.<\/p>\n\n\n\n<p>El acta de suspensi\u00f3n temporal se formaliz\u00f3 debido a que el contratista necesitaba unas tapas de acero galvanizado y una escalera de acceso a arquetas para las que nos dispon\u00eda de un plazo de entrega.<\/p>\n\n\n\n<p>Las obras, que est\u00e1 llevando a cabo FCC Aqualia S.A., consisten en la renovaci\u00f3n de la tuber\u00eda de impulsi\u00f3n desde el inicio en el punto de salida del colector de las bombas hasta el exterior de la parcela y la construcci\u00f3n de una nueva arqueta de bifurcaci\u00f3n de grandes dimensiones para distribuir los dos ramales.<\/p>\n\n\n\n<p>La inversi\u00f3n asciende a 172.190,43 euros.<\/p>\n\n\n\n<p><strong>Solicitud subvenci\u00f3n para la agente de promoci\u00f3n empleo local<\/strong><\/p>\n\n\n\n<p>El Ayuntamiento de Calahorra ha solicitado una subvenci\u00f3n de 15.000 euros al Gobierno de La Rioja para la contrataci\u00f3n de un agente de promoci\u00f3n de empleo local para el periodo comprendido entre 22 de noviembre de 2023 y el 21 de noviembre de 2024.<\/p>\n\n\n\n<p><strong>Desierto el contrato de gesti\u00f3n de la E.M.M. \u201cMaestro Arroyo\u201d<\/strong><\/p>\n\n\n\n<p>La Junta de Gobierno Local ha declarado desierta la convocatoria de licitaci\u00f3n para la adjudicaci\u00f3n del contrato de servicios de educaci\u00f3n para el desarrollo de actividades docentes en la Escuela Municipal de M\u00fasica \u201cMaestro Arroyo\u201d por falta de licitadores.<\/p>\n\n\n\n<p>Por lo que el Ayuntamiento de Calahorra volver\u00e1 a sacar a contrataci\u00f3n este servicio.<\/p>\n\n\n\n<p><strong>Contratado el rider t\u00e9cnico para el concierto de \u201cMaldita Nerea\u201d<\/strong><\/p>\n\n\n\n<p>Gradual Events S.L. ser\u00e1 la empresa que preste los servicios t\u00e9cnicos (rider t\u00e9cnico) del concierto del grupo \u201cMaldita Nerea\u201d el 27 de agosto en nuestra ciudad. Es la principal actuaci\u00f3n musical de las fiestas patronales de agosto.<\/p>\n\n\n\n<p>El precio de adjudicaci\u00f3n es de 17.666 euros, IVA incluido.<\/p>\n","protected":false},"excerpt":{"rendered":"","protected":false},"author":1,"featured_media":105921,"comment_status":"open","ping_status":"open","sticky":false,"template":"","format":"standard","meta":{"colormag_page_container_layout":"default_layout","colormag_page_sidebar_layout":"default_layout","om_disable_all_campaigns":false,"_monsterinsights_skip_tracking":false,"_monsterinsights_sitenote_active":false,"_monsterinsights_sitenote_note":"","_monsterinsights_sitenote_category":0,"footnotes":""},"categories":[4],"tags":[747,16,12,785],"class_list":["post-105920","post","type-post","status-publish","format-standard","has-post-thumbnail","hentry","category-calahorra","tag-ayuntamiento","tag-calahorra","tag-escaparate","tag-junta-gobierno-local"],"aioseo_notices":[],"_links":{"self":[{"href":"https:\/\/www.yoleoescaparate.com\/index.php?rest_route=\/wp\/v2\/posts\/105920","targetHints":{"allow":["GET"]}}],"collection":[{"href":"https:\/\/www.yoleoescaparate.com\/index.php?rest_route=\/wp\/v2\/posts"}],"about":[{"href":"https:\/\/www.yoleoescaparate.com\/index.php?rest_route=\/wp\/v2\/types\/post"}],"author":[{"embeddable":true,"href":"https:\/\/www.yoleoescaparate.com\/index.php?rest_route=\/wp\/v2\/users\/1"}],"replies":[{"embeddable":true,"href":"https:\/\/www.yoleoescaparate.com\/index.php?rest_route=%2Fwp%2Fv2%2Fcomments&post=105920"}],"version-history":[{"count":0,"href":"https:\/\/www.yoleoescaparate.com\/index.php?rest_route=\/wp\/v2\/posts\/105920\/revisions"}],"wp:featuredmedia":[{"embeddable":true,"href":"https:\/\/www.yoleoescaparate.com\/index.php?rest_route=\/wp\/v2\/media\/105921"}],"wp:attachment":[{"href":"https:\/\/www.yoleoescaparate.com\/index.php?rest_route=%2Fwp%2Fv2%2Fmedia&parent=105920"}],"wp:term":[{"taxonomy":"category","embeddable":true,"href":"https:\/\/www.yoleoescaparate.com\/index.php?rest_route=%2Fwp%2Fv2%2Fcategories&post=105920"},{"taxonomy":"post_tag","embeddable":true,"href":"https:\/\/www.yoleoescaparate.com\/index.php?rest_route=%2Fwp%2Fv2%2Ftags&post=105920"}],"curies":[{"name":"wp","href":"https:\/\/api.w.org\/{rel}","templated":true}]}}