{"id":106536,"date":"2023-09-14T12:54:16","date_gmt":"2023-09-14T10:54:16","guid":{"rendered":"https:\/\/www.yoleoescaparate.com\/?p=106536"},"modified":"2023-09-14T12:54:18","modified_gmt":"2023-09-14T10:54:18","slug":"dia-del-deporte-en-san-adrian","status":"publish","type":"post","link":"https:\/\/www.yoleoescaparate.com\/?p=106536","title":{"rendered":"D\u00eda del deporte en San Adri\u00e1n"},"content":{"rendered":"\n<!--more-->\n\n\n\n<p>De nuevo, el Ayuntamiento de San Adri\u00e1n saca el deporte a la calle el pr\u00f3ximo domingo 17 de septiembre para celebrar el D\u00eda del Deporte.\u00a0 Una jornada que estar\u00e1 marcada por la novedad de los premios a los \u201cJ\u00f3venes Deportistas\u201d.<\/p>\n\n\n\n<p>El evento tendr\u00e1 lugar en el Parque de \u201cLas Se\u00f1oritas\u201d. Ser\u00e1 all\u00ed donde, desde las 9:30 de la ma\u00f1ana la gran diversidad de clubes del municipio realizar\u00e1 diversas actividades y exhibiciones con el fin de acercar el deporte a peque\u00f1os y mayores.<\/p>\n\n\n\n<p>Este a\u00f1o la principal novedad que presenta en nuevo concejo es la entrega de premios a \u201cJ\u00f3venes Deportistas\u201d. Un reconocimiento al que optar\u00e1n los deportistas menores de 16 a\u00f1os de San Adri\u00e1n y para el que se ha contado con la valoraci\u00f3n y colaboraci\u00f3n de los distintos clubes.<\/p>\n\n\n\n<p>Del mismo modo, el deporte continuar\u00e1 por la tarde en el R\u00edo Ebro donde el kayak y la pesca ser\u00e1n los protagonistas.<\/p>\n","protected":false},"excerpt":{"rendered":"","protected":false},"author":1,"featured_media":106537,"comment_status":"open","ping_status":"open","sticky":false,"template":"","format":"standard","meta":{"colormag_page_container_layout":"default_layout","colormag_page_sidebar_layout":"default_layout","om_disable_all_campaigns":false,"_monsterinsights_skip_tracking":false,"_monsterinsights_sitenote_active":false,"_monsterinsights_sitenote_note":"","_monsterinsights_sitenote_category":0,"footnotes":""},"categories":[11],"tags":[234,12,810,22],"class_list":["post-106536","post","type-post","status-publish","format-standard","has-post-thumbnail","hentry","category-san-adrian","tag-deporte","tag-escaparate","tag-jovenes","tag-san-adrian"],"aioseo_notices":[],"_links":{"self":[{"href":"https:\/\/www.yoleoescaparate.com\/index.php?rest_route=\/wp\/v2\/posts\/106536","targetHints":{"allow":["GET"]}}],"collection":[{"href":"https:\/\/www.yoleoescaparate.com\/index.php?rest_route=\/wp\/v2\/posts"}],"about":[{"href":"https:\/\/www.yoleoescaparate.com\/index.php?rest_route=\/wp\/v2\/types\/post"}],"author":[{"embeddable":true,"href":"https:\/\/www.yoleoescaparate.com\/index.php?rest_route=\/wp\/v2\/users\/1"}],"replies":[{"embeddable":true,"href":"https:\/\/www.yoleoescaparate.com\/index.php?rest_route=%2Fwp%2Fv2%2Fcomments&post=106536"}],"version-history":[{"count":0,"href":"https:\/\/www.yoleoescaparate.com\/index.php?rest_route=\/wp\/v2\/posts\/106536\/revisions"}],"wp:featuredmedia":[{"embeddable":true,"href":"https:\/\/www.yoleoescaparate.com\/index.php?rest_route=\/wp\/v2\/media\/106537"}],"wp:attachment":[{"href":"https:\/\/www.yoleoescaparate.com\/index.php?rest_route=%2Fwp%2Fv2%2Fmedia&parent=106536"}],"wp:term":[{"taxonomy":"category","embeddable":true,"href":"https:\/\/www.yoleoescaparate.com\/index.php?rest_route=%2Fwp%2Fv2%2Fcategories&post=106536"},{"taxonomy":"post_tag","embeddable":true,"href":"https:\/\/www.yoleoescaparate.com\/index.php?rest_route=%2Fwp%2Fv2%2Ftags&post=106536"}],"curies":[{"name":"wp","href":"https:\/\/api.w.org\/{rel}","templated":true}]}}