{"id":107414,"date":"2023-10-11T09:53:26","date_gmt":"2023-10-11T07:53:26","guid":{"rendered":"https:\/\/www.yoleoescaparate.com\/?p=107414"},"modified":"2023-10-11T09:53:27","modified_gmt":"2023-10-11T07:53:27","slug":"los-alumnos-que-realicen-la-prueba-de-acceso-a-la-universidad-tendran-el-mismo-numero-de-examenes-que-en-cursos-anteriores","status":"publish","type":"post","link":"https:\/\/www.yoleoescaparate.com\/?p=107414","title":{"rendered":"Los alumnos que realicen la prueba de acceso a la universidad tendr\u00e1n el mismo n\u00famero de ex\u00e1menes que en cursos anteriores"},"content":{"rendered":"\n<!--more-->\n\n\n\n<p>El borrador de la Orden por la que se determinan las caracter\u00edsticas, el dise\u00f1o y el contenido de la evaluaci\u00f3n de Bachillerato para el acceso a la universidad para el curso 2023-2024 se ha presentado hoy por el Ministerio de Educaci\u00f3n y Formaci\u00f3n Profesional y el de Universidades a estudiantes, familias, directores de instituto, comunidades aut\u00f3nomas y universidades.<br>El documento ser\u00e1 sometido a exposici\u00f3n p\u00fablica desde hoy, momento en el cual los colectivos interesados podr\u00e1n hacer llegar sus consideraciones y aportaciones al mismo.<br>Se mantiene el mismo n\u00famero de materias a examen que en cursos anteriores: la obligatoria de la modalidad y tres comunes (cuatro en el caso de las comunidades aut\u00f3nomas con lengua cooficial).<br>Los estudiantes que se presenten a la EBAU se examinar\u00e1n de Lengua Castellana y Literatura II, Lengua Extranjera II y la materia espec\u00edfica obligatoria de la modalidad. En las comunidades aut\u00f3nomas con lengua cooficial, tambi\u00e9n lo har\u00e1n de esa materia. En cumplimiento de la Ley educativa, los alumnos y alumnas deber\u00e1n elegir si examinarse de Historia de Espa\u00f1a o Historia de la Filosof\u00eda.<br>Aquellos que deseen subir su nota de admisi\u00f3n podr\u00e1n tambi\u00e9n examinarse de, al menos, otras dos materias de modalidad de segundo curso de Bachillerato. Asimismo, el alumnado podr\u00e1 examinarse de una segunda lengua extranjera distinta de la que hubiera cursado como materia com\u00fan y la nota podr\u00e1 ser tenida en cuenta por las universidades en el proceso de admisi\u00f3n.<br>El borrador de la Orden solo recoge los cambios m\u00ednimos necesarios para adaptarla a la Ley de Educaci\u00f3n y a los nuevos curr\u00edculos ya que, tal y como se inform\u00f3 el pasado mes de agosto, la implantaci\u00f3n de la nueva EBAU queda aplazada hasta la formaci\u00f3n de nuevo gobierno.<br>Por tanto, las pruebas evaluar\u00e1n el grado de adquisici\u00f3n de las competencias espec\u00edficas de las correspondientes materias de los nuevos curr\u00edculos a trav\u00e9s de la aplicaci\u00f3n de los criterios de evaluaci\u00f3n recogidos en el Real Decreto que establece la ordenaci\u00f3n y las ense\u00f1anzas m\u00ednimas del Bachillerato, que constituir\u00e1 el marco de referencia para determinar su contenido.<br>Cabe destacar que, en este curso, por primera vez, se presentar\u00e1n a la prueba los estudiantes que hayan cursado la nueva modalidad de Bachillerato general, introducida por la Ley de Educaci\u00f3n aprobada en 2020.<br>El texto tambi\u00e9n recoge las fechas en las que las comunidades aut\u00f3nomas deber\u00e1n convocar las pruebas. En el caso de la convocatoria ordinaria, los ex\u00e1menes deber\u00e1n realizarse antes del 14 de junio y los resultados deber\u00e1n publicarse antes del 28 de ese mismo mes. En el caso de la extraordinaria, las CCAA que decidan hacerla en julio, deber\u00e1n hacerlo antes del d\u00eda 12 y publicar los resultados antes del 19. Si escogen septiembre, las fechas l\u00edmite ser\u00e1n el 13 y el 20.<\/p>\n","protected":false},"excerpt":{"rendered":"","protected":false},"author":1,"featured_media":107415,"comment_status":"open","ping_status":"open","sticky":false,"template":"","format":"standard","meta":{"colormag_page_container_layout":"default_layout","colormag_page_sidebar_layout":"default_layout","om_disable_all_campaigns":false,"_monsterinsights_skip_tracking":false,"_monsterinsights_sitenote_active":false,"_monsterinsights_sitenote_note":"","_monsterinsights_sitenote_category":0,"footnotes":""},"categories":[21],"tags":[429,12,983,64,1055],"class_list":["post-107414","post","type-post","status-publish","format-standard","has-post-thumbnail","hentry","category-la-rioja","tag-ebau","tag-escaparate","tag-examenes","tag-la-rioja","tag-universidad"],"aioseo_notices":[],"_links":{"self":[{"href":"https:\/\/www.yoleoescaparate.com\/index.php?rest_route=\/wp\/v2\/posts\/107414","targetHints":{"allow":["GET"]}}],"collection":[{"href":"https:\/\/www.yoleoescaparate.com\/index.php?rest_route=\/wp\/v2\/posts"}],"about":[{"href":"https:\/\/www.yoleoescaparate.com\/index.php?rest_route=\/wp\/v2\/types\/post"}],"author":[{"embeddable":true,"href":"https:\/\/www.yoleoescaparate.com\/index.php?rest_route=\/wp\/v2\/users\/1"}],"replies":[{"embeddable":true,"href":"https:\/\/www.yoleoescaparate.com\/index.php?rest_route=%2Fwp%2Fv2%2Fcomments&post=107414"}],"version-history":[{"count":0,"href":"https:\/\/www.yoleoescaparate.com\/index.php?rest_route=\/wp\/v2\/posts\/107414\/revisions"}],"wp:featuredmedia":[{"embeddable":true,"href":"https:\/\/www.yoleoescaparate.com\/index.php?rest_route=\/wp\/v2\/media\/107415"}],"wp:attachment":[{"href":"https:\/\/www.yoleoescaparate.com\/index.php?rest_route=%2Fwp%2Fv2%2Fmedia&parent=107414"}],"wp:term":[{"taxonomy":"category","embeddable":true,"href":"https:\/\/www.yoleoescaparate.com\/index.php?rest_route=%2Fwp%2Fv2%2Fcategories&post=107414"},{"taxonomy":"post_tag","embeddable":true,"href":"https:\/\/www.yoleoescaparate.com\/index.php?rest_route=%2Fwp%2Fv2%2Ftags&post=107414"}],"curies":[{"name":"wp","href":"https:\/\/api.w.org\/{rel}","templated":true}]}}