{"id":109552,"date":"2024-01-03T12:19:17","date_gmt":"2024-01-03T11:19:17","guid":{"rendered":"https:\/\/www.yoleoescaparate.com\/?p=109552"},"modified":"2024-01-03T12:19:19","modified_gmt":"2024-01-03T11:19:19","slug":"el-centro-del-envase-y-el-embalaje-empieza-a-funcionar-en-calahorra","status":"publish","type":"post","link":"https:\/\/www.yoleoescaparate.com\/?p=109552","title":{"rendered":"El Centro del Envase y el Embalaje empieza a funcionar en Calahorra"},"content":{"rendered":"\n<!--more-->\n\n\n\n<p>La consejera de Econom\u00eda, Innovaci\u00f3n, Empresa y Trabajo Aut\u00f3nomo, Belinda Le\u00f3n, y la alcaldesa de Calahorra, M\u00f3nica Arceiz, han visitado la ubicaci\u00f3n provisional en la que ha empezado a funcionar el Centro del Envase y el Embalaje, con diferentes proyectos y l\u00edneas de investigaci\u00f3n ya en marcha.<\/p>\n\n\n\n<p>Le\u00f3n ha destacado que se han optimizado todos los recursos p\u00fablicos para que Calahorra cuente con este centro donde provisionalmente desarrollar proyectos relacionados con el envase y ha celebrado que \u201choy podemos ofrecer a los riojanos realidades, un centro abierto, donde est\u00e1n las m\u00e1quinas que se hab\u00edan comprado antes de tener un espacio donde ubicarlas, con personal trabajando, y pr\u00f3ximamente en unas instalaciones definitivas en las que trabajamos para poder contar con ellas cuanto antes\u201d. Pr\u00f3ximamente, ha apuntado \u201cse incorporar\u00e1 m\u00e1s personal al centro, que cuenta con 6 trabajadores, as\u00ed como nueva maquinaria que va a permitir ofrecer a las empresas los servicios para los que est\u00e1 pensado este centro\u201d.<\/p>\n\n\n\n<p>En este sentido, durante la vista se ha explicado que se encuentran en progreso un proyecto europeo en cascada para el reciclado mec\u00e1nico de residuos industriales y un acuerdo de colaboraci\u00f3n con Ecoembes para desarrollar un Observatorio del Envase del Futuro, un sistema de vigilancia tecnol\u00f3gica para que todas las empresas est\u00e9n al d\u00eda de las novedades del sector del envase y las tendencias de futuro. En tiempo r\u00e9cord, el Gobierno de La Rioja ha hecho los deberes y ha encontrado una ubicaci\u00f3n temporal para acoger un proyecto modulado y redimensionado a las necesidades del sector empresarial, con el que siempre se cuenta para trabajar conjuntamente.<\/p>\n\n\n\n<p>Belinda Le\u00f3n ha asegurado que el Gobierno de La Rioja en paralelo, el Gobierno de La Rioja sigue trabajando para que Calahorra sea la sede definitiva del Centro del Envase y el Embalaje en El Recuenco. En este sentido, ha emplazado al Ministerio a agilizar \u201clas reuniones que ya hemos pedido de manera reiterada al Ministerio, hasta ahora sin respuesta\u201d, ha concluido.<\/p>\n\n\n\n<p>Por su parte, la alcaldesa, M\u00f3nica Arceiz, ha apuntado que \u201ces una muy buena noticia para la ciudad de Calahorra que, por fin, hoy el Centro del Envase y el Embalaje, es una realidad y lo es aqu\u00ed en Calahorra. Ya est\u00e1n la maquinaria y el personal. Desde el Ayuntamiento seguiremos colaborando con el Gobierno de La Rioja para que el Centro del Envase y el Embalaje se instale de manera definitivamente en el pol\u00edgono El Recuenco\u201d.<\/p>\n\n\n\n<p>La nave actual, ubicada en el pol\u00edgono Tejer\u00edas Norte de Calahorra, dispone de una l\u00ednea de fabricaci\u00f3n de <em>film<\/em> (de hasta cinco capas), equipos de cromatograf\u00eda (garantes de la seguridad alimentaria, analizando la migraci\u00f3n de diferentes aditivos del envase al producto), una m\u00e1quina <em>compound<\/em> para realizar mezclas de pl\u00e1sticos y una l\u00ednea de fabricaci\u00f3n de pellets. Adem\u00e1s, est\u00e1 prevista la instalaci\u00f3n inminente de un medidor de permeabilidad de ox\u00edgeno. Actualmente, seis personas est\u00e1n trabajando en los proyectos y l\u00edneas de investigaci\u00f3n.<\/p>\n","protected":false},"excerpt":{"rendered":"","protected":false},"author":1,"featured_media":109553,"comment_status":"open","ping_status":"open","sticky":false,"template":"","format":"standard","meta":{"colormag_page_container_layout":"default_layout","colormag_page_sidebar_layout":"default_layout","om_disable_all_campaigns":false,"_monsterinsights_skip_tracking":false,"_monsterinsights_sitenote_active":false,"_monsterinsights_sitenote_note":"","_monsterinsights_sitenote_category":0,"footnotes":""},"categories":[4],"tags":[16,1705,12,1706],"class_list":["post-109552","post","type-post","status-publish","format-standard","has-post-thumbnail","hentry","category-calahorra","tag-calahorra","tag-centro-del-envase-y-el-embalaje","tag-escaparate","tag-poligono-tejerias-sur"],"aioseo_notices":[],"_links":{"self":[{"href":"https:\/\/www.yoleoescaparate.com\/index.php?rest_route=\/wp\/v2\/posts\/109552","targetHints":{"allow":["GET"]}}],"collection":[{"href":"https:\/\/www.yoleoescaparate.com\/index.php?rest_route=\/wp\/v2\/posts"}],"about":[{"href":"https:\/\/www.yoleoescaparate.com\/index.php?rest_route=\/wp\/v2\/types\/post"}],"author":[{"embeddable":true,"href":"https:\/\/www.yoleoescaparate.com\/index.php?rest_route=\/wp\/v2\/users\/1"}],"replies":[{"embeddable":true,"href":"https:\/\/www.yoleoescaparate.com\/index.php?rest_route=%2Fwp%2Fv2%2Fcomments&post=109552"}],"version-history":[{"count":0,"href":"https:\/\/www.yoleoescaparate.com\/index.php?rest_route=\/wp\/v2\/posts\/109552\/revisions"}],"wp:featuredmedia":[{"embeddable":true,"href":"https:\/\/www.yoleoescaparate.com\/index.php?rest_route=\/wp\/v2\/media\/109553"}],"wp:attachment":[{"href":"https:\/\/www.yoleoescaparate.com\/index.php?rest_route=%2Fwp%2Fv2%2Fmedia&parent=109552"}],"wp:term":[{"taxonomy":"category","embeddable":true,"href":"https:\/\/www.yoleoescaparate.com\/index.php?rest_route=%2Fwp%2Fv2%2Fcategories&post=109552"},{"taxonomy":"post_tag","embeddable":true,"href":"https:\/\/www.yoleoescaparate.com\/index.php?rest_route=%2Fwp%2Fv2%2Ftags&post=109552"}],"curies":[{"name":"wp","href":"https:\/\/api.w.org\/{rel}","templated":true}]}}