{"id":110109,"date":"2024-01-26T07:50:13","date_gmt":"2024-01-26T06:50:13","guid":{"rendered":"https:\/\/www.yoleoescaparate.com\/?p=110109"},"modified":"2024-01-26T07:50:23","modified_gmt":"2024-01-26T06:50:23","slug":"flor-de-vino-primer-premio-del-xxv-concurso-de-fotografia-el-rioja-y-los-5-sentidos","status":"publish","type":"post","link":"https:\/\/www.yoleoescaparate.com\/?p=110109","title":{"rendered":"\u2018Flor de Vino\u2019, primer premio del XXV Concurso de Fotograf\u00eda \u2018El Rioja y los 5 Sentidos\u2019"},"content":{"rendered":"\n<!--more-->\n\n\n\n<p>Ayer se inauguraba la exposici\u00f3n fotogr\u00e1fica del XXV Concurso de Fotograf\u00eda &#8216;El Rioja y los 5 sentidos&#8217;, que recoge las obras ganadoras de esta edici\u00f3n del certamen y una selecci\u00f3n de las im\u00e1genes participantes, y que podr\u00e1 visitarse en el Centro Fundaci\u00f3n Caja Rioja La Merced de Logro\u00f1o, desde el 25 de enero al 24 de febrero, en horario de 18 a 21 horas, salvo domingos y festivos. Esta exposici\u00f3n itinerante recorrer\u00e1 todos los centros de la Fundaci\u00f3n Caja Rioja de La Rioja.<\/p>\n\n\n\n<p>Cumplir 25 a\u00f1os supone la mejor prueba del potencial y consolidaci\u00f3n de este concurso para exportar al mundo el paisaje, territorio y singularidad de La Rioja. El certamen, abierto a aficionados y profesionales donde cada autor pod\u00eda presentar un m\u00e1ximo de tres fotograf\u00edas, busca resaltar el mundo y paisaje del vino de Rioja en cualquiera de sus disciplinas: vendimia, elaboraci\u00f3n, bodegas, personajes, bodegones, consumo, historia, paisaje, etc\u00e9tera.<\/p>\n\n\n\n<p>Con la fotograf\u00eda como expresi\u00f3n, este concurso permite comunicar los valores y el atractivo de la marca de La Rioja, as\u00ed como sus recursos tur\u00edsticos, pueblos y actividades. De esta forma, se han presentado al concurso 338 obras pertenecientes a 121 participantes de Espa\u00f1a, Argentina, M\u00e9xico, Brasil, Italia y Portugal.<\/p>\n\n\n\n<p>Al acto de apertura han acudido el director general de Desarrollo Rural, David Mart\u00edn, y el gerente de la Fundaci\u00f3n Caja Rioja, Carlos Fuentes. Esta iniciativa est\u00e1 impulsada por el Gobierno de La Rioja, a trav\u00e9s de la Consejer\u00eda de Agricultura, Ganader\u00eda, Mundo Rural y Medio Ambiente, en colaboraci\u00f3n con la Fundaci\u00f3n Caja Rioja y la Agrupaci\u00f3n Fotogr\u00e1fica de La Rioja.<\/p>\n\n\n\n<p>La obra \u2018Flor de Vino\u2019, del logro\u00f1\u00e9s Jonatan Narro \u00cd\u00f1iguez, ha obtenido el primer premio del XXV Concurso Internacional de Fotograf\u00eda sobre Vino \u2018El Rioja y los 5 Sentidos\u2019, dotado con 1.600 euros.<\/p>\n\n\n\n<p>El segundo premio, de 900 euros, ha reca\u00eddo en la obra \u2018Sinfon\u00eda de Zarcillos\u2019, de Vladimiro Garc\u00eda Villaverde, de Hondarribia (Guip\u00fazcoa); mientras que el tercero, de 500 euros, ha sido para Juan Miguel Ortu\u00f1o, de Yecla (Murcia), por su obra \u2018El Descube\u2019.<\/p>\n\n\n\n<p><strong>Premio Especial \u2018#productoriojano\u2019<\/strong><\/p>\n\n\n\n<p>El Premio Especial #productoriojano, dotado con 500 euros, y establecido en la edici\u00f3n anterior del concurso con el fin de generar de forma expl\u00edcita im\u00e1genes en las que el vino comparta protagonismo con los productos agroalimentarios de La Rioja y su culinaria o gastronom\u00eda, ha reca\u00eddo en la obra \u2018El vino y la nuez\u2019, de \u00c1ngel Benito Zapata, de Logro\u00f1o.<\/p>\n\n\n\n<p>Los dos acc\u00e9sits, dotados con 200 euros cada uno, han sido para las obras \u2018Un buen estrujado\u2019, de Jos\u00e9 Luis M\u00e9ndez, de Santa Cruz de Tenerife, y \u2018Drops\u2019, de Zamuel Alfonso, de San Crist\u00f3bal de La Laguna, tambi\u00e9n en Tenerife.<\/p>\n\n\n\n<p><strong>La muestra visitar\u00e1 los centros de Fundaci\u00f3n Caja Rioja<\/strong><\/p>\n\n\n\n<p>De los 121 participantes, 110 proceden de Espa\u00f1a, cuatro de Argentina, cuatro de M\u00e9xico, uno de Brasil, uno de Italia y otro de Portugal. En cuanto a la participaci\u00f3n espa\u00f1ola, la mayor parte de los autores proced\u00edan de La Rioja (47), seguidos de Castilla-La Mancha (9), Catalu\u00f1a (9) y Pa\u00eds Vasco (9). Tambi\u00e9n se han presentado fot\u00f3grafos de Madrid (7), Andaluc\u00eda (5), Arag\u00f3n (5), Comunidad Valenciana (5), Castilla y Le\u00f3n (3), Navarra (3), Asturias (2), Islas Canarias (2), Cantabria (1), Extremadura (1), Galicia (1) y Murcia (1).<\/p>\n\n\n\n<p>La muestra visitar\u00e1 los centros de Fundaci\u00f3n Caja Rioja de Santo Domingo de la Calzada (del 27 de febrero al 16 de marzo), de Haro (del 18 de marzo al 13 de abril), de Calahorra (del 20 de noviembre al 4 de diciembre) y de Arnedo (del 10 al 30 de diciembre. Asimismo, Fundaci\u00f3n Caja Rioja la incorporar\u00e1 a las localidades que se sumen a Aprender, el programa de dinamizaci\u00f3n cultural en el medio rural.<\/p>\n\n\n\n<p><strong>Edici\u00f3n anterior<\/strong><\/p>\n\n\n\n<p>En la anterior edici\u00f3n del concurso, a la que se presentaron 276 im\u00e1genes de 103 autores de Espa\u00f1a, Argentina y Brasil, result\u00f3 ganadora la obra Atracci\u00f3n, de Juan Miguel Ortu\u00f1o, de Yecla (Murcia), mientras que el segundo premio recay\u00f3 en Degustaci\u00f3n, de \u00c1ngel Atanasio Rinc\u00f3n, de Alc\u00e1zar de San Juan (Ciudad Real), y el tercero, en La musa del bouquete, de Jos\u00e9 Reyes Belzunce, de Sant Boi de Llobregat (Barcelona).<\/p>\n\n\n\n<p>Adem\u00e1s, el jurado entreg\u00f3 dos acc\u00e9sits, de 200 euros cada uno, a las obras \u2018Sola\u2019, de Sonia Prieto, de Vitoria (\u00c1lava), y \u2018Desde el viejo cortijo\u2019, de Francisco Javier Dom\u00ednguez, de Jerez de la Frontera (C\u00e1diz), por diferenciarse del resto de fotograf\u00edas presentadas. El premio especial #productoriojano, novedad en esa edici\u00f3n, fue para Miguel Monasterio, de Alpedrete (Madrid) por su obra \u2018Barroco\u2019.<\/p>\n","protected":false},"excerpt":{"rendered":"","protected":false},"author":1,"featured_media":110110,"comment_status":"open","ping_status":"open","sticky":false,"template":"","format":"standard","meta":{"colormag_page_container_layout":"default_layout","colormag_page_sidebar_layout":"default_layout","om_disable_all_campaigns":false,"_monsterinsights_skip_tracking":false,"_monsterinsights_sitenote_active":false,"_monsterinsights_sitenote_note":"","_monsterinsights_sitenote_category":0,"footnotes":""},"categories":[21],"tags":[1024,12,64,359],"class_list":["post-110109","post","type-post","status-publish","format-standard","has-post-thumbnail","hentry","category-la-rioja","tag-el-rioja-y-los-5-sentidos","tag-escaparate","tag-la-rioja","tag-premios"],"aioseo_notices":[],"_links":{"self":[{"href":"https:\/\/www.yoleoescaparate.com\/index.php?rest_route=\/wp\/v2\/posts\/110109","targetHints":{"allow":["GET"]}}],"collection":[{"href":"https:\/\/www.yoleoescaparate.com\/index.php?rest_route=\/wp\/v2\/posts"}],"about":[{"href":"https:\/\/www.yoleoescaparate.com\/index.php?rest_route=\/wp\/v2\/types\/post"}],"author":[{"embeddable":true,"href":"https:\/\/www.yoleoescaparate.com\/index.php?rest_route=\/wp\/v2\/users\/1"}],"replies":[{"embeddable":true,"href":"https:\/\/www.yoleoescaparate.com\/index.php?rest_route=%2Fwp%2Fv2%2Fcomments&post=110109"}],"version-history":[{"count":0,"href":"https:\/\/www.yoleoescaparate.com\/index.php?rest_route=\/wp\/v2\/posts\/110109\/revisions"}],"wp:featuredmedia":[{"embeddable":true,"href":"https:\/\/www.yoleoescaparate.com\/index.php?rest_route=\/wp\/v2\/media\/110110"}],"wp:attachment":[{"href":"https:\/\/www.yoleoescaparate.com\/index.php?rest_route=%2Fwp%2Fv2%2Fmedia&parent=110109"}],"wp:term":[{"taxonomy":"category","embeddable":true,"href":"https:\/\/www.yoleoescaparate.com\/index.php?rest_route=%2Fwp%2Fv2%2Fcategories&post=110109"},{"taxonomy":"post_tag","embeddable":true,"href":"https:\/\/www.yoleoescaparate.com\/index.php?rest_route=%2Fwp%2Fv2%2Ftags&post=110109"}],"curies":[{"name":"wp","href":"https:\/\/api.w.org\/{rel}","templated":true}]}}