{"id":110513,"date":"2024-02-08T13:44:49","date_gmt":"2024-02-08T12:44:49","guid":{"rendered":"https:\/\/www.yoleoescaparate.com\/?p=110513"},"modified":"2024-02-08T13:44:51","modified_gmt":"2024-02-08T12:44:51","slug":"la-salle-el-pilar-centro-referente-en-educacion-en-derechos-de-la-infancia","status":"publish","type":"post","link":"https:\/\/www.yoleoescaparate.com\/?p=110513","title":{"rendered":"La Salle el Pilar Centro Referente en Educaci\u00f3n en Derechos de la Infancia"},"content":{"rendered":"\n<!--more-->\n\n\n\n<p>En la ma\u00f1ana de ayer, una representaci\u00f3n del colegio, encabezada por nuestra directora D\u00f1a. Beatriz Abad\u00edas, ha recibido en la Consejer\u00eda de Educaci\u00f3n el reconocimiento como Centro Referente en Educaci\u00f3n en Derechos de la Infancia, nivel 2, que nos hace Unicef.<\/p>\n\n\n\n<p>Ante el consejero de Educaci\u00f3n Don Alberto Galiana, y la presidenta del Comit\u00e9 UNICEF La Rioja, D\u00f1a. Mar\u00eda Luisa Poch, los alumnos Paula Jim\u00e9nez Y Ra\u00fal Ordoyo han pronunciado un discurso en el que han destacado qu\u00e9 significa para el colegio funcionar en clave de educaci\u00f3n en los Derechos de la Infancia.<\/p>\n\n\n\n<p>Cuanto mayor es el conocimiento sobre estos derechos, mayores son las oportunidades que se ofrecen a los ni\u00f1os y ni\u00f1as de opinar, proponer y hacer cosas para el bien de todos, como ciudadanos del presente y del futuro.<\/p>\n\n\n\n<p>Desde el colegio aseguran que la Convenci\u00f3n sobre los Derechos del Ni\u00f1o es un marco ideal para dar una respuesta adecuada a la infancia y a la adolescencia. Por ello siguen dando pasos en este provechoso camino de la mano de Unicef.<\/p>\n","protected":false},"excerpt":{"rendered":"","protected":false},"author":1,"featured_media":110514,"comment_status":"open","ping_status":"open","sticky":false,"template":"","format":"standard","meta":{"colormag_page_container_layout":"default_layout","colormag_page_sidebar_layout":"default_layout","om_disable_all_campaigns":false,"_monsterinsights_skip_tracking":false,"_monsterinsights_sitenote_active":false,"_monsterinsights_sitenote_note":"","_monsterinsights_sitenote_category":0,"footnotes":""},"categories":[5],"tags":[72,12,218,1502,1501],"class_list":["post-110513","post","type-post","status-publish","format-standard","has-post-thumbnail","hentry","category-alfaro","tag-alfaro","tag-escaparate","tag-la-salle-el-pilar","tag-reconocimiento","tag-unicef"],"aioseo_notices":[],"_links":{"self":[{"href":"https:\/\/www.yoleoescaparate.com\/index.php?rest_route=\/wp\/v2\/posts\/110513","targetHints":{"allow":["GET"]}}],"collection":[{"href":"https:\/\/www.yoleoescaparate.com\/index.php?rest_route=\/wp\/v2\/posts"}],"about":[{"href":"https:\/\/www.yoleoescaparate.com\/index.php?rest_route=\/wp\/v2\/types\/post"}],"author":[{"embeddable":true,"href":"https:\/\/www.yoleoescaparate.com\/index.php?rest_route=\/wp\/v2\/users\/1"}],"replies":[{"embeddable":true,"href":"https:\/\/www.yoleoescaparate.com\/index.php?rest_route=%2Fwp%2Fv2%2Fcomments&post=110513"}],"version-history":[{"count":0,"href":"https:\/\/www.yoleoescaparate.com\/index.php?rest_route=\/wp\/v2\/posts\/110513\/revisions"}],"wp:featuredmedia":[{"embeddable":true,"href":"https:\/\/www.yoleoescaparate.com\/index.php?rest_route=\/wp\/v2\/media\/110514"}],"wp:attachment":[{"href":"https:\/\/www.yoleoescaparate.com\/index.php?rest_route=%2Fwp%2Fv2%2Fmedia&parent=110513"}],"wp:term":[{"taxonomy":"category","embeddable":true,"href":"https:\/\/www.yoleoescaparate.com\/index.php?rest_route=%2Fwp%2Fv2%2Fcategories&post=110513"},{"taxonomy":"post_tag","embeddable":true,"href":"https:\/\/www.yoleoescaparate.com\/index.php?rest_route=%2Fwp%2Fv2%2Ftags&post=110513"}],"curies":[{"name":"wp","href":"https:\/\/api.w.org\/{rel}","templated":true}]}}