{"id":110813,"date":"2024-02-15T13:15:28","date_gmt":"2024-02-15T12:15:28","guid":{"rendered":"https:\/\/www.yoleoescaparate.com\/?p=110813"},"modified":"2024-02-15T13:15:29","modified_gmt":"2024-02-15T12:15:29","slug":"en-marcha-el-festival-teatrea-a-partir-del-24-de-febrero","status":"publish","type":"post","link":"https:\/\/www.yoleoescaparate.com\/?p=110813","title":{"rendered":"En marcha el festival Teatrea a partir del 24 de febrero"},"content":{"rendered":"\n<!--more-->\n\n\n\n<p>El director de Cultura, Roberto Iturriaga, y el director art\u00edstico del festival, Fernando Moreno, han presentado una nueva edici\u00f3n de Teatrea, el festival de teatro para ni\u00f1as y ni\u00f1os, que contar\u00e1 con trece citas con las que el p\u00fablico familiar pueda acercarse a la cultura y disfrutar de disciplinas esc\u00e9nicas como el teatro gestual, el contempor\u00e1neo, la poes\u00eda visual, el circo, los t\u00edteres o la danza. Como ha destacado Iturriaga, Teatrea \u201cva a recorrer hasta siete escenarios referentes de La Rioja, con el objetivo de llevar la cultura a toda la regi\u00f3n\u201d a lo largo de un mes completo, desde el 24 de febrero y hasta el 24 de marzo. \u201cProgramaci\u00f3n cultural de m\u00e1xima calidad, variada y para todos, especialmente para los ni\u00f1os, algo que consideramos clave porque ellos son el futuro de la cultura\u201d, ha apuntado.<\/p>\n\n\n\n<p>Un festival que, en esta ocasi\u00f3n, contar\u00e1 \u201ccon compa\u00f1\u00edas de diferentes puntos de Espa\u00f1a, tambi\u00e9n riojanas, convirtiendo a La Rioja en un referente cultural\u201d, con propuestas dirigidas a los ni\u00f1os a partir de un a\u00f1o y con espect\u00e1culos amenos, con una duraci\u00f3n entre los 30 hasta los 50 minutos, \u201cpara ofrecerles un festival que nos permitir\u00e1 relajarnos y disfrutar de estas artes esc\u00e9nicas y culturales\u201d, ha se\u00f1alado.<\/p>\n\n\n\n<p>De esta forma, los espect\u00e1culos se programar\u00e1n a las 18:30 horas, salvo la cita que llegar\u00e1 al Museo W\u00fcrth el domingo 17 de marzo y que tendr\u00e1 lugar a las 12 de la ma\u00f1ana. Para Moreno, Teatrea ha apostado \u201cpor dramaturgias inteligentes acordes a lo que los ni\u00f1os y ni\u00f1as requieren, con historias que no van a dejar indiferente, llenas de matices para crear grandes historias y con la misi\u00f3n de llenar los escenarios de La Rioja de un gran abanico de mundos posibles\u201d.<\/p>\n\n\n\n<p><strong>Teatrea, una programaci\u00f3n de m\u00e1xima calidad, variada, y para todos<\/strong><\/p>\n\n\n\n<p>El festival comenzar\u00e1 el pr\u00f3ximo s\u00e1bado 24 de febrero en la sala Gonzalo de Berceo en Logro\u00f1o con \u2018An\u00f3nima\u2019, una obra de la compa\u00f1\u00eda andaluza Vaiv\u00e9n Circo que, durante 50 minutos y para ni\u00f1os de m\u00e1s de 5 a\u00f1os, brindar\u00e1 un homenaje a las personas invisibles. Al d\u00eda siguiente, el domingo 25 de febrero y de nuevo en la sala Gonzalo de Berceo, el p\u00fablico de m\u00e1s de 4 a\u00f1os podr\u00e1 reflexionar sobre la mentira y la verdad con Cal Teatre y su \u2018Mentira cochina\u2019. Sin cambiar de lugar, el s\u00e1bado 2 de marzo el festival acoger\u00e1 una original y creativa instalaci\u00f3n, \u2018La guarida de los sentidos\u2019 de la compa\u00f1\u00eda catalana Elpetit &amp; Imaginart. Un espacio donde los ni\u00f1os de entre 1 y 2 a\u00f1os, de 16:00 a 19:00 horas, con pases para 20 personas de 30 minutos cada uno, podr\u00e1n explorar en familia, relajarse, disfrutar, imaginar y so\u00f1ar. La danza llegar\u00e1 a Teatrea de la mano de Da te danza y la obra \u2018T\u00fa y yo\u2019, el domingo 3 de marzo, con un espect\u00e1culo de 55 minutos para ni\u00f1os de entre 1 a 5 a\u00f1os que tendr\u00e1 lugar tambi\u00e9n en la c\u00e9ntrica sala logro\u00f1esa.<\/p>\n\n\n\n<p>Por primera vez, el Auditorio Municipal de Autol formar\u00e1 parte del calendario del festival con un espect\u00e1culo basado en las leyes de la f\u00edsica llevado a cabo por dos ingenieros con casi veinte a\u00f1os de trayectoria esc\u00e9nica, \u2018Rube\u2019 de Alodey\u00e1. La cita tendr\u00e1 lugar el s\u00e1bado 9 de marzo y en ella los espectadores podr\u00e1n disfrutar de la fusi\u00f3n de la f\u00edsica, el circo y el humor a trav\u00e9s de asombrosos y divertidos efectos domin\u00f3 e hipn\u00f3ticos movimientos de malabares.<\/p>\n\n\n\n<p>En el ecuador del festival, el domingo 10 de marzo, Teatrea ofrecer\u00e1 tras obras en tres lugares diferentes. En Logro\u00f1o, un payaso ser\u00e1 el protagonista de la propuesta de teatro gestual que ofrecer\u00e1 la compa\u00f1\u00eda Roi Borrallas con \u2018Solo\u2019 en la sala Gonzalo de Berceo. Hasta el Teatro Real de Ezcaray viajar\u00e1 Edu Manzanas con \u2018Fuera de stock\u2019 para para preguntar: \u00bftrabajar para vivir?, \u00bfvivir para trabajar? Un relato para ni\u00f1os de m\u00e1s de cuatro a\u00f1os lleno de anhelos y deseos, narrado en clave de circo. \u2018Garbancito con el buey sobre el tejado\u2019 es el t\u00edtulo de la obra de Caleidoscopio de la que se podr\u00e1 disfrutar en el Teatro Ideal de Calahorra con una propuesta de t\u00edteres, teatro f\u00edsico y poes\u00eda visual. Una aventura vital, basada en m\u00fasicas francesas del primer tercio del siglo XX, en la que aprender que, a veces, las cosas no son lo que parecen.<\/p>\n\n\n\n<p>Los t\u00edteres tambi\u00e9n se subir\u00e1n al escenario de Teatrea en el Cine Doga de N\u00e1jera con la historia y el riesgo de no cumplir una promesa del pollito \u2018Cocorico\u2019, interpretada por Katua &amp; Galea Teatro el s\u00e1bado 16 de marzo. Ese mismo d\u00eda, en la sala Gonzalo de Berceo en Logro\u00f1o, La Chana ofrecer\u00e1 su propia adaptaci\u00f3n en verso de uno de los grandes cl\u00e1sicos infantiles, \u2018Blancanieves\u2019.&nbsp; El Museo W\u00fcrth en Agoncillo tambi\u00e9n se suma al cartel de teatro familiar con la reconocida compa\u00f1\u00eda riojana El Patio, \u201creferente internacional en el teatro de objetos\u201d. En la \u00fanica sesi\u00f3n que Teatrea ofrecer\u00e1 por la ma\u00f1ana, el domingo 17 de marzo a las 12:00 horas, los ni\u00f1os de m\u00e1s de 8 a\u00f1os podr\u00e1n viajar en un juego de preguntas a los queridos abuelos y abuelas con un homenaje a sus figuras que brinda la propuesta \u2018Conservando memoria\u2019.<\/p>\n\n\n\n<p>El \u00faltimo fin de semana del festival Arnedo y el Teatro Cervantes acoger\u00e1n, el s\u00e1bado 23 de marzo, \u2018Kimera\u2019, el espect\u00e1culo divertido, conmovedor y circense de La Banda Circo en la que mostrar\u00e1n la fragilidad de las peque\u00f1as cosas que hacen grandes a las personas en una recreaci\u00f3n muy libre de \u2018La nieta del se\u00f1or Lihn\u2019. Cerrar\u00e1 Teatrea, el domingo 24 de marzo en la sala Gonzalo de Berceo, la compa\u00f1\u00eda Baychimo con \u2018El \u00e1rbol rojo\u2019 con el que disfrutar de m\u00fasica en directo y el viaje de una ni\u00f1a de nueve a\u00f1os en busca de su propia identidad.<\/p>\n\n\n\n<p>Las entradas del festival ya est\u00e1n a la venta al precio \u00fanico de 5 euros en diferentes lugares y plataformas seg\u00fan el espacio en el que tengan lugar. As\u00ed, las entradas para las obras que el festival ofrecer\u00e1 en la sala Gonzalo de Berceo y el Museo W\u00fcrth La Rioja se pueden adquirir en la p\u00e1gina web <a href=\"http:\/\/www.entradas.com\">www.entradas.com<\/a> En el caso del espect\u00e1culo programado en el Cine Doga de N\u00e1jera las entradas se pueden comprar en las oficinas del ayuntamiento y en la Oficina de Turismo de la localidad; en Autol en la oficina del Ayuntamiento; y en Ezcaray en la Oficina de Turismo. Por su parte, las localidades para el Teatro Cervantes de Arnedo est\u00e1n habilitadas en la p\u00e1gina web <a href=\"https:\/\/entradas.arnedo.com\">https:\/\/entradas.arnedo.com<\/a> y en el caso de Calahorra en la p\u00e1gina web <a href=\"https:\/\/www.citylok.com\/teatroideal\">https:\/\/www.citylok.com\/teatroideal<\/a><\/p>\n","protected":false},"excerpt":{"rendered":"","protected":false},"author":1,"featured_media":110814,"comment_status":"open","ping_status":"open","sticky":false,"template":"","format":"standard","meta":{"colormag_page_container_layout":"default_layout","colormag_page_sidebar_layout":"default_layout","om_disable_all_campaigns":false,"_monsterinsights_skip_tracking":false,"_monsterinsights_sitenote_active":false,"_monsterinsights_sitenote_note":"","_monsterinsights_sitenote_category":0,"footnotes":""},"categories":[21],"tags":[12,213,64,712],"class_list":["post-110813","post","type-post","status-publish","format-standard","has-post-thumbnail","hentry","category-la-rioja","tag-escaparate","tag-festival","tag-la-rioja","tag-teatrea"],"aioseo_notices":[],"_links":{"self":[{"href":"https:\/\/www.yoleoescaparate.com\/index.php?rest_route=\/wp\/v2\/posts\/110813","targetHints":{"allow":["GET"]}}],"collection":[{"href":"https:\/\/www.yoleoescaparate.com\/index.php?rest_route=\/wp\/v2\/posts"}],"about":[{"href":"https:\/\/www.yoleoescaparate.com\/index.php?rest_route=\/wp\/v2\/types\/post"}],"author":[{"embeddable":true,"href":"https:\/\/www.yoleoescaparate.com\/index.php?rest_route=\/wp\/v2\/users\/1"}],"replies":[{"embeddable":true,"href":"https:\/\/www.yoleoescaparate.com\/index.php?rest_route=%2Fwp%2Fv2%2Fcomments&post=110813"}],"version-history":[{"count":0,"href":"https:\/\/www.yoleoescaparate.com\/index.php?rest_route=\/wp\/v2\/posts\/110813\/revisions"}],"wp:featuredmedia":[{"embeddable":true,"href":"https:\/\/www.yoleoescaparate.com\/index.php?rest_route=\/wp\/v2\/media\/110814"}],"wp:attachment":[{"href":"https:\/\/www.yoleoescaparate.com\/index.php?rest_route=%2Fwp%2Fv2%2Fmedia&parent=110813"}],"wp:term":[{"taxonomy":"category","embeddable":true,"href":"https:\/\/www.yoleoescaparate.com\/index.php?rest_route=%2Fwp%2Fv2%2Fcategories&post=110813"},{"taxonomy":"post_tag","embeddable":true,"href":"https:\/\/www.yoleoescaparate.com\/index.php?rest_route=%2Fwp%2Fv2%2Ftags&post=110813"}],"curies":[{"name":"wp","href":"https:\/\/api.w.org\/{rel}","templated":true}]}}