{"id":111051,"date":"2024-02-26T12:53:44","date_gmt":"2024-02-26T11:53:44","guid":{"rendered":"https:\/\/www.yoleoescaparate.com\/?p=111051"},"modified":"2024-02-26T12:53:45","modified_gmt":"2024-02-26T11:53:45","slug":"paula-ulargui-escalona-sera-miembro-del-jurado-del-iii-concurso-pasarela-ciudad-de-la-verdura-2024-en-calahorra","status":"publish","type":"post","link":"https:\/\/www.yoleoescaparate.com\/?p=111051","title":{"rendered":"Paula Ulargui Escalona ser\u00e1 miembro del jurado del III Concurso Pasarela \u201cCiudad de la Verdura\u201d 2024 en Calahorra"},"content":{"rendered":"\n<!--more-->\n\n\n\n<p>La joven dise\u00f1adora de moda Paula Ulargui Escalona ser\u00e1 miembro del jurado del III Concurso Pasarela \u201cCiudad de la Verdura\u201d 2024, que se celebrar\u00e1 el 26 de abril en la carpa del Silo dentro de las XXVIII Jornadas Gastron\u00f3micas de la Verdura.<\/p>\n\n\n\n<p>Paula Ulargui es una dise\u00f1adora madrile\u00f1a con ra\u00edces calagurritanas, que fusiona naturaleza y textiles para crear una moda m\u00e1s sostenible.<\/p>\n\n\n\n<p>Es la creadora del look que luci\u00f3 Cristina Pedroche en las Campanadas de Antena 3 el pasado 31 de diciembre de 2023. Un vestido \u201cvivo\u201d confeccionado con plantas y agua. Totalmente org\u00e1nico y reciclable.<\/p>\n\n\n\n<p>Este a\u00f1o Ulargui asistir\u00e1 al desfile de trajes dise\u00f1ados con verduras, ya que forma parte del jurado de esta tercera edici\u00f3n del Concurso. Tambi\u00e9n est\u00e1 compuesto por la concejala de Cultura y Turismo, Reyes Zapata; el gerente de la Fundaci\u00f3n Caja Rioja, Carlos Fuentes; el joyero calagurritano Jes\u00fas \u00c1ngel Ruiz; y la calagurritana dedicada a la moda Laura Hita.<\/p>\n\n\n\n<p>Este a\u00f1o la profesora calagurritana del departamento de Dise\u00f1o de Moda de la Escuela Superior de Dise\u00f1o de La Rioja, Cristina Garc\u00eda, no participar\u00e1 en el proceso de selecci\u00f3n de trajes por motivos de agenda.<\/p>\n\n\n\n<p>El Ayuntamiento de Calahorra ha recibido 18 dise\u00f1os, de los cuales uno se ha presentado fuera de plazo, quedando eliminado del Concurso por incumplimiento de las bases.<\/p>\n\n\n\n<p>En esta tercera edici\u00f3n han concursado 5 dise\u00f1adores m\u00e1s que el a\u00f1o pasado.<\/p>\n\n\n\n<p>Tras la primera fase de inscripci\u00f3n el jurado se reunir\u00e1 para comprobar que todas las solicitudes cumplen los requisitos exigidos en las bases.<\/p>\n\n\n\n<p>En total, se seleccionar\u00e1n 12 dise\u00f1os femeninos que son los que se exhibir\u00e1n en la Pasarela \u201cCiudad de la Verdura\u201d el 26 de abril junto a los tocados de verduras realizados por las alumnas del Centro de Formaci\u00f3n Profesional \u201cLa Planilla\u201d de la ciudad y los pendientes, collares y anillos tambi\u00e9n de verduras, dise\u00f1ados por el joyero calagurritano Jes\u00fas Ruiz Dom\u00ednguez.<\/p>\n\n\n\n<p>Los vestidos que opten al concurso deber\u00e1n estar decorados y\/o estampados con vegetales, bien sean frescos y\/o deshidratados o en cualquier otra forma que se trabajen.<\/p>\n\n\n\n<p>Su confecci\u00f3n se realizar\u00e1 a mano o a m\u00e1quina con un acabado exquisito y uso de entretela y sus fornituras.<\/p>\n\n\n\n<p>Las bases del Concurso permiten el empleo de ciertos productos cuya \u00fanica finalidad sea dar brillo a la verdura, pero no se podr\u00e1 cambiar el color de las hortalizas.<\/p>\n\n\n\n<p><strong>Premios por valor de 7.000 euros<\/strong><\/p>\n\n\n\n<p>El concurso establece dos categor\u00edas: \u201cDise\u00f1o original\u201d, cuyo premio es de 3.000 euros,&nbsp; en la que todos los vestidos presentados deber\u00e1n ser in\u00e9ditos, total y parcialmente, no pudiendo haber concursado o participado en ning\u00fan otro certamen o evento ni haberse publicado en ning\u00fan medio de comunicaci\u00f3n o red social.<\/p>\n\n\n\n<p>Y este a\u00f1o, adem\u00e1s, distingue una categor\u00eda nueva \u201cInspiraci\u00f3n\u201d, dotado con 1.500 euros, para los dise\u00f1os que sean reinterpretaci\u00f3n o recreaci\u00f3n de trajes de reconocidos dise\u00f1adores y modistos nacionales e internacionales.<\/p>\n\n\n\n<p>Estos dos premios los otorga el Ayuntamiento de Calahorra.<\/p>\n\n\n\n<p>Tambi\u00e9n la Fundaci\u00f3n Caja Rioja premia con 2.500 euros al mejor traje confeccionado por un\/a joven menor de 35 a\u00f1os.<\/p>\n\n\n\n<p>Asimismo, todos los vestidos que se muestren en la Pasarela y no resulten premiados, sus creadores recibir\u00e1n 300 euros en concepto de gastos de participaci\u00f3n.<\/p>\n\n\n\n<p>Y todos los participantes recibir\u00e1n un diploma acreditativo y para el desfile dispondr\u00e1n de un servicio gratuito de maquillaje y peluquer\u00eda para sus modelos, que deber\u00e1n ser mayores de edad.<\/p>\n\n\n\n<p><strong>Segunda fase del concurso: seguimiento<\/strong><\/p>\n\n\n\n<p>El concurso se divide en dos fases. Una primera de inscripci\u00f3n, que ya ha finalizado, y otra posterior de seguimiento.<\/p>\n\n\n\n<p>En la segunda fase los concursantes tendr\u00e1n que entregar diez fotograf\u00edas, como m\u00ednimo, del seguimiento del dise\u00f1o para ver el proceso de realizaci\u00f3n de los trajes, un breve v\u00eddeo explicando y describiendo el vestido&nbsp; antes del 22 de marzo y la hoja de inscripci\u00f3n de la fase primera del certamen.<\/p>\n\n\n\n<p>El jurado valorar\u00e1 el patronaje, el uso de verduras, el dise\u00f1o, la innovaci\u00f3n y creatividad y los acabados del traje.<\/p>\n","protected":false},"excerpt":{"rendered":"","protected":false},"author":1,"featured_media":111052,"comment_status":"open","ping_status":"open","sticky":false,"template":"","format":"standard","meta":{"colormag_page_container_layout":"default_layout","colormag_page_sidebar_layout":"default_layout","om_disable_all_campaigns":false,"_monsterinsights_skip_tracking":false,"_monsterinsights_sitenote_active":false,"_monsterinsights_sitenote_note":"","_monsterinsights_sitenote_category":0,"footnotes":""},"categories":[4],"tags":[16,12,208,922,2079,2080,2078],"class_list":["post-111051","post","type-post","status-publish","format-standard","has-post-thumbnail","hentry","category-calahorra","tag-calahorra","tag-escaparate","tag-jornadas-de-la-verdura","tag-moda","tag-paula-ulargi","tag-pedroche","tag-vestidos"],"aioseo_notices":[],"_links":{"self":[{"href":"https:\/\/www.yoleoescaparate.com\/index.php?rest_route=\/wp\/v2\/posts\/111051","targetHints":{"allow":["GET"]}}],"collection":[{"href":"https:\/\/www.yoleoescaparate.com\/index.php?rest_route=\/wp\/v2\/posts"}],"about":[{"href":"https:\/\/www.yoleoescaparate.com\/index.php?rest_route=\/wp\/v2\/types\/post"}],"author":[{"embeddable":true,"href":"https:\/\/www.yoleoescaparate.com\/index.php?rest_route=\/wp\/v2\/users\/1"}],"replies":[{"embeddable":true,"href":"https:\/\/www.yoleoescaparate.com\/index.php?rest_route=%2Fwp%2Fv2%2Fcomments&post=111051"}],"version-history":[{"count":0,"href":"https:\/\/www.yoleoescaparate.com\/index.php?rest_route=\/wp\/v2\/posts\/111051\/revisions"}],"wp:featuredmedia":[{"embeddable":true,"href":"https:\/\/www.yoleoescaparate.com\/index.php?rest_route=\/wp\/v2\/media\/111052"}],"wp:attachment":[{"href":"https:\/\/www.yoleoescaparate.com\/index.php?rest_route=%2Fwp%2Fv2%2Fmedia&parent=111051"}],"wp:term":[{"taxonomy":"category","embeddable":true,"href":"https:\/\/www.yoleoescaparate.com\/index.php?rest_route=%2Fwp%2Fv2%2Fcategories&post=111051"},{"taxonomy":"post_tag","embeddable":true,"href":"https:\/\/www.yoleoescaparate.com\/index.php?rest_route=%2Fwp%2Fv2%2Ftags&post=111051"}],"curies":[{"name":"wp","href":"https:\/\/api.w.org\/{rel}","templated":true}]}}