{"id":111678,"date":"2024-03-12T07:25:37","date_gmt":"2024-03-12T06:25:37","guid":{"rendered":"https:\/\/www.yoleoescaparate.com\/?p=111678"},"modified":"2024-03-12T07:25:39","modified_gmt":"2024-03-12T06:25:39","slug":"proyecto-de-urbanizacion-de-la-unidad-donde-se-construira-el-nuevo-centro-integrado-de-formacion-profesional-en-calahorra","status":"publish","type":"post","link":"https:\/\/www.yoleoescaparate.com\/?p=111678","title":{"rendered":"Proyecto \u00a0de urbanizaci\u00f3n de la unidad donde se construir\u00e1 el nuevo Centro integrado de Formaci\u00f3n Profesional en Calahorra"},"content":{"rendered":"\n<!--more-->\n\n\n\n<p>La Junta de Gobierno Local ha aprobado los siguientes acuerdos en su sesi\u00f3n ordinaria semanal, celebrada en la ma\u00f1anade ayer.<\/p>\n\n\n\n<p><strong>Licitaci\u00f3n de la redacci\u00f3n del proyecto de urbanizaci\u00f3n de la unidad donde estar\u00e1 ubicado el nuevo Centro integrado de FP<\/strong><\/p>\n\n\n\n<p>Un nuevo paso para la construcci\u00f3n del nuevo Centro integrado de Formaci\u00f3n Profesional en Calahorra en los terrenos que ocupaba la f\u00e1brica Envases Met\u00e1licos Moreno. La Junta de Gobierno Local ha aprobado el expediente de contrataci\u00f3n para adjudicar el contrato de servicios de asistencia t\u00e9cnica para la redacci\u00f3n del proyecto de urbanizaci\u00f3n de la Unidad de Ejecuci\u00f3n-Sistema General Equipamiento SGE-1, la direcci\u00f3n facultativa de las obras y la coordinaci\u00f3n de seguridad y salud.<\/p>\n\n\n\n<p>El tipo de licitaci\u00f3n es de 160.323,15 euros, que podr\u00e1 ser mejorado a la baja, y el plazo de ejecuci\u00f3n para la presentaci\u00f3n del anteproyecto con alternativas es de dos meses desde la formalizaci\u00f3n del contrato.<\/p>\n\n\n\n<p>La Unidad de Ejecuci\u00f3n tiene una superficie total de 36.098 metros cuadrados, pero este proyecto de urbanizaci\u00f3n s\u00f3lo afecta a un \u00e1rea de 9.097,07 metros cuadrados destinados a viario p\u00fablico y a sistema general de espacios libres p\u00fablicos (zona verde).<\/p>\n\n\n\n<p>Los criterios de adjudicaci\u00f3n establecidos son el precio (49%), la experiencia profesional (21%), la propuesta t\u00e9cnica y el planteamiento de la Direcci\u00f3n facultativa (25%) y que el coordinador de seguridad y salud sea un profesional distinto al director de obra (5%).<\/p>\n\n\n\n<p>Los pliegos de cl\u00e1usulas administrativas particulares y de prescripciones t\u00e9cnicas pueden examinarse en el perfil de contratante del Ayuntamiento de Calahorra (<a href=\"http:\/\/www.calahorra.es\">www.calahorra.es<\/a>) y en la Plataforma de Contrataci\u00f3n del Sector P\u00fablico (<a href=\"http:\/\/www.contrataciondelestado.es\">www.contrataciondelestado.es<\/a>).<\/p>\n\n\n\n<p>Las ofertas se presentar\u00e1n durante el plazo de 23 d\u00edas desde la publicaci\u00f3n del anuncio en la Plataforma de Contrataci\u00f3n del Sector P\u00fablico.<\/p>\n\n\n\n<p>Tambi\u00e9n el Ayuntamiento ha sacado a licitaci\u00f3n la <strong>organizaci\u00f3n y desarrollo de la Feria de Libro<\/strong> por un presupuesto m\u00e1ximo de 9.251,36 euros, que podr\u00e1 ser mejorado a la baja.<\/p>\n\n\n\n<p>Se valorar\u00e1 con un 51% la calidad y con un 49% el precio.<\/p>\n\n\n\n<p>El pliego de cl\u00e1usulas administrativas particulares y el de prescripciones t\u00e9cnicas pueden consultarse en <a href=\"http:\/\/www.calahorra.es\">www.calahorra.es<\/a> y en <a href=\"http:\/\/www.contrataciondelestado.es\">www.contrataciondelestado.es<\/a><\/p>\n\n\n\n<p><strong>Adjudicaci\u00f3n del contrato de reparaci\u00f3n del dep\u00f3sito nodriza<\/strong><\/p>\n\n\n\n<p>La empresa PMG VEA, S.L. ejecutar\u00e1 las obras de reparaci\u00f3n y consolidaci\u00f3n del dep\u00f3sito nodriza de Calahorra por el precio de 38.963 euros, un 19,10% menos que el importe de licitaci\u00f3n.<\/p>\n\n\n\n<p>Dispondr\u00e1 de dos meses para realizar estos trabajos con los que se pretende solucionar los principales da\u00f1os estructurales detectados en el dep\u00f3sito regulador nodriza del municipio para evitar un posible colapso de parte de la estructura de cubierta.<\/p>\n\n\n\n<p>Las obras se centran en la zona sureste del dep\u00f3sito, correspondiente al vaso 1. Se va a actuar en las vigas de apoyo de forjado, la cubierta y en el exterior del dep\u00f3sito.<\/p>\n\n\n\n<p>Asimismo, la Junta de Gobierno Local ha adjudicado a la empresa Estudios y Contratas Silvicolas S.L. la instalaci\u00f3n de riego en la zona verde situada en la calle Padre Jos\u00e9 Aguirre por la cuant\u00eda de 25.881,90 euros.<\/p>\n\n\n\n<p><strong>Aprobaci\u00f3n definitiva de los estatutos y la constituci\u00f3n de la entidad urban\u00edstica de conservaci\u00f3n del pol\u00edgono \u201cEl Recuenco\u201d<\/strong><\/p>\n\n\n\n<p>Los estatutos de la entidad urban\u00edstica de conservaci\u00f3n del pol\u00edgono industrial \u201cEl Recuenco\u201d ya est\u00e1n aprobados definitivamente al igual que la constituci\u00f3n de la entidad urban\u00edstica de conservaci\u00f3n del \u201cEl Recuenco\u201d.<\/p>\n\n\n\n<p>Adem\u00e1s, de aprobar estos dos asuntos la Junta de Gobierno Local ha designado al concejal de Urbanismo, Antonio Mazo, como representante municipal en los \u00f3rganos rectores de dicha entidad, que tendr\u00e1 su domicilio legal en el domicilio social del Ayuntamiento de Calahorra, en la Glorieta de Quintiliano 1.<\/p>\n\n\n\n<p>La entidad tiene naturaleza administrativa, con personalidad propia y plena capacidad jur\u00eddica desde la fecha de su inscripci\u00f3n en el Registro de Entidades Urban\u00edsticas Colaboradoras y se regula por sus estatutos.<\/p>\n\n\n\n<p>Tiene por objeto y finalidad atender a la conservaci\u00f3n y mantenimiento de los servicios urban\u00edsticos, como los viales urbanos interiores del pol\u00edgono, el alumbrado p\u00fablico, los espacios libres y zonas verdes, las redes de abastecimiento y saneamiento de agua.<\/p>\n\n\n\n<p>Est\u00e1 integrada por todos los propietarios de la parcelas del pol\u00edgono y por el Ayuntamiento de Calahorra como administraci\u00f3n actuante. La pertenencia a esta entidad es obligatoria para todas aquellas personas que sean propietarias de terrenos dentro de la urbanizaci\u00f3n.<\/p>\n\n\n\n<p><strong>Convocatoria de subvenciones en materia de Servicios Sociales y Cooperaci\u00f3n al desarrollo<\/strong><\/p>\n\n\n\n<p>Ha aprobado las bases de las convocatorias para la concesi\u00f3n de subvenciones en r\u00e9gimen de concurrencia competitiva en materia de Servicios Sociales y para proyectos de Cooperaci\u00f3n al Desarrollo.<\/p>\n\n\n\n<p>Para este ejercicio econ\u00f3mico de 2024 el Ayuntamiento de Calahorra dispone de una partida presupuestaria de 30.000 euros para ayudas a entidades que realicen actividades adaptadas a las necesidades de la poblaci\u00f3n y que complementen los programas municipales de Servicios Sociales.<\/p>\n\n\n\n<p>Para el desarrollo de proyectos de cooperaci\u00f3n al desarrollo la cuant\u00eda para este este a\u00f1o asciende a 50.000 euros.<\/p>\n\n\n\n<p><strong>Bases del XXVIII Certamen Nacional de Pintura \u201cCiudad de Calahorra\u201d&nbsp; 2024<\/strong><\/p>\n\n\n\n<p>La Junta de Gobierno Local ha aprobado las bases que rigen una nueva edici\u00f3n del Certamen Nacional de Pintura \u201cCiudad de Calahorra\u201d: &nbsp;<\/p>\n\n\n\n<p><strong>Primera<\/strong>:<\/p>\n\n\n\n<ul class=\"wp-block-list\">\n<li>Podr\u00e1n concurrir al certamen cuantos artistas lo deseen, con un m\u00e1ximo de dos obras por autor.<\/li>\n<\/ul>\n\n\n\n<p><strong>Segunda: tema,&nbsp; t\u00e9cnica y formato<\/strong><\/p>\n\n\n\n<ul class=\"wp-block-list\">\n<li>El tema de las obras ser\u00e1 LIBRE, no admiti\u00e9ndose copias de otras obras.<\/li>\n\n\n\n<li>La t\u00e9cnica empleada ser\u00e1 de libre elecci\u00f3n.<\/li>\n\n\n\n<li>Las medidas m\u00ednimas y m\u00e1ximas entre las que oscilar\u00e1n las obras presentadas ser\u00e1n de:&nbsp;&nbsp;&nbsp;&nbsp;&nbsp;&nbsp;&nbsp;&nbsp;&nbsp;&nbsp;&nbsp;&nbsp;&nbsp;&nbsp;<\/li>\n<\/ul>\n\n\n\n<p>&#8211;&nbsp;&nbsp;&nbsp;&nbsp; m\u00ednimo: 81 x 65cm (25 figura)<\/p>\n\n\n\n<p>&#8211;&nbsp;&nbsp;&nbsp;&nbsp; m\u00e1ximo: 150 x 150 cm.<\/p>\n\n\n\n<p><strong>Tercera: premios<\/strong><\/p>\n\n\n\n<ul class=\"wp-block-list\">\n<li>Se establecen los siguientes PREMIOS:<\/li>\n\n\n\n<li>Premio en met\u00e1lico de 3.000 euros, otorgado por el Excmo. Ayuntamiento de Calahorra.<\/li>\n\n\n\n<li>3 Menciones de Honor con entrega de trofeo.<\/li>\n\n\n\n<li>El importe del premio en met\u00e1lico estar\u00e1 sujeto a la retenci\u00f3n del I.R.P.F., conforme a lo establecido en la legislaci\u00f3n vigente.<\/li>\n\n\n\n<li>La obra premiada pasar\u00e1 a ser propiedad del Excmo. Ayuntamiento de Calahorra, otorgando el autor la propiedad de todo el contenido patrimonial de los derechos de explotaci\u00f3n sobre la obra, es decir, reproducci\u00f3n, distribuci\u00f3n, transformaci\u00f3n y cualesquiera otros, as\u00ed como de las distintas modalidades de explotaci\u00f3n.<\/li>\n\n\n\n<li>Premio en especie. El\/la pintor\/a ganador\/a, as\u00ed como las menciones de honor, del concurso tendr\u00e1n la oportunidad de realizar una exposici\u00f3n individual en la Sala de Exposiciones de la Casa de los Curas, cuya cesi\u00f3n ser\u00e1 gratuita, durante el siguiente a\u00f1o natural al fallo del jurado de la presente edici\u00f3n y en la que podr\u00e1n poner su obra a la venta. El Ayuntamiento solamente asumir\u00e1 los costes de la cesi\u00f3n de la sala y su apertura al p\u00fablico, tanto en horario laboral vigente como los jueves, viernes y s\u00e1bados 2 horas por la tarde, y los domingos y festivos 2 horas por la ma\u00f1ana.<\/li>\n<\/ul>\n\n\n\n<p><strong>Cuarta: preselecci\u00f3n de la obra<\/strong><\/p>\n\n\n\n<ul class=\"wp-block-list\">\n<li>Para concurrir al certamen, el artista presentar\u00e1 la siguiente documentaci\u00f3n:<\/li>\n\n\n\n<li>Solicitud, cuyo modelo encontrar\u00e1 en la web <a href=\"http:\/\/www.calahorra.es\">www.calahorra.es<\/a><\/li>\n\n\n\n<li>Fotograf\u00eda de la obra en formato digital, (JPG), a 300 puntos de resoluci\u00f3n, con un m\u00ednimo de 3M y un m\u00e1ximo de 5M, indicando el tama\u00f1o de la misma.<\/li>\n\n\n\n<li>Curriculum vitae del artista<\/li>\n\n\n\n<li>La documentaci\u00f3n se presentar\u00e1 en el correo electr\u00f3nico <a href=\"mailto:certamenpintura@calahorra.es\"><strong>certamenpintura@calahorra.es<\/strong><\/a><strong> <\/strong>hasta las 00.00 horas del 19 de mayo de 2024.<\/li>\n\n\n\n<li>Con los trabajos presentados el jurado har\u00e1 una preselecci\u00f3n de un m\u00e1ximo de 25 obras, comunicando a los participantes a trav\u00e9s de correo electr\u00f3nico si la obra ha sido o no seleccionada, para que el participante pueda preparar el env\u00edo de la obra.<\/li>\n<\/ul>\n\n\n\n<p><strong>Quinta: presentaci\u00f3n de las obras<\/strong><\/p>\n\n\n\n<ul class=\"wp-block-list\">\n<li>La presentaci\u00f3n de las obras seleccionadas se podr\u00e1 realizar dentro de los diez d\u00edas h\u00e1biles a contar desde la comunicaci\u00f3n de la selecci\u00f3n.<\/li>\n\n\n\n<li>Las obras se podr\u00e1n entregar a trav\u00e9s de agencias de transporte o personalmente, en la siguiente direcci\u00f3n y horarios:<\/li>\n\n\n\n<li>Casa de los curas. C\/ Mayor 24 CP 26500. CALAHORRA, de lunes a viernes de en horario de 8 a 14 horas. Avisando previamente al Tfno. 941 10 50 58&nbsp;<\/li>\n\n\n\n<li>Los gastos de transporte, tanto de entrega como de devoluci\u00f3n de las obras, correr\u00e1n a cargo del artista.<\/li>\n<\/ul>\n\n\n\n<p>Las obras deber\u00e1n presentarse montadas en bastidor o soporte s\u00f3lido. Podr\u00e1n&nbsp; ir protegidas por material pl\u00e1stico transparente e irrompible. Nunca por cristal. Deber\u00e1n contener adem\u00e1s por el anverso los orificios o soluci\u00f3n para facilitar la exposici\u00f3n del cuadro.<\/p>\n\n\n\n<ul class=\"wp-block-list\">\n<li>El embalaje deber\u00e1 ser r\u00edgido y reutilizable, para reenv\u00edos y devoluciones, debiendo utilizarse un embalaje para cada obra presentada. La organizaci\u00f3n no se har\u00e1 responsable de obras que lleguen en malas condiciones o embalajes sin la suficiente protecci\u00f3n.<\/li>\n\n\n\n<li>Cada obra acompa\u00f1ar\u00e1 la siguiente documentaci\u00f3n en sobre adjunto pegado al embalaje:<\/li>\n\n\n\n<li>Nombre y apellidos, edad, domicilio, tel\u00e9fono de contacto, e-mail<\/li>\n\n\n\n<li>T\u00edtulo, medidas y t\u00e9cnica de la obra presentada<\/li>\n\n\n\n<li>Fotocopia del DNI<\/li>\n\n\n\n<li>Precio de la obra<\/li>\n<\/ul>\n\n\n\n<p><strong>Sexta: jurado<\/strong><\/p>\n\n\n\n<ul class=\"wp-block-list\">\n<li>El jurado estar\u00e1 compuesto por personas de reconocido prestigio en el \u00e1mbito de las artes pl\u00e1sticas, que har\u00e1n la preselecci\u00f3n de la obra y otorgar\u00e1n los premios. Su fallo ser\u00e1 inapelable.<\/li>\n\n\n\n<li>El premio podr\u00eda quedar desierto si los trabajos, a juicio del Jurado, carecieran de calidad suficiente.<\/li>\n<\/ul>\n\n\n\n<p><strong>S\u00e9ptima: exposici\u00f3n del Certamen<\/strong><\/p>\n\n\n\n<ul class=\"wp-block-list\">\n<li>Con las obras seleccionadas y premiadas se realizar\u00e1 una exposici\u00f3n en fechas que se comunicar\u00e1n oportunamente.<\/li>\n\n\n\n<li>La entrega de premios tendr\u00e1 lugar coincidiendo con la inauguraci\u00f3n de la muestra.<\/li>\n<\/ul>\n\n\n\n<p><strong>Octava: cat\u00e1logo<\/strong><\/p>\n\n\n\n<ul class=\"wp-block-list\">\n<li>El Ayuntamiento confeccionar\u00e1 un cat\u00e1logo en el que estar\u00e1n representadas todas las obras premiadas y seleccionadas. Dicho cat\u00e1logo incluir\u00e1 una reproducci\u00f3n fotogr\u00e1fica de la obra seleccionada o premiada, as\u00ed como el curr\u00edculo de cada artista representado. A tal fin, los autores deber\u00e1n ajustar el curr\u00edculum a la extensi\u00f3n que les requiera el Ayuntamiento para la confecci\u00f3n del mismo, pudiendo el Ayuntamiento extractar lo que considere m\u00e1s interesante si el curr\u00edculum supera la extensi\u00f3n marcada.<\/li>\n\n\n\n<li>Las fotograf\u00edas del cat\u00e1logo podr\u00e1n ser utilizadas por la Organizaci\u00f3n como cartel del Certamen en la siguiente convocatoria o como cartel anunciador de la exposici\u00f3n itinerante. En ning\u00fan caso podr\u00e1 el autor exigir derechos por su reproducci\u00f3n.<\/li>\n<\/ul>\n\n\n\n<p><strong>Novena: itinerancia<\/strong><\/p>\n\n\n\n<ul class=\"wp-block-list\">\n<li>Las obras premiadas y seleccionadas podr\u00e1n exhibirse en otras ciudades, de forma itinerante, entre los meses de septiembre 2024 y marzo de 2025 como m\u00e1ximo. Durante los periodos de exposici\u00f3n, la entidad receptora de la misma contratar\u00e1 un seguro clavo a clavo por el valor total de las obras que componen la muestra, tomando como base el precio indicado por cada autor en la documentaci\u00f3n solicitada.<\/li>\n<\/ul>\n\n\n\n<p><strong>D\u00e9cima: seguro<\/strong><\/p>\n\n\n\n<ul class=\"wp-block-list\">\n<li>Fuera de los periodos de exposiciones, la Organizaci\u00f3n pondr\u00e1 el m\u00e1ximo celo en el cuidado de las obras recibidas, pero declina toda responsabilidad por p\u00e9rdidas, da\u00f1os, robos o causas de fuerza mayor, como inundaciones, incendio\u2026, as\u00ed como cualquier incidente que se pueda producir durante su transporte, recepci\u00f3n, custodia o devoluci\u00f3n.<\/li>\n\n\n\n<li>Si el artista desea que su obra est\u00e9 asegurada en todo momento, deber\u00e1 asumir los gastos.<\/li>\n<\/ul>\n\n\n\n<p><strong>Und\u00e9cima: devoluci\u00f3n de obra<\/strong><\/p>\n\n\n\n<ul class=\"wp-block-list\">\n<li>Finalizada la itinerancia, cuya fecha se comunicar\u00e1 a los interesados, las obras deber\u00e1n ser retiradas en el plazo de un mes. La devoluci\u00f3n se realizar\u00e1 personalmente o a trav\u00e9s de agencia de transportes, a portes debidos.<\/li>\n\n\n\n<li>En el caso de que una obra no sea retirada en el plazo establecido, se entender\u00e1 que el autor o responsable renuncia a cualquier derecho sobre \u00e9sta a favor de la Organizaci\u00f3n del certamen, que podr\u00e1 disponer de las obras con absoluta libertad.<\/li>\n<\/ul>\n\n\n\n<p><strong>Duod\u00e9cima<\/strong><\/p>\n\n\n\n<ul class=\"wp-block-list\">\n<li>La participaci\u00f3n en el concurso implica la total aceptaci\u00f3n y conformidad con lo dispuesto en las bases, quedando la organizaci\u00f3n facultada para tomar iniciativas no reflejadas en ellas, siempre que contribuyan al mejor desarrollo del concurso y no alteren su esencia.<\/li>\n<\/ul>\n\n\n\n<p><strong>Recepci\u00f3n de las obras de derribo del edifico n\u00famero 13 de la calle San Andr\u00e9s<\/strong><\/p>\n\n\n\n<p>Ha formalizado la recepci\u00f3n de las obras, ejecutadas subsidiariamente, del derribo del inmueble n\u00famero 13 de la calle San Andr\u00e9s.<\/p>\n\n\n\n<p>La mercantil PMG VEA ha sido la encargada de llevar a cabo la demolici\u00f3n de este edificio, declarado en ruina, con un presupuesto de adjudicaci\u00f3n de 86.126,59 euros, una baja del 22,51% sobre el precio de licitaci\u00f3n.<\/p>\n\n\n\n<p><strong>Relaci\u00f3n de facturas<\/strong><strong><\/strong><\/p>\n\n\n\n<p>Ha dado el visto bueno a la relaci\u00f3n de facturas por importe total de 16.860,62 euros.<\/p>\n","protected":false},"excerpt":{"rendered":"","protected":false},"author":1,"featured_media":111679,"comment_status":"open","ping_status":"open","sticky":false,"template":"","format":"standard","meta":{"colormag_page_container_layout":"default_layout","colormag_page_sidebar_layout":"default_layout","om_disable_all_campaigns":false,"_monsterinsights_skip_tracking":false,"_monsterinsights_sitenote_active":false,"_monsterinsights_sitenote_note":"","_monsterinsights_sitenote_category":0,"footnotes":""},"categories":[4],"tags":[882,16,12,880],"class_list":["post-111678","post","type-post","status-publish","format-standard","has-post-thumbnail","hentry","category-calahorra","tag-acuerdos","tag-calahorra","tag-escaparate","tag-jgl"],"aioseo_notices":[],"_links":{"self":[{"href":"https:\/\/www.yoleoescaparate.com\/index.php?rest_route=\/wp\/v2\/posts\/111678","targetHints":{"allow":["GET"]}}],"collection":[{"href":"https:\/\/www.yoleoescaparate.com\/index.php?rest_route=\/wp\/v2\/posts"}],"about":[{"href":"https:\/\/www.yoleoescaparate.com\/index.php?rest_route=\/wp\/v2\/types\/post"}],"author":[{"embeddable":true,"href":"https:\/\/www.yoleoescaparate.com\/index.php?rest_route=\/wp\/v2\/users\/1"}],"replies":[{"embeddable":true,"href":"https:\/\/www.yoleoescaparate.com\/index.php?rest_route=%2Fwp%2Fv2%2Fcomments&post=111678"}],"version-history":[{"count":0,"href":"https:\/\/www.yoleoescaparate.com\/index.php?rest_route=\/wp\/v2\/posts\/111678\/revisions"}],"wp:featuredmedia":[{"embeddable":true,"href":"https:\/\/www.yoleoescaparate.com\/index.php?rest_route=\/wp\/v2\/media\/111679"}],"wp:attachment":[{"href":"https:\/\/www.yoleoescaparate.com\/index.php?rest_route=%2Fwp%2Fv2%2Fmedia&parent=111678"}],"wp:term":[{"taxonomy":"category","embeddable":true,"href":"https:\/\/www.yoleoescaparate.com\/index.php?rest_route=%2Fwp%2Fv2%2Fcategories&post=111678"},{"taxonomy":"post_tag","embeddable":true,"href":"https:\/\/www.yoleoescaparate.com\/index.php?rest_route=%2Fwp%2Fv2%2Ftags&post=111678"}],"curies":[{"name":"wp","href":"https:\/\/api.w.org\/{rel}","templated":true}]}}