{"id":113109,"date":"2024-04-26T09:27:55","date_gmt":"2024-04-26T07:27:55","guid":{"rendered":"https:\/\/www.yoleoescaparate.com\/?p=113109"},"modified":"2024-04-11T09:33:00","modified_gmt":"2024-04-11T07:33:00","slug":"hoy-la-pasarela-de-la-verdura-protagonista-del-las-xxviii-jornadas-gastronomicas-de-la-verdura-en-calahorra","status":"publish","type":"post","link":"https:\/\/www.yoleoescaparate.com\/?p=113109","title":{"rendered":"Hoy la pasarela de la verdura protagonista del las XXVIII Jornadas Gastron\u00f3micas de la Verdura en Calahorra"},"content":{"rendered":"\n<!--more-->\n\n\n\n<p>Hoy, vestido, peinados, joyas, moda&#8230; en la pasarela de la verdura.<\/p>\n\n\n\n<p><strong>VIERNES,26<\/strong><br>20 h. XI Pasarela \u201cCiudad de la Verdura\u201d.<br>Desfile de moda de dise\u00f1os confeccionados con verduras seleccionados en el III Concurso Pasarela \u201cCiudad de la Verdura\u201d, tocados elaborados por el Centro de F.P. \u201cLa Planilla\u201d y joyas dise\u00f1adas por los calagurritanos Jes\u00fas \u00c1ngel Ruiz Mayoral (Joyer\u00eda Ruiz Dom\u00ednguez) y Esteban Alegr\u00eda (La Comedia).<br>Maquillaje y peluquer\u00eda a cargo de las alumnas de grado medio de Est\u00e9tica y de grado superior de Estilismo del Centro de F. P. \u201cLa Planilla\u201d dirigido por Roberto Siguero, director de maquillaje de \u201cLanc\u00f4me\u201d en Espa\u00f1a.<br>Madrina de la Pasarela 2024 la calagurritana Sarai Rodr\u00edguez, maquilladora de cine y ganadora de un Goya al mejor maquillaje y peluquer\u00eda por la pel\u00edcula \u201cLas leyes de la frontera\u201d en 2022.<br>Entrada libre hasta completar aforo.<br>Lugar: carpa del Silo.<\/p>\n","protected":false},"excerpt":{"rendered":"","protected":false},"author":1,"featured_media":113110,"comment_status":"open","ping_status":"open","sticky":false,"template":"","format":"standard","meta":{"colormag_page_container_layout":"default_layout","colormag_page_sidebar_layout":"default_layout","om_disable_all_campaigns":false,"_monsterinsights_skip_tracking":false,"_monsterinsights_sitenote_active":false,"_monsterinsights_sitenote_note":"","_monsterinsights_sitenote_category":0,"footnotes":""},"categories":[4],"tags":[16,12,2429,2077],"class_list":["post-113109","post","type-post","status-publish","format-standard","has-post-thumbnail","hentry","category-calahorra","tag-calahorra","tag-escaparate","tag-jornadas-gastronomicas-de-la-verdura","tag-pasarela"],"aioseo_notices":[],"_links":{"self":[{"href":"https:\/\/www.yoleoescaparate.com\/index.php?rest_route=\/wp\/v2\/posts\/113109","targetHints":{"allow":["GET"]}}],"collection":[{"href":"https:\/\/www.yoleoescaparate.com\/index.php?rest_route=\/wp\/v2\/posts"}],"about":[{"href":"https:\/\/www.yoleoescaparate.com\/index.php?rest_route=\/wp\/v2\/types\/post"}],"author":[{"embeddable":true,"href":"https:\/\/www.yoleoescaparate.com\/index.php?rest_route=\/wp\/v2\/users\/1"}],"replies":[{"embeddable":true,"href":"https:\/\/www.yoleoescaparate.com\/index.php?rest_route=%2Fwp%2Fv2%2Fcomments&post=113109"}],"version-history":[{"count":0,"href":"https:\/\/www.yoleoescaparate.com\/index.php?rest_route=\/wp\/v2\/posts\/113109\/revisions"}],"wp:featuredmedia":[{"embeddable":true,"href":"https:\/\/www.yoleoescaparate.com\/index.php?rest_route=\/wp\/v2\/media\/113110"}],"wp:attachment":[{"href":"https:\/\/www.yoleoescaparate.com\/index.php?rest_route=%2Fwp%2Fv2%2Fmedia&parent=113109"}],"wp:term":[{"taxonomy":"category","embeddable":true,"href":"https:\/\/www.yoleoescaparate.com\/index.php?rest_route=%2Fwp%2Fv2%2Fcategories&post=113109"},{"taxonomy":"post_tag","embeddable":true,"href":"https:\/\/www.yoleoescaparate.com\/index.php?rest_route=%2Fwp%2Fv2%2Ftags&post=113109"}],"curies":[{"name":"wp","href":"https:\/\/api.w.org\/{rel}","templated":true}]}}