{"id":113112,"date":"2024-04-27T09:33:04","date_gmt":"2024-04-27T07:33:04","guid":{"rendered":"https:\/\/www.yoleoescaparate.com\/?p=113112"},"modified":"2024-04-11T09:40:14","modified_gmt":"2024-04-11T07:40:14","slug":"el-mercado-de-la-verdura-protagonista-en-la-recta-final-de-las-xxviii-jornadas-gastronomicas-de-la-verdura-en-calahorra","status":"publish","type":"post","link":"https:\/\/www.yoleoescaparate.com\/?p=113112","title":{"rendered":"El mercado de la verdura protagonista en la recta final de las XXVIII Jornadas Gastron\u00f3micas de la Verdura en Calahorra"},"content":{"rendered":"\n<!--more-->\n\n\n\n<p>Adem\u00e1s de otras muchas actividades, el fin de semana el portagonosmo en las XXVIII Jornadas Gastron\u00f3micas de la Verdura es del tradicional mercado situado en las carpas del silo. Un buen momento para hacer acopio de las mejores verduras de los m\u00e1s exquisitos establecimientos de la ciudad.<\/p>\n\n\n\n<p><strong>S\u00c1BADO, 27<\/strong><br>Toda la actividad de este d\u00eda, salvo indicaci\u00f3n expresa de otra ubicaci\u00f3n, se desarrolla en el solar del Silo, carpa y aleda\u00f1os. La carpa acoge un estand de turismo donde se reparten folletos y est\u00e1n a la venta las publicaciones editadas sobre gastronom\u00eda.<br>10:30 h. Experiencia tur\u00edstica.<br>Visita a un campo, a la ciudad y al Museo de la Verdura con degustaci\u00f3n de pincho de verdura y vino. Precio: 3\u20ac.<br>Inscripci\u00f3n obligatoria previa en la oficina de Turismo: 941 10 50 61, turismo@calahorra.es.<br>Punto de encuentro (s\u00f3lo inscritos previamente): porches del Ayuntamiento.<br>Mercado de la carpa, de 10 a 14 h. y 17 a 21 h.<br>Jard\u00edn vertical \u201cCalahorra, Ciudad de la Verdura\u201d.<br>Ruleta de la Suerte durante el horario de apertura de la carpa.<br>11:30 h. Rinc\u00f3n del Catador.<br>Cata gratuita de aceite ofrecida por el CRDOP Aceite de La Rioja.<br>12 h. Visita guiada a la Catedral de Santa Mar\u00eda.<br>Punto de encuentro: p\u00f3rtico de la Catedral.<br>Tarifa visita guiada: 2 \u20ac\/pax. M\u00e1s informaci\u00f3n:<br>941 13 00 98.<br>12 h. Espect\u00e1culo infantil \u201cAnacardo y Clementina\u201d.<br>Espect\u00e1culo y taller infantil de recetas. Duraci\u00f3n de 2h. 30\u2019.<br>Hasta 25 participantes.<br>12:30 h. Sesi\u00f3n \u201cVerduras Gourmet\u201d con el cocinero calagurritano Diego S\u00e1enz Solano, asesor culinario de FINDUS.<br>Charla presentaci\u00f3n de findusfoodservice.es<br>Showcooking: tortillas de patatas con verduras gourmet.<br>Gran degustaci\u00f3n popular de habas con guisantes y ajos tiernos.<br>13 h. Vermut musical amenizado por DJ Ima M.<br>Lugar: traves\u00eda Paletillas.<br>17 a 23 h. Tardeo en la terraza del bar Oasis.<br>Organiza: bar Oasis. Paseo del Mercadal.<br>17:00 h. IX Trofeo de f\u00fatbol \u201cCalahorra, Ciudad de la Verdura\u201d.<br>CD Calahorra Veteranos &#8211; CA Osasuna Veteranos.<br>Organiza: CD Calahorra Veteranos.<br>Entrada libre.<br>Lugar: campo de f\u00fatbol del C.D.M. \u00abLa Planilla\u00bb.<br>17:30 h. Rinc\u00f3n del Catador.<br>Cata gratuita de aceite ofrecida por el CRDOP Aceite de La Rioja.<br>18 h. Festival de pelota. Torneo \u201cCiudad de la Verdura\u201d.<br>Lugar: front\u00f3n Barberito I. Retransmitido por TV.<br>1\u00ba partido: Labaka \u2013 Markaida vs Arteaga II \u2013 Oliden<br>(Campeonato de parejas LENC).<br>2\u00ba partido: Retegui BI &#8211; Irusta vs Iribarren \u2013 Garmendia.<br>(Campeonato de parejas LENC).<br>Organiza: Ayuntamiento de Calahorra con Garfe Pelota.<br>Precio: anticipada 10\u20ac (www.garfeonline.com, c\u00f3digo QR del cartel y en bar B5). Taquilla 12\u20ac.<br>18 h. Espect\u00e1culo infantil \u201cAnacardo y Clementina\u201d.<br>19 a 21 h. Tardeo en la carpa de las Jornadas Gastron\u00f3micas de la Verdura. Versiones de los 80 y 90 con La Jukebox.<br>20:30 h. I Marcha nocturna de las verduras.<br>Liga Ib\u00e9rica de senderismo. FEDME.<br>Punto de encuentro: parking gratuito del Parque del Cidacos.<br>Recorrido circular de 10,1 km.<br>M\u00e1s informaci\u00f3n: https:\/\/clubdemontanacalahorra.wordpress.<br>com\/i-marcha-nocturna-de-las-verduras-lis-2024\/<br>21 h. Cierre de la primera jornada del Mercado de la Verdura.<br><\/p>\n\n\n\n<p><strong>DOMINGO ,28<\/strong><br>Toda la actividad de este d\u00eda, salvo indicaci\u00f3n expresa de otra ubicaci\u00f3n, se desarrolla en el solar del Silo, carpa y aleda\u00f1os. La carpa acoge un estand de turismo donde se reparten folletos y est\u00e1n a la venta las publicaciones editadas sobre gastronom\u00eda.<br>Merdado en la carpa, de 10 a 14:30 h.<br>Jard\u00edn vertical \u201cCalahorra, Ciudad de la Verdura\u201d.<br>10:30 h. Experiencia tur\u00edstica.<br>Visita a un campo, a la ciudad y al Museo de la Verdura con degustaci\u00f3n de pincho de verdura y vino. Precio: 3\u20ac.<br>Inscripci\u00f3n obligatoria previa en la oficina de Turismo: 941 10 50 61, turismo@calahorra.es.<br>Punto de encuentro (s\u00f3lo inscritos previamente): porches del Ayuntamiento.<br>12:15 h. Actuaci\u00f3n del Grupo de Danzas Coletores de Calahorra.<br>Lugar: aparcamiento del Silo.<br>12:30 h. Degustaci\u00f3n a cargo de las pe\u00f1as recreativas locales.<br>Lugar: plaza de Toros.<br>Precio degustaci\u00f3n: 5\u20ac a beneficio de la asociaci\u00f3n San Isidro.<br>13 h. Ronda jotera a cargo de la Asociaci\u00f3n de Joteros y Joteras de Calahorra. Ronda por los bares colaboradores desde el paseo del Mercadal hasta la plaza del Raso.<br>14:30 h. Clausura del Mercado de la Verdura.<\/p>\n","protected":false},"excerpt":{"rendered":"","protected":false},"author":1,"featured_media":113113,"comment_status":"open","ping_status":"open","sticky":false,"template":"","format":"standard","meta":{"colormag_page_container_layout":"default_layout","colormag_page_sidebar_layout":"default_layout","om_disable_all_campaigns":false,"_monsterinsights_skip_tracking":false,"_monsterinsights_sitenote_active":false,"_monsterinsights_sitenote_note":"","_monsterinsights_sitenote_category":0,"footnotes":""},"categories":[4],"tags":[16,12,2429,174,2448],"class_list":["post-113112","post","type-post","status-publish","format-standard","has-post-thumbnail","hentry","category-calahorra","tag-calahorra","tag-escaparate","tag-jornadas-gastronomicas-de-la-verdura","tag-mercado","tag-recta-final"],"aioseo_notices":[],"_links":{"self":[{"href":"https:\/\/www.yoleoescaparate.com\/index.php?rest_route=\/wp\/v2\/posts\/113112","targetHints":{"allow":["GET"]}}],"collection":[{"href":"https:\/\/www.yoleoescaparate.com\/index.php?rest_route=\/wp\/v2\/posts"}],"about":[{"href":"https:\/\/www.yoleoescaparate.com\/index.php?rest_route=\/wp\/v2\/types\/post"}],"author":[{"embeddable":true,"href":"https:\/\/www.yoleoescaparate.com\/index.php?rest_route=\/wp\/v2\/users\/1"}],"replies":[{"embeddable":true,"href":"https:\/\/www.yoleoescaparate.com\/index.php?rest_route=%2Fwp%2Fv2%2Fcomments&post=113112"}],"version-history":[{"count":0,"href":"https:\/\/www.yoleoescaparate.com\/index.php?rest_route=\/wp\/v2\/posts\/113112\/revisions"}],"wp:featuredmedia":[{"embeddable":true,"href":"https:\/\/www.yoleoescaparate.com\/index.php?rest_route=\/wp\/v2\/media\/113113"}],"wp:attachment":[{"href":"https:\/\/www.yoleoescaparate.com\/index.php?rest_route=%2Fwp%2Fv2%2Fmedia&parent=113112"}],"wp:term":[{"taxonomy":"category","embeddable":true,"href":"https:\/\/www.yoleoescaparate.com\/index.php?rest_route=%2Fwp%2Fv2%2Fcategories&post=113112"},{"taxonomy":"post_tag","embeddable":true,"href":"https:\/\/www.yoleoescaparate.com\/index.php?rest_route=%2Fwp%2Fv2%2Ftags&post=113112"}],"curies":[{"name":"wp","href":"https:\/\/api.w.org\/{rel}","templated":true}]}}