{"id":113276,"date":"2024-04-16T13:39:09","date_gmt":"2024-04-16T11:39:09","guid":{"rendered":"https:\/\/www.yoleoescaparate.com\/?p=113276"},"modified":"2024-04-16T13:39:11","modified_gmt":"2024-04-16T11:39:11","slug":"ya-se-puede-solicitar-el-voto-por-correo-paralas-elecciones-al-parlamento-europeo-que-secelebraran-el-9-de-junio","status":"publish","type":"post","link":"https:\/\/www.yoleoescaparate.com\/?p=113276","title":{"rendered":"Ya se puede solicitar el voto por correo paralas elecciones al Parlamento Europeo que secelebrar\u00e1n el 9 de junio"},"content":{"rendered":"\n<!--more-->\n\n\n\n<p>Ya es posible solicitar el voto por correo para las elecciones al Parlamento Europeo que se celebrar\u00e1n en Espa\u00f1a el domingo, 9<br>de junio de 2024, de acuerdo con la convocatoria publicada hoy en el Bolet\u00ednOficial del Estado.<br>Los electores que decidan votar por correo pueden solicitar hasta el d\u00eda 30 de mayo (inclusive) el Certificado de su inscripci\u00f3n en el Censo Electoral<br>correspondiente. La obtenci\u00f3n de este certificado es requisito imprescindible para poder emitir el voto por correspondencia y puede solicitarse, por v\u00eda<br>telem\u00e1tica a trav\u00e9s de la web www.correos.es o presencialmente en cualquier oficina de Correos de Espa\u00f1a.<br><\/p>\n","protected":false},"excerpt":{"rendered":"","protected":false},"author":1,"featured_media":113277,"comment_status":"open","ping_status":"open","sticky":false,"template":"","format":"standard","meta":{"colormag_page_container_layout":"default_layout","colormag_page_sidebar_layout":"default_layout","om_disable_all_campaigns":false,"_monsterinsights_skip_tracking":false,"_monsterinsights_sitenote_active":false,"_monsterinsights_sitenote_note":"","_monsterinsights_sitenote_category":0,"footnotes":""},"categories":[21,45],"tags":[2486,740,12,2487,64,65,2485],"class_list":["post-113276","post","type-post","status-publish","format-standard","has-post-thumbnail","hentry","category-la-rioja","category-navarra","tag-9-junio","tag-correo","tag-escaparate","tag-europeas","tag-la-rioja","tag-navarra","tag-voto"],"aioseo_notices":[],"_links":{"self":[{"href":"https:\/\/www.yoleoescaparate.com\/index.php?rest_route=\/wp\/v2\/posts\/113276","targetHints":{"allow":["GET"]}}],"collection":[{"href":"https:\/\/www.yoleoescaparate.com\/index.php?rest_route=\/wp\/v2\/posts"}],"about":[{"href":"https:\/\/www.yoleoescaparate.com\/index.php?rest_route=\/wp\/v2\/types\/post"}],"author":[{"embeddable":true,"href":"https:\/\/www.yoleoescaparate.com\/index.php?rest_route=\/wp\/v2\/users\/1"}],"replies":[{"embeddable":true,"href":"https:\/\/www.yoleoescaparate.com\/index.php?rest_route=%2Fwp%2Fv2%2Fcomments&post=113276"}],"version-history":[{"count":0,"href":"https:\/\/www.yoleoescaparate.com\/index.php?rest_route=\/wp\/v2\/posts\/113276\/revisions"}],"wp:featuredmedia":[{"embeddable":true,"href":"https:\/\/www.yoleoescaparate.com\/index.php?rest_route=\/wp\/v2\/media\/113277"}],"wp:attachment":[{"href":"https:\/\/www.yoleoescaparate.com\/index.php?rest_route=%2Fwp%2Fv2%2Fmedia&parent=113276"}],"wp:term":[{"taxonomy":"category","embeddable":true,"href":"https:\/\/www.yoleoescaparate.com\/index.php?rest_route=%2Fwp%2Fv2%2Fcategories&post=113276"},{"taxonomy":"post_tag","embeddable":true,"href":"https:\/\/www.yoleoescaparate.com\/index.php?rest_route=%2Fwp%2Fv2%2Ftags&post=113276"}],"curies":[{"name":"wp","href":"https:\/\/api.w.org\/{rel}","templated":true}]}}