{"id":114147,"date":"2024-04-29T19:09:20","date_gmt":"2024-04-29T17:09:20","guid":{"rendered":"https:\/\/www.yoleoescaparate.com\/?p=114147"},"modified":"2024-04-29T19:09:21","modified_gmt":"2024-04-29T17:09:21","slug":"las-jornadas-gastronomica-se-convierten-en-una-autentica-fiesta-de-la-verdura","status":"publish","type":"post","link":"https:\/\/www.yoleoescaparate.com\/?p=114147","title":{"rendered":"Las Jornadas Gastron\u00f3mica se convierten en una aut\u00e9ntica fiesta de la verdura"},"content":{"rendered":"\n<!--more-->\n\n\n\n<p>Calahorra ha vivido una aut\u00e9ntica fiesta de la verdura del 19 al 28 de abril.<\/p>\n\n\n\n<p>La vig\u00e9simo octava edici\u00f3n de las Jornadas Gastron\u00f3micas de la Verdura han sido \u201cun \u00e9xito\u201d, ha destacado la concejala de Turismo, Reyes Zapata. \u201cHa habido mucho ambiente por la calle y mucha participaci\u00f3n en todas las actividades programadas\u201d, ha resaltado Zapata, que ha a\u00f1adido \u201chab\u00eda ganas de estas Jornadas\u201d.<\/p>\n\n\n\n<p>Ha continuado \u201cnos sentimos orgullosos de nuestros agricultores, de nuestras verduras, de nuestros cocineros y de nuestros artistas. Y ese sentimiento se ha notado estos d\u00edas en Calahorra y los hemos proyectado a todos los que nos han visitado. Hemos puesto en valor nuestra identidad como Ciudad de la Verdura\u201d.<\/p>\n\n\n\n<p>Aproximadamente 10.000 personas visitaron el Mercado de la Verdura el fin de semana, unas 1.000 m\u00e1s que el a\u00f1o pasado, y en el T\u00fanel del pincho se vendieron 8.400 tickets, 1.400 m\u00e1s que en 2023.<\/p>\n\n\n\n<p>Las ventas en el Mercado tambi\u00e9n se incrementaron respecto a la edici\u00f3n anterior, al igual que el n\u00famero de participantes, haci\u00e9ndolo m\u00e1s atractivo ya que hab\u00eda m\u00e1s expositores y una gran variedad de productos a la venta.<\/p>\n\n\n\n<p>En este sentido ha se\u00f1alado que \u201cla organizaci\u00f3n de&nbsp; actividades para todas las edades en la carpa ha sido un acierto\u201d.<\/p>\n\n\n\n<p>La XI Pasarela \u201cCiudad de la Verdura\u201d congreg\u00f3 a unas 1.000 personas de p\u00fablico y 400 personas degustaron las m\u00e1s de 2.200 raciones elaboradas por las seis pe\u00f1as, as\u00ed como 650 personas saborearon las habas con guisantes y ajos tiernos ofrecidas por Findus.<\/p>\n\n\n\n<p>Las plazas ofertadas para las experiencias tur\u00edsticas con verduras, desarrolladas durante las Jornadas Gastron\u00f3micas de la Verduras, se completaron los tres d\u00edas y el Museo de Verdura entre el 19 y el 28 de abril recibi\u00f3 la visita de 944 visitas, procedentes de Calahorra, Zaragoza, Bilbao, Canarias,\u2026<\/p>\n\n\n\n<p>M\u00e1s de 1.991 escolares <strong>de Educaci\u00f3n Infantil, Primaria y 1\u00ba de la ESO de los centros educativos de la ciudad <\/strong>participaron en el programa <strong>de educaci\u00f3n alimentaria, organizado por el Ayuntamiento de Calahorra con la colaboraci\u00f3n<\/strong>&nbsp;del Centro de Formaci\u00f3n Profesional \u2018La Planilla\u2019, la Cooperativa \u2018Santos M\u00e1rtires\u2019, \u2018El Mercado de Miguel\u2019, el Consejo Regulador del Aceite de La Rioja, el cocinero Gabriel P\u00e9rez y el joyero Jes\u00fas \u00c1ngel Ruiz<strong>, as\u00ed como en las visitas a campos e invernaderos.<\/strong><strong><\/strong><\/p>\n\n\n\n<p><strong>Las cuatro citas deportivas programadas tambi\u00e9n tuvieron una muy buena acogida. 440 personas se inscribieron en la XIV Carrera popular \u2018Ciudad de la Verdura\u2019 y 150<\/strong><strong> <\/strong><strong>en la primera Marcha nocturna de las verduras. 200 aficionados a la pelota siguieron el Festival de pelota y para el IX Trofeo de f\u00fatbol \u2018Ciudad de la Verdura\u2019 se repartieron 130 invitaciones.<\/strong><strong><\/strong><\/p>\n\n\n\n<p>Las exposiciones y las actividades culturales han tenido muy buena aceptaci\u00f3n tambi\u00e9n.<strong><\/strong><\/p>\n\n\n\n<p>El Centro Fundaci\u00f3n Caja Rioja llen\u00f3 su aforo durante la grabaci\u00f3n del programa \u2018Lev\u00e1ntate Ok\u2019 con Javier C\u00e1rdenas y 208 personas asistieron a las tres charlas que se impartieron los d\u00edas 23, 24 y 25 de abril.<\/p>\n\n\n\n<p>Los restaurantes y bares han tenido una gran afluencia de clientes todos los d\u00edas, atra\u00eddos por esos deliciosos pinchos de verduras y men\u00fas degustaci\u00f3n. Muchos de ellos con las reservas completas todos los d\u00edas.<\/p>\n\n\n\n<p>Las siete verduras gigantes han decorado y alegrado la ciudad, adem\u00e1s de convertirse en el mejor photocall para hacerse una fotograf\u00eda de recuerdo de la \u2018Ciudad de la Verdura\u2019 y de las Jornadas Gastron\u00f3micas de la Verdura.<\/p>\n\n\n\n<p>Esta vig\u00e9simo octava edici\u00f3n de esta Fiesta de Inter\u00e9s Tur\u00edstico Regional ha tenido una gran repercusi\u00f3n medi\u00e1tica local, regional y nacional. Nuestras verduras han salido en los informativos y en varios programas de televisi\u00f3n de cadenas nacionales.<\/p>\n\n\n\n<p>En este sentido, tanto los restauradores locales como los comerciantes participantes en el Mercado han subrayado que muchos de sus clientes eran de fuera de Calahorra, procedentes de otros municipios de La Rioja, del Pa\u00eds Vasco, Madrid, Arag\u00f3n y Catalu\u00f1a.<\/p>\n\n\n\n<p>Desde el Ayuntamiento de Calahorra queremos dar las gracias a todos los que han colaborado para que las Jornadas Gastron\u00f3micas de la Verdura fueran un \u00e9xito.<\/p>\n\n\n\n<p>Empezamos a trabajar en la preparaci\u00f3n de la siguiente edici\u00f3n.<strong><\/strong><\/p>\n","protected":false},"excerpt":{"rendered":"","protected":false},"author":1,"featured_media":114148,"comment_status":"open","ping_status":"open","sticky":false,"template":"","format":"standard","meta":{"colormag_page_container_layout":"default_layout","colormag_page_sidebar_layout":"default_layout","om_disable_all_campaigns":false,"_monsterinsights_skip_tracking":false,"_monsterinsights_sitenote_active":false,"_monsterinsights_sitenote_note":"","_monsterinsights_sitenote_category":0,"footnotes":""},"categories":[4],"tags":[291,16,12,1088,2484],"class_list":["post-114147","post","type-post","status-publish","format-standard","has-post-thumbnail","hentry","category-calahorra","tag-abril","tag-calahorra","tag-escaparate","tag-fiesta","tag-jornadas-gastronomicas-de-la-verdura-2"],"aioseo_notices":[],"_links":{"self":[{"href":"https:\/\/www.yoleoescaparate.com\/index.php?rest_route=\/wp\/v2\/posts\/114147","targetHints":{"allow":["GET"]}}],"collection":[{"href":"https:\/\/www.yoleoescaparate.com\/index.php?rest_route=\/wp\/v2\/posts"}],"about":[{"href":"https:\/\/www.yoleoescaparate.com\/index.php?rest_route=\/wp\/v2\/types\/post"}],"author":[{"embeddable":true,"href":"https:\/\/www.yoleoescaparate.com\/index.php?rest_route=\/wp\/v2\/users\/1"}],"replies":[{"embeddable":true,"href":"https:\/\/www.yoleoescaparate.com\/index.php?rest_route=%2Fwp%2Fv2%2Fcomments&post=114147"}],"version-history":[{"count":0,"href":"https:\/\/www.yoleoescaparate.com\/index.php?rest_route=\/wp\/v2\/posts\/114147\/revisions"}],"wp:featuredmedia":[{"embeddable":true,"href":"https:\/\/www.yoleoescaparate.com\/index.php?rest_route=\/wp\/v2\/media\/114148"}],"wp:attachment":[{"href":"https:\/\/www.yoleoescaparate.com\/index.php?rest_route=%2Fwp%2Fv2%2Fmedia&parent=114147"}],"wp:term":[{"taxonomy":"category","embeddable":true,"href":"https:\/\/www.yoleoescaparate.com\/index.php?rest_route=%2Fwp%2Fv2%2Fcategories&post=114147"},{"taxonomy":"post_tag","embeddable":true,"href":"https:\/\/www.yoleoescaparate.com\/index.php?rest_route=%2Fwp%2Fv2%2Ftags&post=114147"}],"curies":[{"name":"wp","href":"https:\/\/api.w.org\/{rel}","templated":true}]}}