{"id":115995,"date":"2024-06-04T12:18:24","date_gmt":"2024-06-04T10:18:24","guid":{"rendered":"https:\/\/www.yoleoescaparate.com\/?p=115995"},"modified":"2024-06-04T12:18:25","modified_gmt":"2024-06-04T10:18:25","slug":"en-marcha-el-autobus-voy-y-vengo-y-el-bus-playa","status":"publish","type":"post","link":"https:\/\/www.yoleoescaparate.com\/?p=115995","title":{"rendered":"En marcha el autob\u00fas \u2018Voy y vengo\u2019 y el \u2018Bus Playa\u2019"},"content":{"rendered":"\n<!--more-->\n\n\n\n<p>El servicio de autob\u00fas \u201cVoy y vengo\u201d, que ofrece el Ayuntamiento de Calahorra a los j\u00f3venes para que se diviertan en las fiestas de un modo seguro, ampl\u00eda sus destinos un a\u00f1o m\u00e1s. Este verano tambi\u00e9n viajar\u00e1 hasta Pamplona, adem\u00e1s de a San Adri\u00e1n, Rinc\u00f3n de Soto, Alfaro, Pradej\u00f3n, Logro\u00f1o y Arnedo.<\/p>\n\n\n\n<p>\u201cApostamos por un ocio juvenil seguro. Queremos que los j\u00f3venes calagurritanos disfruten de las fiestas de los municipios pr\u00f3ximos a Calahorra sin correr riesgos en la carretera\u201d, ha resaltado el concejal de Juventud, Iv\u00e1n Jim\u00e9nez, que ha recordado que \u201cel a\u00f1o pasado aumentamos la oferta con tres destinos m\u00e1s y este a\u00f1o la seguimos incrementando con uno m\u00e1s, hasta llegar a 7 municipios\u201d.<\/p>\n\n\n\n<p>El Ayuntamiento ofrece 378 plazas para los 7 destinos. El verano pasado se completaron todos los autobuses.<\/p>\n\n\n\n<p>El primer servicio del \u2018Voy y vengo\u201d ser\u00e1 Pamplona para celebrar la fiesta de San Ferm\u00edn el 13 de julio. En julio tambi\u00e9n, el 27, se desplazar\u00e1 a San Adri\u00e1n para asistir a sus fiestas patronales en honor a las Santas Reliquias.<\/p>\n\n\n\n<p>Durante el mes de agosto recorrer\u00e1 Rinc\u00f3n de Soto el 3 de agosto y Alfaro el 17 de agosto con motivo de la celebraci\u00f3n de la Virgen de Carravieso y de la festividad de San Roque y San Ezequiel, respectivamente.<\/p>\n\n\n\n<p>Adem\u00e1s, en septiembre este bus har\u00e1 tres servicios. El 7 de septiembre a Pradej\u00f3n a las fiestas de San Antonio, el 21 de septiembre a Logro\u00f1o, coincidiendo con el chupinazo de los sanmateos, y el 28 de septiembre a las fiestas en honor de San Cosme y San Dami\u00e1n de Arnedo.&nbsp;<\/p>\n\n\n\n<p>El bus \u2018Voy y vengo\u2019 saldr\u00e1 de la estaci\u00f3n de autobuses de Calahorra a las 23:30 horas para acudir a las fiestas de San Adri\u00e1n, Rinc\u00f3n de Soto, Alfaro, Pradej\u00f3n y Arnedo. La vuelta ser\u00e1 a las 6:30 horas.<\/p>\n\n\n\n<p>El precio de los billetes para estos destinos es de 5 euros.<\/p>\n\n\n\n<p>La salida para disfrutar de los sanfermines ser\u00e1 a las 21:00 horas y el regreso a las 8:30 horas y para celebrar San Mateo el bus saldr\u00e1 a las 9:30 horas y volver\u00e1 a las 21:00 horas a Calahorra.<\/p>\n\n\n\n<p>El ticket del bus para viajar a Pamplona costar\u00e1 12 euros y 8 euros el de Logro\u00f1o.<\/p>\n\n\n\n<p>Los billetes del \u2018Voy y vengo\u2019 se pondr\u00e1n a la venta el lunes de la misma semana del viaje en la agencia Viajes Zafiro en el Centro comercial ARCCA. A la hora de adquirir el billete habr\u00e1 que indicar&nbsp; nombre, apellidos y&nbsp; n\u00famero de tel\u00e9fono de contacto.<\/p>\n\n\n\n<p>Si el viajero es un menor, deber\u00e1 aportar la autorizaci\u00f3n firmada por la madre\/madre\/tutor, que ser\u00e1 facilitada en la agencia de viajes.<\/p>\n\n\n\n<p><strong>Bus Playa<\/strong><\/p>\n\n\n\n<p>Este verano los calagurritanos que quieran ir a la playa lo tienen m\u00e1s f\u00e1cil.<\/p>\n\n\n\n<p>El Ayuntamiento de Calahorra pone en marcha el \u2018Bus Playa\u2019. \u201cUn nuevo servicio que nos comprometimos a realizar para ofrecer novedosas y diferentes alternativas de ocio a los ciudadanos para los meses de verano\u201d, ha valorado el concejal de Juventud, Iv\u00e1n Jim\u00e9nez.<\/p>\n\n\n\n<p>El \u2018Bus Playa\u2019 viajar\u00e1 a Zarauz, Orio y Laredo. Todos ellos son municipios costeros, ba\u00f1ados por el mar Cant\u00e1brico, muy atractivos y concurridos por sus magn\u00edficas playas.<\/p>\n\n\n\n<p>Zarauz es el primer destino del verano el 21 de julio. El 28 de julio el \u2018Bus playa\u2019 se desplazar\u00e1 a Orio y el 4 de agosto a Laredo.<\/p>\n\n\n\n<p>Las salidas de los dos primeros viajes ser\u00e1n a las 8:00 horas y a las 7:30 horas para Laredo. Todas desde la estaci\u00f3n de autobuses de Calahorra y los regresos a las 19:00 horas desde las playas de los tres municipios.<\/p>\n\n\n\n<p>El precio de los billetes del \u2018Bus Playa\u2019 es de 13 euros y se pondr\u00e1n a la venta el lunes de la misma semana del viaje en la agencia Viajes Zafiro en el Centro comercial ARCCA. A la hora de adquirir el billete habr\u00e1 que indicar&nbsp; nombre, apellidos y&nbsp; n\u00famero de tel\u00e9fono de contacto.<\/p>\n\n\n\n<p>Si el viajero es un menor, deber\u00e1 aportar la autorizaci\u00f3n firmada por la madre\/madre\/tutor, que ser\u00e1 facilitada en la agencia de viajes.<\/p>\n\n\n\n<p>El Ayuntamiento de Calahorra oferta 54 plazas para cada uno de los destinos estivales, siendo 27 el n\u00famero m\u00ednimo de viajeros para que pueda realizarse el servicio.<\/p>\n","protected":false},"excerpt":{"rendered":"","protected":false},"author":1,"featured_media":115996,"comment_status":"open","ping_status":"open","sticky":false,"template":"","format":"standard","meta":{"colormag_page_container_layout":"default_layout","colormag_page_sidebar_layout":"default_layout","om_disable_all_campaigns":false,"_monsterinsights_skip_tracking":false,"_monsterinsights_sitenote_active":false,"_monsterinsights_sitenote_note":"","_monsterinsights_sitenote_category":0,"footnotes":""},"categories":[4],"tags":[2875,16,12,609,542],"class_list":["post-115995","post","type-post","status-publish","format-standard","has-post-thumbnail","hentry","category-calahorra","tag-bus-playa","tag-calahorra","tag-escaparate","tag-seguridad","tag-voy-y-vengo"],"aioseo_notices":[],"_links":{"self":[{"href":"https:\/\/www.yoleoescaparate.com\/index.php?rest_route=\/wp\/v2\/posts\/115995","targetHints":{"allow":["GET"]}}],"collection":[{"href":"https:\/\/www.yoleoescaparate.com\/index.php?rest_route=\/wp\/v2\/posts"}],"about":[{"href":"https:\/\/www.yoleoescaparate.com\/index.php?rest_route=\/wp\/v2\/types\/post"}],"author":[{"embeddable":true,"href":"https:\/\/www.yoleoescaparate.com\/index.php?rest_route=\/wp\/v2\/users\/1"}],"replies":[{"embeddable":true,"href":"https:\/\/www.yoleoescaparate.com\/index.php?rest_route=%2Fwp%2Fv2%2Fcomments&post=115995"}],"version-history":[{"count":0,"href":"https:\/\/www.yoleoescaparate.com\/index.php?rest_route=\/wp\/v2\/posts\/115995\/revisions"}],"wp:featuredmedia":[{"embeddable":true,"href":"https:\/\/www.yoleoescaparate.com\/index.php?rest_route=\/wp\/v2\/media\/115996"}],"wp:attachment":[{"href":"https:\/\/www.yoleoescaparate.com\/index.php?rest_route=%2Fwp%2Fv2%2Fmedia&parent=115995"}],"wp:term":[{"taxonomy":"category","embeddable":true,"href":"https:\/\/www.yoleoescaparate.com\/index.php?rest_route=%2Fwp%2Fv2%2Fcategories&post=115995"},{"taxonomy":"post_tag","embeddable":true,"href":"https:\/\/www.yoleoescaparate.com\/index.php?rest_route=%2Fwp%2Fv2%2Ftags&post=115995"}],"curies":[{"name":"wp","href":"https:\/\/api.w.org\/{rel}","templated":true}]}}