{"id":117143,"date":"2024-07-03T11:56:23","date_gmt":"2024-07-03T09:56:23","guid":{"rendered":"https:\/\/www.yoleoescaparate.com\/?p=117143"},"modified":"2024-07-03T11:56:26","modified_gmt":"2024-07-03T09:56:26","slug":"el-gobierno-de-la-rioja-impulsa-puntos-violetas-en-los-municipios-riojanos","status":"publish","type":"post","link":"https:\/\/www.yoleoescaparate.com\/?p=117143","title":{"rendered":"El Gobierno de La Rioja impulsa \u2018Puntos Violetas\u2019 en los municipios riojanos"},"content":{"rendered":"\n<!--more-->\n\n\n\n<p>El Gobierno de La Rioja, a trav\u00e9s de la Subdirecci\u00f3n General de Igualdad, ofrece a los municipios riojanos la posibilidad de contar con espacios libres de violencia hacia las mujeres, \u2018Puntos Violetas\u2019, con el fin de promover acciones de sensibilizaci\u00f3n, participaci\u00f3n e implicaci\u00f3n de la ciudadan\u00eda en favor de la igualdad de g\u00e9nero, as\u00ed como eliminar y prevenir todo tipo de violencia contra las mujeres y, especialmente, la de car\u00e1cter sexual durante las fiestas o actos de ocio, seg\u00fan ha explicado hoy, d\u00eda 3, la subdirectora general de igualdad, Bego\u00f1a Mara\u00f1\u00f3n.<\/p>\n\n\n\n<p>Durante 2024, ha explicado Mara\u00f1on, \u201cse han consolidado los \u2018Puntos Violetas\u2019 puesto que se instalar\u00e1n un total de 26 espacios de informaci\u00f3n y prevenci\u00f3n en 18 municipios riojanos. De hecho, se ha incrementado significativamente tanto el n\u00famero de instalaciones como de horas de servicio, pasando a 112 horas durante este a\u00f1o. Cada a\u00f1o son m\u00e1s los ayuntamientos riojanos interesados en estos espacios libres de violencia hacia las mujeres\u201d, ha dicho.<\/p>\n\n\n\n<p>Esta herramienta para informar y prevenir actitudes y agresiones sexistas ya se ha instalado durante las pasadas fiestas de San Pedro en los municipios de N\u00e1jera y Haro, informando y repartiendo folletos informativos, abanicos o pulseras, a un total de 627 personas. Durante este verano, estos espacios se instalar\u00e1n en Lardero, Santo Domingo de la Calzada, Entrena, Calahorra, Arnedo, Alfaro, Albelda de Iregua, Fuenmayor, Aldeanueva de Ebro, Navarrete, Quel, Ezcaray, Cenicero, Murillo de R\u00edo Leza, Agoncillo y en en los festivales Muwi y Actual de Logro\u00f1o.<\/p>\n\n\n\n<p><strong>Espacio seguro para la atenci\u00f3n y activaci\u00f3n de protocolos<\/strong><\/p>\n\n\n\n<p>Los \u2018Puntos Violetas\u2019 son espacios informativos de referencia sobre los recursos y servicios disponibles en la Comunidad Aut\u00f3noma de La Rioja en materia de prevenci\u00f3n de la violencia de g\u00e9nero. Su objetivo es acoger, derivar y acompa\u00f1ar a los servicios oportunos, en caso de necesidad, a personas v\u00edctimas de situaciones de violencia sexual y\/o agresiones sexistas. As\u00ed como fomentar el disfrute de los espacios festivos y de ocio desde el respeto, el buen trato y la igualdad de g\u00e9nero.<\/p>\n\n\n\n<p>Otra de las finalidades de este servicio tiene que ver con ampliar los conocimientos y competencias de la ciudan\u00eda, especialmente juvenil, puesto que es un servicio dirigido a j\u00f3venes de 14 a 30 a\u00f1os, en el marco de la prevenci\u00f3n y erradicaci\u00f3n de la violencia de g\u00e9nero, fomentando as\u00ed una respuesta unitaria de \u2018tolerancia cero\u2019 ante ella.<\/p>\n\n\n\n<p>Cada \u2018Punto Violeta\u2019 est\u00e1 atendido por un equipo t\u00e9cnico experto en materia de igualdad y violencia de g\u00e9nero, lo integran dos profesionales especializados que siempre est\u00e1n presentes, salvo cuando sea preciso acompa\u00f1ar a posibles v\u00edctimas a recursos espec\u00edficos.<\/p>\n\n\n\n<p>El personal que presta el servicio cuenta con titulaci\u00f3n universitaria en el \u00e1mbito socioeducativo (trabajo social, psicolog\u00eda, educaci\u00f3n social, pedagog\u00eda y magisterio) y formaci\u00f3n espec\u00edfica en igualdad de g\u00e9nero y\/o violencia contra las mujeres.<\/p>\n","protected":false},"excerpt":{"rendered":"","protected":false},"author":1,"featured_media":117144,"comment_status":"open","ping_status":"open","sticky":false,"template":"","format":"standard","meta":{"colormag_page_container_layout":"default_layout","colormag_page_sidebar_layout":"default_layout","om_disable_all_campaigns":false,"_monsterinsights_skip_tracking":false,"_monsterinsights_sitenote_active":false,"_monsterinsights_sitenote_note":"","_monsterinsights_sitenote_category":0,"footnotes":""},"categories":[21],"tags":[12,64,3130,2144,826],"class_list":["post-117143","post","type-post","status-publish","format-standard","has-post-thumbnail","hentry","category-la-rioja","tag-escaparate","tag-la-rioja","tag-libres-de-violencia","tag-mujeres","tag-municipios"],"aioseo_notices":[],"_links":{"self":[{"href":"https:\/\/www.yoleoescaparate.com\/index.php?rest_route=\/wp\/v2\/posts\/117143","targetHints":{"allow":["GET"]}}],"collection":[{"href":"https:\/\/www.yoleoescaparate.com\/index.php?rest_route=\/wp\/v2\/posts"}],"about":[{"href":"https:\/\/www.yoleoescaparate.com\/index.php?rest_route=\/wp\/v2\/types\/post"}],"author":[{"embeddable":true,"href":"https:\/\/www.yoleoescaparate.com\/index.php?rest_route=\/wp\/v2\/users\/1"}],"replies":[{"embeddable":true,"href":"https:\/\/www.yoleoescaparate.com\/index.php?rest_route=%2Fwp%2Fv2%2Fcomments&post=117143"}],"version-history":[{"count":0,"href":"https:\/\/www.yoleoescaparate.com\/index.php?rest_route=\/wp\/v2\/posts\/117143\/revisions"}],"wp:featuredmedia":[{"embeddable":true,"href":"https:\/\/www.yoleoescaparate.com\/index.php?rest_route=\/wp\/v2\/media\/117144"}],"wp:attachment":[{"href":"https:\/\/www.yoleoescaparate.com\/index.php?rest_route=%2Fwp%2Fv2%2Fmedia&parent=117143"}],"wp:term":[{"taxonomy":"category","embeddable":true,"href":"https:\/\/www.yoleoescaparate.com\/index.php?rest_route=%2Fwp%2Fv2%2Fcategories&post=117143"},{"taxonomy":"post_tag","embeddable":true,"href":"https:\/\/www.yoleoescaparate.com\/index.php?rest_route=%2Fwp%2Fv2%2Ftags&post=117143"}],"curies":[{"name":"wp","href":"https:\/\/api.w.org\/{rel}","templated":true}]}}