{"id":117280,"date":"2024-07-10T15:22:40","date_gmt":"2024-07-10T13:22:40","guid":{"rendered":"https:\/\/www.yoleoescaparate.com\/?p=117280"},"modified":"2024-07-10T15:24:14","modified_gmt":"2024-07-10T13:24:14","slug":"la-delegada-del-gobierno-visita-las-obras-de-restauracion-de-la-colegiata-de-san-miguel-arcangel-de-alfaro","status":"publish","type":"post","link":"https:\/\/www.yoleoescaparate.com\/?p=117280","title":{"rendered":"La delegada del Gobierno visita las obras de restauraci\u00f3n de la Colegiata de San Miguel Arc\u00e1ngel de Alfaro"},"content":{"rendered":"\n<!--more-->\n\n\n\n<p>La delegada del Gobierno en La Rioja, Beatriz Arraiz Nalda, ha visitado esta ma\u00f1ana las obras de restauraci\u00f3n de los z\u00f3calos del interior de la Colegiata de San Miguel Arc\u00e1ngel de Alfaro, financiada al 100 por 100 con fondos propios del Ministerio de Vivienda y Agenda Urbana, con cargo a los cr\u00e9ditos del Programa de Rehabilitaci\u00f3n Arquitect\u00f3nica, que gestiona la Direcci\u00f3n General de Agenda Urbana y Arquitectura. La adjudicaci\u00f3n del contrato de obras se aprob\u00f3 en noviembre de 2023 por un valor de 671.997,63 euros, IVA incluido.<\/p>\n\n\n\n<p>La Colegiata de San Miguel Arc\u00e1ngel es un templo cat\u00f3lico ubicado en la Plaza de Espa\u00f1a de Alfaro, declarado Monumento Nacional el 23 de abril de 1976. Es el santuario m\u00e1s grande de La Rioja y la \u00fanica colegiata de Espa\u00f1a realizada por completo en ladrillo.<\/p>\n\n\n\n<p><strong>Actuaciones<\/strong><\/p>\n\n\n\n<p>El principal objetivo de las obras consiste en paliar las principales consecuencias causadas por la gran humedad surgida por los efectos de la capilaridad y que ha deteriorado, a lo largo del tiempo, las basas de pilares y pilastras y el mortero de los muros hasta cotas variables, ocasionando desprendimientos en gran parte del mismo.<\/p>\n\n\n\n<p>Para ello, se emplear\u00e1n basas y z\u00f3calos de madera desmontables, con aplicaci\u00f3n de tratamiento hidr\u00f3fugo, que permitir\u00e1n una continua ventilaci\u00f3n de los z\u00f3calos y posibilitar\u00e1 la limpieza peri\u00f3dica de las sales.<\/p>\n\n\n\n<p>Por otra parte, se reparar\u00e1n los muros afectados por el deterioro de los morteros mediante la realizaci\u00f3n de un nuevo revestimiento de cal, para dotar al templo de una imagen adecuada, en consonancia con sus necesidades y uso, as\u00ed como con sus importantes valores hist\u00f3rico-art\u00edsticos.<\/p>\n\n\n\n<p>Con anterioridad, el Ministerio ha intervenido diferentes fases en la Colegiata, aportando una cuant\u00eda superior a 6 millones de euros entre los ejercicios 2004 y 2009.<\/p>\n\n\n\n<p><strong>Programa de Rehabilitaci\u00f3n Arquitect\u00f3nica y 2% Cultural<\/strong><\/p>\n\n\n\n<p>Esta actuaci\u00f3n de protecci\u00f3n y salvaguarda del Patrimonio Cultural Espa\u00f1ol se realiza en el marco del Programa de Rehabilitaci\u00f3n del Patrimonio Arquitect\u00f3nico. Este Programa consiste en la ejecuci\u00f3n de obras relevantes de rehabilitaci\u00f3n del patrimonio arquitect\u00f3nico espa\u00f1ol y dotaci\u00f3n de equipamientos p\u00fablicos con los presupuestos propios del Ministerio.<\/p>\n\n\n\n<p>En estos casos, el Ministerio act\u00faa como \u00f3rgano de contrataci\u00f3n de las obras, estando asignada una inversi\u00f3n en los Presupuestos Generales del Estado.<\/p>\n","protected":false},"excerpt":{"rendered":"","protected":false},"author":1,"featured_media":117281,"comment_status":"open","ping_status":"open","sticky":false,"template":"","format":"standard","meta":{"colormag_page_container_layout":"default_layout","colormag_page_sidebar_layout":"default_layout","om_disable_all_campaigns":false,"_monsterinsights_skip_tracking":false,"_monsterinsights_sitenote_active":false,"_monsterinsights_sitenote_note":"","_monsterinsights_sitenote_category":0,"footnotes":""},"categories":[5],"tags":[72,887,3165,12,1493,2317,137],"class_list":["post-117280","post","type-post","status-publish","format-standard","has-post-thumbnail","hentry","category-alfaro","tag-alfaro","tag-colegiata","tag-delegada-gobierno","tag-escaparate","tag-restauracion","tag-san-miguel-arcangel","tag-visita"],"aioseo_notices":[],"_links":{"self":[{"href":"https:\/\/www.yoleoescaparate.com\/index.php?rest_route=\/wp\/v2\/posts\/117280","targetHints":{"allow":["GET"]}}],"collection":[{"href":"https:\/\/www.yoleoescaparate.com\/index.php?rest_route=\/wp\/v2\/posts"}],"about":[{"href":"https:\/\/www.yoleoescaparate.com\/index.php?rest_route=\/wp\/v2\/types\/post"}],"author":[{"embeddable":true,"href":"https:\/\/www.yoleoescaparate.com\/index.php?rest_route=\/wp\/v2\/users\/1"}],"replies":[{"embeddable":true,"href":"https:\/\/www.yoleoescaparate.com\/index.php?rest_route=%2Fwp%2Fv2%2Fcomments&post=117280"}],"version-history":[{"count":0,"href":"https:\/\/www.yoleoescaparate.com\/index.php?rest_route=\/wp\/v2\/posts\/117280\/revisions"}],"wp:featuredmedia":[{"embeddable":true,"href":"https:\/\/www.yoleoescaparate.com\/index.php?rest_route=\/wp\/v2\/media\/117281"}],"wp:attachment":[{"href":"https:\/\/www.yoleoescaparate.com\/index.php?rest_route=%2Fwp%2Fv2%2Fmedia&parent=117280"}],"wp:term":[{"taxonomy":"category","embeddable":true,"href":"https:\/\/www.yoleoescaparate.com\/index.php?rest_route=%2Fwp%2Fv2%2Fcategories&post=117280"},{"taxonomy":"post_tag","embeddable":true,"href":"https:\/\/www.yoleoescaparate.com\/index.php?rest_route=%2Fwp%2Fv2%2Ftags&post=117280"}],"curies":[{"name":"wp","href":"https:\/\/api.w.org\/{rel}","templated":true}]}}