{"id":118217,"date":"2024-08-22T08:00:00","date_gmt":"2024-08-22T06:00:00","guid":{"rendered":"https:\/\/www.yoleoescaparate.com\/?p=118217"},"modified":"2024-08-02T13:23:51","modified_gmt":"2024-08-02T11:23:51","slug":"todo-a-punto-en-aldeanueva-de-ebro","status":"publish","type":"post","link":"https:\/\/www.yoleoescaparate.com\/?p=118217","title":{"rendered":"Todo a punto en Aldeanueva de Ebro"},"content":{"rendered":"\n<!--more-->\n\n\n\n<p>Hoy es el d\u00eda de los nacios en Aldeanueva de Ebro desde julio de 2023<\/p>\n\n\n\n<p><strong>Jueves, d\u00eda 22 de Agosto<\/strong><br>A las 12,00 h, en el Museo del Vino, el Alcalde de Aldeanueva har\u00e1 entrega de un detalle para las fiestas de San Bartolom\u00e9, a todos los nacidos desde julio de 2023 hasta junio de 2024.<br>Celebraci\u00f3n de la \u00ab10\u00aa Carrera del encierro. Inscripci\u00f3n gratuita en la plaza de toros a partir de las 18.30 h.<br>19,30 h.- Carrera de las Categor\u00edas inferiores.<br>20,00 h.- Carrera de la Categor\u00eda absoluta.<br>Lugar: las carreras se desarrollar\u00e1n por todo el recorrido del encierro, con llegada y salida desde la Plaza de toros.<br>Organiza: Ayuntamiento de Aldeanueva de Ebro.<br>Colabora: Club de Atletismo Entrevi\u00f1as.<br>23,00 h.- Concierto con el grupo \u201cBruno Y Lorena\u201d.<br>Lugar: Plaza de Espa\u00f1a.<br>Organiza: Ayuntamiento de Aldeanueva de Ebro.<\/p>\n","protected":false},"excerpt":{"rendered":"","protected":false},"author":1,"featured_media":118218,"comment_status":"open","ping_status":"open","sticky":false,"template":"","format":"standard","meta":{"colormag_page_container_layout":"default_layout","colormag_page_sidebar_layout":"default_layout","om_disable_all_campaigns":false,"_monsterinsights_skip_tracking":false,"_monsterinsights_sitenote_active":false,"_monsterinsights_sitenote_note":"","_monsterinsights_sitenote_category":0,"footnotes":""},"categories":[6],"tags":[3310,119,12,3309],"class_list":["post-118217","post","type-post","status-publish","format-standard","has-post-thumbnail","hentry","category-aldeanueva-de-ebro","tag-3310","tag-aldeanueva-de-ebro","tag-escaparate","tag-nacidos"],"aioseo_notices":[],"_links":{"self":[{"href":"https:\/\/www.yoleoescaparate.com\/index.php?rest_route=\/wp\/v2\/posts\/118217","targetHints":{"allow":["GET"]}}],"collection":[{"href":"https:\/\/www.yoleoescaparate.com\/index.php?rest_route=\/wp\/v2\/posts"}],"about":[{"href":"https:\/\/www.yoleoescaparate.com\/index.php?rest_route=\/wp\/v2\/types\/post"}],"author":[{"embeddable":true,"href":"https:\/\/www.yoleoescaparate.com\/index.php?rest_route=\/wp\/v2\/users\/1"}],"replies":[{"embeddable":true,"href":"https:\/\/www.yoleoescaparate.com\/index.php?rest_route=%2Fwp%2Fv2%2Fcomments&post=118217"}],"version-history":[{"count":0,"href":"https:\/\/www.yoleoescaparate.com\/index.php?rest_route=\/wp\/v2\/posts\/118217\/revisions"}],"wp:featuredmedia":[{"embeddable":true,"href":"https:\/\/www.yoleoescaparate.com\/index.php?rest_route=\/wp\/v2\/media\/118218"}],"wp:attachment":[{"href":"https:\/\/www.yoleoescaparate.com\/index.php?rest_route=%2Fwp%2Fv2%2Fmedia&parent=118217"}],"wp:term":[{"taxonomy":"category","embeddable":true,"href":"https:\/\/www.yoleoescaparate.com\/index.php?rest_route=%2Fwp%2Fv2%2Fcategories&post=118217"},{"taxonomy":"post_tag","embeddable":true,"href":"https:\/\/www.yoleoescaparate.com\/index.php?rest_route=%2Fwp%2Fv2%2Ftags&post=118217"}],"curies":[{"name":"wp","href":"https:\/\/api.w.org\/{rel}","templated":true}]}}