{"id":118472,"date":"2024-08-06T07:28:48","date_gmt":"2024-08-06T05:28:48","guid":{"rendered":"https:\/\/www.yoleoescaparate.com\/?p=118472"},"modified":"2024-08-06T07:28:51","modified_gmt":"2024-08-06T05:28:51","slug":"hoy-se-abre-el-periodo-de-inscripcion-para-el-promostock-de-verano-de-calahorra","status":"publish","type":"post","link":"https:\/\/www.yoleoescaparate.com\/?p=118472","title":{"rendered":"Hoy se abre el periodo de inscripci\u00f3n para el Promostock de verano de Calahorra"},"content":{"rendered":"\n<!--more-->\n\n\n\n<p>El Ayuntamiento de Calahorra con la colaboraci\u00f3n de la Agencia de Desarrollo Econ\u00f3mico de La Rioja (ADER) organizar\u00e1 una nueva edici\u00f3n de laferia de oportunidades Promostockdel 6 al 8 de septiembre en el paseo del Mercadal.<\/p>\n\n\n\n<p>Todos los comercios de la ciudad interesados en participar deber\u00e1n inscribirse entre las 00:00 horas del 6 de agosto y las 14:00 horas el 21 de agosto, enviando un mail a la siguiente direcci\u00f3n <a href=\"mailto:omic@calahorra.es\">omic@calahorra.es<\/a> e indicando el nombre, apellidos y DNI del titular del establecimiento; el nombre y la direcci\u00f3n del comercio; la direcci\u00f3n de correo electr\u00f3nico; un tel\u00e9fono de contacto y el tipo de productos que vende.<\/p>\n\n\n\n<p>Inicialmente solo se aceptar\u00e1 una solicitud por establecimiento comercial y CIF. En el supuesto de que se reciban menos solicitudes que estands podr\u00e1 adjudicarse un expositor adicional de 3 metros a aquellos establecimientos comerciales que as\u00ed lo hayan recogido en su solicitud.<\/p>\n\n\n\n<p>En el caso de que haya m\u00e1s solicitudes que estands libres se adjudicar\u00e1n por sorteo.<\/p>\n\n\n\n<p>Las inscripciones enviadas antes de la apertura del plazo no ser\u00e1n v\u00e1lidas.<\/p>\n\n\n\n<p>Habr\u00e1 un total de 35 expositores con dos tipos de medidas: de 3 metros, cuyo precio es de 50 metros, y 6 metros de longitud con un coste de 100 euros. El dinero recaudado se destinar\u00e1 a la realizaci\u00f3n de otra actividad, incluida en el Plan de dinamizaci\u00f3n y apoyo al comercio local de 2024.<\/p>\n\n\n\n<p>En la pr\u00f3xima edici\u00f3n de Promostock podr\u00e1n participar todos los comercios de Calahorra que tengan abierto un establecimiento a pie de calle con una antig\u00fcedad m\u00ednima de un a\u00f1o.<\/p>\n\n\n\n<p>Las tiendas que no est\u00e9n a pie de calle y las de venta online que quieran asistir a esta feria de oportunidades quedar\u00e1n en reserva y se les adjudicar\u00e1 estand si hay libres y por orden de inscripci\u00f3n.<\/p>\n\n\n\n<p>La Feria comenzar\u00e1 el 6 de septiembre a las 10 horas y finalizar\u00e1 el 8 de septiembre a las 14:00 horas. Durante esos d\u00edas podr\u00e1 visitarse de 10:00 a 14:00 y 16:30 a 20:30 horas el viernes y el s\u00e1bado y el domingo solo por la ma\u00f1ana de 10:00 a 14:00 horas.<\/p>\n\n\n\n<p>Los estands permanecer\u00e1n abiertos los tres d\u00edas durante el horario de apertura de Promostock. Una de las acciones comercial del Plan de dinamizaci\u00f3n y de apoyo al comercio local, que el Ayuntamiento de Calahorra promueve con la colaboraci\u00f3n del Gobierno de La Rioja y la participaci\u00f3n de las asociaciones comerciales de la ciudad.<img loading=\"lazy\" decoding=\"async\" width=\"796\" height=\"152\" src=\"\"><\/p>\n","protected":false},"excerpt":{"rendered":"","protected":false},"author":1,"featured_media":118473,"comment_status":"open","ping_status":"open","sticky":false,"template":"","format":"standard","meta":{"colormag_page_container_layout":"default_layout","colormag_page_sidebar_layout":"default_layout","om_disable_all_campaigns":false,"_monsterinsights_skip_tracking":false,"_monsterinsights_sitenote_active":false,"_monsterinsights_sitenote_note":"","_monsterinsights_sitenote_category":0,"footnotes":""},"categories":[4],"tags":[16,12,1294,260,403],"class_list":["post-118472","post","type-post","status-publish","format-standard","has-post-thumbnail","hentry","category-calahorra","tag-calahorra","tag-escaparate","tag-inscripcion","tag-promostock","tag-verano"],"aioseo_notices":[],"_links":{"self":[{"href":"https:\/\/www.yoleoescaparate.com\/index.php?rest_route=\/wp\/v2\/posts\/118472","targetHints":{"allow":["GET"]}}],"collection":[{"href":"https:\/\/www.yoleoescaparate.com\/index.php?rest_route=\/wp\/v2\/posts"}],"about":[{"href":"https:\/\/www.yoleoescaparate.com\/index.php?rest_route=\/wp\/v2\/types\/post"}],"author":[{"embeddable":true,"href":"https:\/\/www.yoleoescaparate.com\/index.php?rest_route=\/wp\/v2\/users\/1"}],"replies":[{"embeddable":true,"href":"https:\/\/www.yoleoescaparate.com\/index.php?rest_route=%2Fwp%2Fv2%2Fcomments&post=118472"}],"version-history":[{"count":0,"href":"https:\/\/www.yoleoescaparate.com\/index.php?rest_route=\/wp\/v2\/posts\/118472\/revisions"}],"wp:featuredmedia":[{"embeddable":true,"href":"https:\/\/www.yoleoescaparate.com\/index.php?rest_route=\/wp\/v2\/media\/118473"}],"wp:attachment":[{"href":"https:\/\/www.yoleoescaparate.com\/index.php?rest_route=%2Fwp%2Fv2%2Fmedia&parent=118472"}],"wp:term":[{"taxonomy":"category","embeddable":true,"href":"https:\/\/www.yoleoescaparate.com\/index.php?rest_route=%2Fwp%2Fv2%2Fcategories&post=118472"},{"taxonomy":"post_tag","embeddable":true,"href":"https:\/\/www.yoleoescaparate.com\/index.php?rest_route=%2Fwp%2Fv2%2Ftags&post=118472"}],"curies":[{"name":"wp","href":"https:\/\/api.w.org\/{rel}","templated":true}]}}