{"id":118507,"date":"2024-08-06T11:59:29","date_gmt":"2024-08-06T09:59:29","guid":{"rendered":"https:\/\/www.yoleoescaparate.com\/?p=118507"},"modified":"2024-08-06T11:59:31","modified_gmt":"2024-08-06T09:59:31","slug":"xxxiii-festival-internacional-de-danzas-ciudad-de-calahorra","status":"publish","type":"post","link":"https:\/\/www.yoleoescaparate.com\/?p=118507","title":{"rendered":"XXXIII Festival Internacional de Danzas \u2018Ciudad de Calahorra\u2019"},"content":{"rendered":"\n<!--more-->\n\n\n\n<p>El folclore volver\u00e1 a Calahorra el 10 de agosto. La plaza de El Raso ser\u00e1 el escenario del XXXIII Festival Internacional de Danzas \u2018Ciudad de Calahorra\u2019-Memorial \u2018Isidra M\u00aa Santos\u2019.<strong><\/strong><\/p>\n\n\n\n<p>La concejala de Cultura, Reyes Zapata, y el director del grupo de danzas calagurritano \u2018Coletores\u2019, Luis Javier Ayensa, han presentado los grupos que participar\u00e1n este a\u00f1o.<\/p>\n\n\n\n<p>Calatayud, M\u00e1laga y Colombia ser\u00e1n las ciudades y el pa\u00eds invitados de esta edici\u00f3n.<\/p>\n\n\n\n<p>\u201cApostamos por nuestras tradiciones, por ponerlas en valor y la danza forma parte de nuestra tradici\u00f3n y de nuestro folclore. Configura la cultura e identidad de Calahorra por eso hay que mantener viva esta manifestaci\u00f3n cultural tan arraigada a las ra\u00edces de nuestra ciudad\u201d, ha destacado Zapata, que ha felicitado al grupo Coletores por \u201cla organizaci\u00f3n de este magn\u00edfico festival, que proyecta la imagen de la ciudad por Espa\u00f1a y por el mundo, y por su empe\u00f1o y trabajo por potenciar y promocionar el folclore calagurritano\u201d.<\/p>\n\n\n\n<p>Luis Javier Ayensa ha subrayado que \u201ceste festival es nuestra ni\u00f1a bonita, que a\u00f1o tras a\u00f1o se convierte en un referente del folclore espa\u00f1ol. Es el m\u00e1s antiguo de La Rioja y adem\u00e1s con grupos que marcan la diferencia en el panorama folcl\u00f3rico de nuestro pa\u00eds\u201d.<\/p>\n\n\n\n<p>Abrir\u00e1 el Festival el grupo \u2018Coletores\u2019, el anfitri\u00f3n de esta cita internacional con la danza.<\/p>\n\n\n\n<p>A continuaci\u00f3n, actuar\u00e1 el grupo de jotas \u2018Virgen de la Pe\u00f1a\u2019 de Calatayud. Durante sus 48 a\u00f1os de andadura se ha enorgullecido de llevar la jota aragonesa y el nombre de Calatayud por todos los rincones de la geograf\u00eda espa\u00f1ola, participando en infinidad de festivales de folclore. La m\u00e1xima de este grupo es proteger, promover y mostrar el folclore aragon\u00e9s con sus danzas, cantas y su amor a la jota aragonesa.<\/p>\n\n\n\n<p>De Calatayud a M\u00e1laga. El grupo municipal malague\u00f1o \u2018Coros y Danzas Torre del Mar\u2019 ser\u00e1 el siguiente en subirse al escenario de la plaza de El Raso para mostrarnos la tradici\u00f3n folcl\u00f3rica de su pueblo con unos trajes diferentes.<\/p>\n\n\n\n<p>Este a\u00f1o el grupo internacional llega desde Colombia. La compa\u00f1\u00eda art\u00edstica \u2018CreaDanza\u2019 de Bogot\u00e1 ha logrado construir una propuesta innovadora, atractiva y rigurosa, que ofrece al espectador una experiencia \u00fanica al explorar la danza aut\u00f3ctona colombiana, desde los bailes m\u00e1s antiguos hasta r\u00edtmicas contempor\u00e1neas.<\/p>\n\n\n\n<p>La compa\u00f1\u00eda art\u00edstica colombiana cuenta con un amplio repertorio que abarca ritmos de todas las regiones de Colombia con un enfoque especial en los aires t\u00edpicos de Nari\u00f1o, as\u00ed como propuestas contempor\u00e1neas en danza. Destaca por su acompa\u00f1amiento musical en vivo, que emociona y deleita a los espectadores con la belleza del folclore colombiano.<\/p>\n\n\n\n<p>\u201cTres grupos que marcan la diferencia y que trabajan por la salvaguarda y difusi\u00f3n de sus tradiciones\u201d, seg\u00fan el director del grupo \u2018Coletores\u2019, que ha agradecido al Ayuntamiento de Calahorra \u201csu apoyo al festival y al folclore, ya que sin su colaboraci\u00f3n ser\u00eda muy dif\u00edcil tener un festival de esta envergadura\u00bb.<\/p>\n\n\n\n<p>Las actuaciones de los cuatro grupos de danzas participantes comenzar\u00e1n a las 19:30 horas, pero antes todos ellos desfilar\u00e1n desde el Ayuntamiento de Calahorra hasta la plaza de El Raso.<\/p>\n\n\n\n<p>El Festival Internacional de Danzas \u2018Ciudad de Calahorra\u2019-Memorial \u2018Isidra M\u00aa Santos\u2019 es uno de actos preliminares m\u00e1s tradicionales de las fiestas patronales de agosto, que Calahorra celebrar\u00e1 del 25 al 31 de agosto.<\/p>\n","protected":false},"excerpt":{"rendered":"","protected":false},"author":1,"featured_media":118508,"comment_status":"open","ping_status":"open","sticky":false,"template":"","format":"standard","meta":{"colormag_page_container_layout":"default_layout","colormag_page_sidebar_layout":"default_layout","om_disable_all_campaigns":false,"_monsterinsights_skip_tracking":false,"_monsterinsights_sitenote_active":false,"_monsterinsights_sitenote_note":"","_monsterinsights_sitenote_category":0,"footnotes":""},"categories":[4],"tags":[16,3339,12,213,2829,3340,3341],"class_list":["post-118507","post","type-post","status-publish","format-standard","has-post-thumbnail","hentry","category-calahorra","tag-calahorra","tag-dasnzas","tag-escaparate","tag-festival","tag-internacional","tag-isidra","tag-memorial"],"aioseo_notices":[],"_links":{"self":[{"href":"https:\/\/www.yoleoescaparate.com\/index.php?rest_route=\/wp\/v2\/posts\/118507","targetHints":{"allow":["GET"]}}],"collection":[{"href":"https:\/\/www.yoleoescaparate.com\/index.php?rest_route=\/wp\/v2\/posts"}],"about":[{"href":"https:\/\/www.yoleoescaparate.com\/index.php?rest_route=\/wp\/v2\/types\/post"}],"author":[{"embeddable":true,"href":"https:\/\/www.yoleoescaparate.com\/index.php?rest_route=\/wp\/v2\/users\/1"}],"replies":[{"embeddable":true,"href":"https:\/\/www.yoleoescaparate.com\/index.php?rest_route=%2Fwp%2Fv2%2Fcomments&post=118507"}],"version-history":[{"count":0,"href":"https:\/\/www.yoleoescaparate.com\/index.php?rest_route=\/wp\/v2\/posts\/118507\/revisions"}],"wp:featuredmedia":[{"embeddable":true,"href":"https:\/\/www.yoleoescaparate.com\/index.php?rest_route=\/wp\/v2\/media\/118508"}],"wp:attachment":[{"href":"https:\/\/www.yoleoescaparate.com\/index.php?rest_route=%2Fwp%2Fv2%2Fmedia&parent=118507"}],"wp:term":[{"taxonomy":"category","embeddable":true,"href":"https:\/\/www.yoleoescaparate.com\/index.php?rest_route=%2Fwp%2Fv2%2Fcategories&post=118507"},{"taxonomy":"post_tag","embeddable":true,"href":"https:\/\/www.yoleoescaparate.com\/index.php?rest_route=%2Fwp%2Fv2%2Ftags&post=118507"}],"curies":[{"name":"wp","href":"https:\/\/api.w.org\/{rel}","templated":true}]}}