{"id":120431,"date":"2024-09-11T07:58:22","date_gmt":"2024-09-11T05:58:22","guid":{"rendered":"https:\/\/www.yoleoescaparate.com\/?p=120431"},"modified":"2024-09-11T12:51:37","modified_gmt":"2024-09-11T10:51:37","slug":"calahorra-celebrara-un-festival-taurino-que-contara-con-la-participacion-de-los-toreros-y-rejoneadores-calagurritanos","status":"publish","type":"post","link":"https:\/\/www.yoleoescaparate.com\/?p=120431","title":{"rendered":"Calahorra celebrar\u00e1 un festival taurino que contar\u00e1 con la participaci\u00f3n de los toreros y rejoneadores calagurritanos"},"content":{"rendered":"\n<!--more-->\n\n\n\n<p>La plaza de toros ha sido el lugar elegido para presentar el Festival taurino que se celebrar\u00e1 el 12 de octubre en Calahorra para finalizar la celebraci\u00f3n del centenario del coso calagurritano.<\/p>\n\n\n\n<p>Ser\u00e1 una novillada para los toreros de la ciudad Pedro Carra, V\u00edctor Garc\u00eda \u2018El V\u00edctor\u2019 y P\u00e9rez Vitoria; el novillero Alberto Donaire y los rejoneadores Domingo Dom\u00ednguez, Pedro Javier Ciordia y Sergio Dom\u00ednguez.<\/p>\n\n\n\n<p>\u201cDurante estos 100 a\u00f1os en la ciudad hemos tenido y tenemos toreros importantes y nos parece que es la mejor manera de redondear este aniversario con la presencia de los toreros calagurritanos en su plaza\u201d, ha valorado la alcaldesa de Calahorra, que tambi\u00e9n ha destacado que \u201chemos invitado a todos los matadores de toros calagurritanos y van a participar los que pueden hacerlo este d\u00eda. Les gradecemos que hayan querido colaborar con esta celebraci\u00f3n tan especial para todos los calagurritanos porque hay que recordar que esta plaza la promovieron todos los calagurritanos\u201d.<\/p>\n\n\n\n<p>El Festival taurino comenzar\u00e1 a las 17:00 horas. Se lidiar\u00e1n 2 novillos de la ganader\u00eda El Capea para el rejoneo y 4 novillos de Vellosino para el toreo a pie.<\/p>\n\n\n\n<p>El presidente del Club Taurino de Calahorra, Miguel Garc\u00eda, es el promotor de este festejo, que cuenta con la colaboraci\u00f3n del Ayuntamiento y de la empresa Euro Tauro Luj\u00e1n. \u201cEs un d\u00eda de orgullo de calagurritanismo. Es un acto \u00fanico, hist\u00f3rico e irrepetible juntar a todos los toreros de la ciudad. Espero ver los tendidos llenos de gente\u201d, ha subrayado.<\/p>\n\n\n\n<p>Es un Festival taurino a beneficio de la Asociaci\u00f3n Espa\u00f1ola Contra el C\u00e1ncer de Calahorra y en el que se rendir\u00e1 un homenaje p\u00f3stumo al doctor Antonio Dom\u00ednguez, m\u00e9dico de la plaza de toros de Calahorra durante 40 a\u00f1os.<\/p>\n\n\n\n<p>Las entradas ya est\u00e1n a la venta en el Mercado de Miguel por 20 euros y por 10 euros para ni\u00f1os de 4 a 17 a\u00f1os. Pronto se habilitar\u00e1n m\u00e1s lugares para poder adquirir las entradas, que el d\u00eda del festejo tendr\u00e1n un precio de 25 euros en la taquilla del coso calagurritano.<\/p>\n\n\n\n<p>A la presentaci\u00f3n de este Festival taurino ben\u00e9fico han asistido la alcaldesa de Calahorra, M\u00f3nica Arceiz; la concejala de Festejos, Raquel Moral;\u00a0 el presidente del Club Taurino de Calahorra, Miguel Garc\u00eda; la presidenta de la AECC de La Rioja, Elena Eguiz\u00e1bal; los toreros Pedro Carra, V\u00edctor Garc\u00eda \u2018El V\u00edctor\u2019 y P\u00e9rez Vitoria; y los rejoneadores Domingo Dom\u00ednguez, Pedro Javier Ciordia y Sergio Dom\u00ednguez.<\/p>\n","protected":false},"excerpt":{"rendered":"","protected":false},"author":1,"featured_media":120432,"comment_status":"open","ping_status":"open","sticky":false,"template":"","format":"standard","meta":{"colormag_page_container_layout":"default_layout","colormag_page_sidebar_layout":"default_layout","om_disable_all_campaigns":false,"_monsterinsights_skip_tracking":false,"_monsterinsights_sitenote_active":false,"_monsterinsights_sitenote_note":"","_monsterinsights_sitenote_category":0,"footnotes":""},"categories":[4],"tags":[1087,16,1585,12,213,1021,3575,3574],"class_list":["post-120431","post","type-post","status-publish","format-standard","has-post-thumbnail","hentry","category-calahorra","tag-12-de-octubre","tag-calahorra","tag-centenario","tag-escaparate","tag-festival","tag-plaza-de-toros","tag-rejoneadores","tag-toreros"],"aioseo_notices":[],"_links":{"self":[{"href":"https:\/\/www.yoleoescaparate.com\/index.php?rest_route=\/wp\/v2\/posts\/120431","targetHints":{"allow":["GET"]}}],"collection":[{"href":"https:\/\/www.yoleoescaparate.com\/index.php?rest_route=\/wp\/v2\/posts"}],"about":[{"href":"https:\/\/www.yoleoescaparate.com\/index.php?rest_route=\/wp\/v2\/types\/post"}],"author":[{"embeddable":true,"href":"https:\/\/www.yoleoescaparate.com\/index.php?rest_route=\/wp\/v2\/users\/1"}],"replies":[{"embeddable":true,"href":"https:\/\/www.yoleoescaparate.com\/index.php?rest_route=%2Fwp%2Fv2%2Fcomments&post=120431"}],"version-history":[{"count":0,"href":"https:\/\/www.yoleoescaparate.com\/index.php?rest_route=\/wp\/v2\/posts\/120431\/revisions"}],"wp:featuredmedia":[{"embeddable":true,"href":"https:\/\/www.yoleoescaparate.com\/index.php?rest_route=\/wp\/v2\/media\/120432"}],"wp:attachment":[{"href":"https:\/\/www.yoleoescaparate.com\/index.php?rest_route=%2Fwp%2Fv2%2Fmedia&parent=120431"}],"wp:term":[{"taxonomy":"category","embeddable":true,"href":"https:\/\/www.yoleoescaparate.com\/index.php?rest_route=%2Fwp%2Fv2%2Fcategories&post=120431"},{"taxonomy":"post_tag","embeddable":true,"href":"https:\/\/www.yoleoescaparate.com\/index.php?rest_route=%2Fwp%2Fv2%2Ftags&post=120431"}],"curies":[{"name":"wp","href":"https:\/\/api.w.org\/{rel}","templated":true}]}}