{"id":120864,"date":"2024-10-01T08:38:53","date_gmt":"2024-10-01T06:38:53","guid":{"rendered":"https:\/\/www.yoleoescaparate.com\/?p=120864"},"modified":"2024-10-01T08:52:34","modified_gmt":"2024-10-01T06:52:34","slug":"la-comparsa-de-gigantes-y-cabezudos-de-calahorra-deslumbra-en-barcelona-y-en-molins-de-rei","status":"publish","type":"post","link":"https:\/\/www.yoleoescaparate.com\/?p=120864","title":{"rendered":"La Comparsa de Gigantes y Cabezudos de Calahorra deslumbra en Barcelona y en Molins de Rei"},"content":{"rendered":"\n<!--more-->\n\n\n\n<p>Los dos \u00faltimos fines de semana de septiembre han marcado un hito que quedar\u00e1 en la historia de la Comparsa de Gigantes y Cabezudos de Calahorra y en la memoria de sus componentes. Y es que la comparsa ha brillado en sus dos actuaciones en Catalu\u00f1a los d\u00edas 21, 22, 28 y 29 de septiembre. Representada por los cabezudos del Diablo y la Bruja y por los gigantes de las cuatro culturas, Quintiliano, Matrona, Musa, Assona, Abraham, Judith, Fernando e Isabel, Calahorra y La Rioja han sido representadas por la comparsa calagurritana como embajadora en tierras catalanas.<\/p>\n\n\n\n<p>Los miembros de la comparsa han mandado a los medios estas reflexiones sobre su viaje:<br>\u00abEn Barcelona, disfrutamos danzando por las Ramblas y el carrer de Ferr\u00e1n e interpretando nuestras coreograf\u00edas en las plazas de Catalunya y de Sant Jaume, frente al Ayuntamiento de Barcelona y el Palau de la Generalitat. Lo hicimos junto a otras quince comparsas venidas de otras partes de Espa\u00f1a, Europa y tambi\u00e9n de Sudam\u00e9rica. Ello nos permiti\u00f3 conocer c\u00f3mo se vive y siente la tradici\u00f3n de los gigantes y cabezudos a lo ancho y largo del planeta, una tradici\u00f3n que, precisamente, este a\u00f1o cumple 600 a\u00f1os, motivo por el cu\u00e1l la Coordinadora de Colles Geganteres de Barcelona nos invit\u00f3 a esta Trobada Internacional de Gegants en homenaje a los Gegants de la Ciutat durante sus fiestas mayores de La Merc\u00e8. Desgraciadamente, la lluvia quiso acompa\u00f1arnos a lo largo de todo el fin de semana, pero no logr\u00f3 empa\u00f1ar un evento de tal magnitud, que pese a la meteorolog\u00eda adversa pudo celebrarse por completo. El s\u00e1bado tuvo lugar un gran pasacalles con todas las comparsas hasta el Ayuntamiento, donde se present\u00f3 a cada uno de los grupos invitados, que interpretaron una de sus coreograf\u00edas. Posteriormente, el alcalde de la capital catalana, Jaume Collboni, celebr\u00f3 una recepci\u00f3n oficial, en la que estuvimos representados por nuestros presidente y vicepresidente, Alberto Pascual y Fernando Carrami\u00f1ana, que hicieron entrega del regalo institucional del Ayuntamiento de Calahorra y de un obsequio por parte de la comparsa. El domingo por la ma\u00f1ana, danzamos de nuevo frente al edificio consistorial barcelon\u00e9s y, tras recorrer de nuevo el gran escaparte que fueron las calles del barrio g\u00f3tico, pusimos rumbo a Molins de Rei.<br>Entre el 23 y el 27 de septiembre, pudo disfrutarse de nuestras figuras en la Sala G\u00f2tica del Museu del Renaixement de Molins de Rei, en una gran exposici\u00f3n junto a las tres parejas de gigantes de Madrid y los cuatro gigantes de la ciudad anfitriona. El viernes pusimos rumbo de nuevo hacia la provincia de Barcelona para celebrar la Festa Major de Sant Miquel con la Colla Gegantera de Molins de Rei, como invitados de honor junto a las comparsas de Madrid y Asier Marco, de Tafalla. El s\u00e1bado, las tres comparsas invitadas nos desplazamos desde el centro de exposiciones hasta la Pla\u00e7a de Catalunya, donde los gigantes viejos (111 a\u00f1os) y nuevos nos recibieron, bailando solemnemente ante el alcalde de la ciudad, Xavi Paz. Despu\u00e9s, se celebr\u00f3 en el sal\u00f3n de plenos de la Casa de la Vila, la recepci\u00f3n oficial, en la que, junto a los presidentes de las comparsas invitadas y anfitriona, la regidora de cultura y el alcalde, nos acompa\u00f1aron las concejalas de festejos y cultura del Ayuntamiento de Calahorra, Raquel Moral y Reyes Zapata. En el acto, el alcalde dedic\u00f3 a los invitados unas c\u00e1lidas palabras de bienvenida y agradecimiento, a las que se sumaron las dos ediles calagurritanas, y un bonito acto de hermanamiento entre las cuatro comparsas, cuyos presidentes incidieron en lo bello de esta tradici\u00f3n, que tiene la virtud de unir a gentes de diferentes lugares, ideas y costumbres. Adem\u00e1s, el alcalde invit\u00f3 a los comparecientes a firmar en el Libro de Honor, y les obsequi\u00f3 con un regalo institucional. La Colla de Molins de Rei hizo entrega de unas r\u00e9plicas de sus gegants nous a las tres comparsas, y nuestro presidente hizo entrega de un detalle en nombre de la comparsa, adem\u00e1s del regalo institucional que las concejalas hicieron al alcalde, que inclu\u00eda una Dama de Calahorra y un pa\u00f1uelo de fiestas con el escudo municipal para cada uno de los presentes, adem\u00e1s de informaci\u00f3n cultural y tur\u00edstica de la ciudad, quedando invitado el alcalde a las Jornadas de la Verdura, por las que mostr\u00f3 un gran inter\u00e9s. Adem\u00e1s, en el acto tambi\u00e9n estuvieron presentes Aitor Calleja y Mikel Eraso, art\u00edfices de nuestros ocho gigantes y restauradores de los gigantes de Molins y de Madrid.<br>Tras la parte oficial del acto, cada comparsa interpret\u00f3 una de sus coreograf\u00edas para despu\u00e9s salir en cercavila por las calles de la ciudad, para terminar en el local de la colla, donde disfrutamos de una comida de hermandad. Ya por la tarde, participamos en la Passada del Gegants, llenando las calles de Molins de danza, m\u00fasica y mucho confeti. A mitad de recorrido se hizo una nueva exhibici\u00f3n de bailes, para concluir en el Museu del Renaixement con un vals conjunto y un baile de despedida al son de todas las bandas de gaiteros Doinuzar, Gaztedi y de Oihartzun y el grupo M\u00fasx. Tras disfrutar de la noche molinense bajo el fuego del Camell, participamos en la ma\u00f1ana del domingo en la 37a Trobada de Gegants y Capgrossos de Molins de Rei. Fue un placer compartir la ma\u00f1ana con tantas comparsas y decenas de figuras venidas de toda Catalu\u00f1a. Al son del \u201c\u00c1nimo pues\u201d hicimos entrada en la plaza del Ayuntamiento para despedirnos bailando junto al resto de comparsas y, tras comer junto a nuestros amigos y compa\u00f1eros, poner rumbo de vuelta a casa.<br>La comparsa quiere agradecer a los organizadores de ambos eventos el haber querido contar con nuestra participaci\u00f3n y todas las facilidades ofrecidas. En especial, queremos expresar nuestro cari\u00f1o y afecto a toda la Colla Gegantera de Molins de Rei y a su presidente, Miquel Burg\u00e8s, gracias a quien, en gran medida, como bien quiso dejar constancia nuestro presidente en el Libro de Honor, todo esto ha sido posible. El ambiente y trato recibidos en Molins de Rei han sido incomparables, haciendo de \u00e9ste fin de semana un gran momento para el recuerdo. Asimismo, queremos acordarnos de los Gaiteros de Calahorra, que nos acompa\u00f1aron en Barcelona, y de los grupos que pusieron m\u00fasica a nuestros bailes y pasacalles en Molins. Tambi\u00e9n merece nuestro agradecimiento el Ayuntamiento de Calahorra, en la persona de la concejala de festejos, Raquel Moral, por el inter\u00e9s mostrado y su apoyo permanente a estas actividades, as\u00ed como a la t\u00e9cnico Inmma Mart\u00ednez. Y por \u00faltimo, a todos los amigos de otras comparsas que acudieron a nuestra llamada y nos acompa\u00f1aron en estos dos viajes, haciendo bailar a nuestras figuras, as\u00ed como a nuestros nuevos amigos de la comparsa Asier Marco. Gracias a todos vosotros nuestras faldas pudieron volar y girar sin parar.<br>Estas dos salidas han marcado a los socios de nuestra asociaci\u00f3n, siendo una de las primeras veces que nuestra comparsa participa en eventos de tal envergadura. Los gigantes calagurritanos han sorprendido por su singular belleza y sus coreograf\u00edas, y han sido objeto de admiraci\u00f3n de ni\u00f1os y mayores y de aficionados al mundillo venidos de los alrededores. Especialmente, el gigante de la Matrona ha suscitado gran inter\u00e9s y curiosidad por conocer su historia, ya que, para quienes no son de Calahorra, no es nada habitual ver una giganta con un brazo en la mano y no con un ramo de flores u otro atributo menos singular. Ha sido todo un gran honor y un placer tomar parte en estas dos celebraciones tan especiales y esperamos que esta experiencia, en la que hemos podido compartir sinergias y formas de hacer y concebir esta gran afici\u00f3n, suponga el inicio de algo muy grande. Porque como el tafall\u00e9s Asier Marco escribi\u00f3 en el Libro de Honor del Ayuntamiento de Molins, \u201cso\u00f1amos grande y lo hicimos gigante\u201d.\u00bb<\/p>\n\n\n\n<div class=\"wp-block-jetpack-slideshow aligncenter\" data-autoplay=\"true\" data-delay=\"3\" data-effect=\"slide\"><div class=\"wp-block-jetpack-slideshow_container swiper-container\"><ul class=\"wp-block-jetpack-slideshow_swiper-wrapper swiper-wrapper\"><li class=\"wp-block-jetpack-slideshow_slide swiper-slide\"><figure><img loading=\"lazy\" decoding=\"async\" width=\"1024\" height=\"768\" alt=\"\" class=\"wp-block-jetpack-slideshow_image wp-image-120867\" data-id=\"120867\" src=\"https:\/\/www.yoleoescaparate.com\/wp-content\/uploads\/2024\/10\/1.-Gigantes-de-Calahorra-en-la-Placa-de-Catalunya-sabado-21-Barcelona-1024x768.jpg\" srcset=\"https:\/\/www.yoleoescaparate.com\/wp-content\/uploads\/2024\/10\/1.-Gigantes-de-Calahorra-en-la-Placa-de-Catalunya-sabado-21-Barcelona-1024x768.jpg 1024w, https:\/\/www.yoleoescaparate.com\/wp-content\/uploads\/2024\/10\/1.-Gigantes-de-Calahorra-en-la-Placa-de-Catalunya-sabado-21-Barcelona-300x225.jpg 300w, https:\/\/www.yoleoescaparate.com\/wp-content\/uploads\/2024\/10\/1.-Gigantes-de-Calahorra-en-la-Placa-de-Catalunya-sabado-21-Barcelona-768x576.jpg 768w, https:\/\/www.yoleoescaparate.com\/wp-content\/uploads\/2024\/10\/1.-Gigantes-de-Calahorra-en-la-Placa-de-Catalunya-sabado-21-Barcelona-1536x1152.jpg 1536w, https:\/\/www.yoleoescaparate.com\/wp-content\/uploads\/2024\/10\/1.-Gigantes-de-Calahorra-en-la-Placa-de-Catalunya-sabado-21-Barcelona-2048x1536.jpg 2048w\" sizes=\"auto, (max-width: 1024px) 100vw, 1024px\" \/><\/figure><\/li><li class=\"wp-block-jetpack-slideshow_slide swiper-slide\"><figure><img loading=\"lazy\" decoding=\"async\" width=\"1024\" height=\"768\" alt=\"\" class=\"wp-block-jetpack-slideshow_image wp-image-120868\" data-id=\"120868\" src=\"https:\/\/www.yoleoescaparate.com\/wp-content\/uploads\/2024\/10\/2.-Comparsa-de-Gigantes-y-Cabezudos-de-Calahorra-en-la-Placa-de-Catalunya-sabado-21-Barcelona-1024x768.jpg\" srcset=\"https:\/\/www.yoleoescaparate.com\/wp-content\/uploads\/2024\/10\/2.-Comparsa-de-Gigantes-y-Cabezudos-de-Calahorra-en-la-Placa-de-Catalunya-sabado-21-Barcelona-1024x768.jpg 1024w, https:\/\/www.yoleoescaparate.com\/wp-content\/uploads\/2024\/10\/2.-Comparsa-de-Gigantes-y-Cabezudos-de-Calahorra-en-la-Placa-de-Catalunya-sabado-21-Barcelona-300x225.jpg 300w, https:\/\/www.yoleoescaparate.com\/wp-content\/uploads\/2024\/10\/2.-Comparsa-de-Gigantes-y-Cabezudos-de-Calahorra-en-la-Placa-de-Catalunya-sabado-21-Barcelona-768x576.jpg 768w, https:\/\/www.yoleoescaparate.com\/wp-content\/uploads\/2024\/10\/2.-Comparsa-de-Gigantes-y-Cabezudos-de-Calahorra-en-la-Placa-de-Catalunya-sabado-21-Barcelona-1536x1152.jpg 1536w, https:\/\/www.yoleoescaparate.com\/wp-content\/uploads\/2024\/10\/2.-Comparsa-de-Gigantes-y-Cabezudos-de-Calahorra-en-la-Placa-de-Catalunya-sabado-21-Barcelona.jpg 2048w\" sizes=\"auto, (max-width: 1024px) 100vw, 1024px\" \/><\/figure><\/li><li class=\"wp-block-jetpack-slideshow_slide swiper-slide\"><figure><img loading=\"lazy\" decoding=\"async\" width=\"1024\" height=\"683\" alt=\"\" class=\"wp-block-jetpack-slideshow_image wp-image-120869\" data-id=\"120869\" src=\"https:\/\/www.yoleoescaparate.com\/wp-content\/uploads\/2024\/10\/6.-Gigantes-de-Calahorra-bailando-en-la-Placa-de-Sant-Jaume-sabado-21-Barcelona-1024x683.jpg\" srcset=\"https:\/\/www.yoleoescaparate.com\/wp-content\/uploads\/2024\/10\/6.-Gigantes-de-Calahorra-bailando-en-la-Placa-de-Sant-Jaume-sabado-21-Barcelona-1024x683.jpg 1024w, https:\/\/www.yoleoescaparate.com\/wp-content\/uploads\/2024\/10\/6.-Gigantes-de-Calahorra-bailando-en-la-Placa-de-Sant-Jaume-sabado-21-Barcelona-300x200.jpg 300w, https:\/\/www.yoleoescaparate.com\/wp-content\/uploads\/2024\/10\/6.-Gigantes-de-Calahorra-bailando-en-la-Placa-de-Sant-Jaume-sabado-21-Barcelona-768x512.jpg 768w, https:\/\/www.yoleoescaparate.com\/wp-content\/uploads\/2024\/10\/6.-Gigantes-de-Calahorra-bailando-en-la-Placa-de-Sant-Jaume-sabado-21-Barcelona.jpg 1200w\" sizes=\"auto, (max-width: 1024px) 100vw, 1024px\" \/><\/figure><\/li><li class=\"wp-block-jetpack-slideshow_slide swiper-slide\"><figure><img loading=\"lazy\" decoding=\"async\" width=\"1024\" height=\"473\" alt=\"\" class=\"wp-block-jetpack-slideshow_image wp-image-120870\" data-id=\"120870\" src=\"https:\/\/www.yoleoescaparate.com\/wp-content\/uploads\/2024\/10\/8.-Gigantes-de-Calahorra-en-el-zaguan-del-Ayuntamiento-de-Barcelona-sabado-21-Barcelona-1024x473.jpg\" srcset=\"https:\/\/www.yoleoescaparate.com\/wp-content\/uploads\/2024\/10\/8.-Gigantes-de-Calahorra-en-el-zaguan-del-Ayuntamiento-de-Barcelona-sabado-21-Barcelona-1024x473.jpg 1024w, https:\/\/www.yoleoescaparate.com\/wp-content\/uploads\/2024\/10\/8.-Gigantes-de-Calahorra-en-el-zaguan-del-Ayuntamiento-de-Barcelona-sabado-21-Barcelona-300x139.jpg 300w, https:\/\/www.yoleoescaparate.com\/wp-content\/uploads\/2024\/10\/8.-Gigantes-de-Calahorra-en-el-zaguan-del-Ayuntamiento-de-Barcelona-sabado-21-Barcelona-768x355.jpg 768w, https:\/\/www.yoleoescaparate.com\/wp-content\/uploads\/2024\/10\/8.-Gigantes-de-Calahorra-en-el-zaguan-del-Ayuntamiento-de-Barcelona-sabado-21-Barcelona-1536x710.jpg 1536w, https:\/\/www.yoleoescaparate.com\/wp-content\/uploads\/2024\/10\/8.-Gigantes-de-Calahorra-en-el-zaguan-del-Ayuntamiento-de-Barcelona-sabado-21-Barcelona.jpg 2000w\" sizes=\"auto, (max-width: 1024px) 100vw, 1024px\" \/><\/figure><\/li><li class=\"wp-block-jetpack-slideshow_slide swiper-slide\"><figure><img loading=\"lazy\" decoding=\"async\" width=\"1024\" height=\"768\" alt=\"\" class=\"wp-block-jetpack-slideshow_image wp-image-120871\" data-id=\"120871\" src=\"https:\/\/www.yoleoescaparate.com\/wp-content\/uploads\/2024\/10\/9.-Gigantes-de-Calahorra-delante-del-Palau-de-la-Generalitat-domingo-22-Barcelona-1024x768.jpg\" srcset=\"https:\/\/www.yoleoescaparate.com\/wp-content\/uploads\/2024\/10\/9.-Gigantes-de-Calahorra-delante-del-Palau-de-la-Generalitat-domingo-22-Barcelona-1024x768.jpg 1024w, https:\/\/www.yoleoescaparate.com\/wp-content\/uploads\/2024\/10\/9.-Gigantes-de-Calahorra-delante-del-Palau-de-la-Generalitat-domingo-22-Barcelona-300x225.jpg 300w, https:\/\/www.yoleoescaparate.com\/wp-content\/uploads\/2024\/10\/9.-Gigantes-de-Calahorra-delante-del-Palau-de-la-Generalitat-domingo-22-Barcelona-768x576.jpg 768w, https:\/\/www.yoleoescaparate.com\/wp-content\/uploads\/2024\/10\/9.-Gigantes-de-Calahorra-delante-del-Palau-de-la-Generalitat-domingo-22-Barcelona-1536x1152.jpg 1536w, https:\/\/www.yoleoescaparate.com\/wp-content\/uploads\/2024\/10\/9.-Gigantes-de-Calahorra-delante-del-Palau-de-la-Generalitat-domingo-22-Barcelona-2048x1536.jpg 2048w\" sizes=\"auto, (max-width: 1024px) 100vw, 1024px\" \/><\/figure><\/li><li class=\"wp-block-jetpack-slideshow_slide swiper-slide\"><figure><img loading=\"lazy\" decoding=\"async\" width=\"1024\" height=\"796\" alt=\"\" class=\"wp-block-jetpack-slideshow_image wp-image-120873\" data-id=\"120873\" src=\"https:\/\/www.yoleoescaparate.com\/wp-content\/uploads\/2024\/10\/11.-Exposicion-en-el-Museu-del-Renaixement-junto-a-los-gigantes-de-Madrid-y-Molins-de-Rei-23-27-Molins-de-Rei-1024x796.jpg\" srcset=\"https:\/\/www.yoleoescaparate.com\/wp-content\/uploads\/2024\/10\/11.-Exposicion-en-el-Museu-del-Renaixement-junto-a-los-gigantes-de-Madrid-y-Molins-de-Rei-23-27-Molins-de-Rei-1024x796.jpg 1024w, https:\/\/www.yoleoescaparate.com\/wp-content\/uploads\/2024\/10\/11.-Exposicion-en-el-Museu-del-Renaixement-junto-a-los-gigantes-de-Madrid-y-Molins-de-Rei-23-27-Molins-de-Rei-300x233.jpg 300w, https:\/\/www.yoleoescaparate.com\/wp-content\/uploads\/2024\/10\/11.-Exposicion-en-el-Museu-del-Renaixement-junto-a-los-gigantes-de-Madrid-y-Molins-de-Rei-23-27-Molins-de-Rei-768x597.jpg 768w, https:\/\/www.yoleoescaparate.com\/wp-content\/uploads\/2024\/10\/11.-Exposicion-en-el-Museu-del-Renaixement-junto-a-los-gigantes-de-Madrid-y-Molins-de-Rei-23-27-Molins-de-Rei-1536x1194.jpg 1536w, https:\/\/www.yoleoescaparate.com\/wp-content\/uploads\/2024\/10\/11.-Exposicion-en-el-Museu-del-Renaixement-junto-a-los-gigantes-de-Madrid-y-Molins-de-Rei-23-27-Molins-de-Rei.jpg 2048w\" sizes=\"auto, (max-width: 1024px) 100vw, 1024px\" \/><\/figure><\/li><li class=\"wp-block-jetpack-slideshow_slide swiper-slide\"><figure><img loading=\"lazy\" decoding=\"async\" width=\"1024\" height=\"576\" alt=\"\" class=\"wp-block-jetpack-slideshow_image wp-image-120874\" data-id=\"120874\" src=\"https:\/\/www.yoleoescaparate.com\/wp-content\/uploads\/2024\/10\/12.-Junto-a-los-gigantes-de-Madrid-Asier-Marco-y-Molins-de-Rei-delante-del-Ayuntamiento-de-Molins-sabado-28-Molins-1024x576.jpg\" srcset=\"https:\/\/www.yoleoescaparate.com\/wp-content\/uploads\/2024\/10\/12.-Junto-a-los-gigantes-de-Madrid-Asier-Marco-y-Molins-de-Rei-delante-del-Ayuntamiento-de-Molins-sabado-28-Molins-1024x576.jpg 1024w, https:\/\/www.yoleoescaparate.com\/wp-content\/uploads\/2024\/10\/12.-Junto-a-los-gigantes-de-Madrid-Asier-Marco-y-Molins-de-Rei-delante-del-Ayuntamiento-de-Molins-sabado-28-Molins-300x169.jpg 300w, https:\/\/www.yoleoescaparate.com\/wp-content\/uploads\/2024\/10\/12.-Junto-a-los-gigantes-de-Madrid-Asier-Marco-y-Molins-de-Rei-delante-del-Ayuntamiento-de-Molins-sabado-28-Molins-768x432.jpg 768w, https:\/\/www.yoleoescaparate.com\/wp-content\/uploads\/2024\/10\/12.-Junto-a-los-gigantes-de-Madrid-Asier-Marco-y-Molins-de-Rei-delante-del-Ayuntamiento-de-Molins-sabado-28-Molins-1536x864.jpg 1536w, https:\/\/www.yoleoescaparate.com\/wp-content\/uploads\/2024\/10\/12.-Junto-a-los-gigantes-de-Madrid-Asier-Marco-y-Molins-de-Rei-delante-del-Ayuntamiento-de-Molins-sabado-28-Molins-2048x1152.jpg 2048w\" sizes=\"auto, (max-width: 1024px) 100vw, 1024px\" \/><\/figure><\/li><li class=\"wp-block-jetpack-slideshow_slide swiper-slide\"><figure><img loading=\"lazy\" decoding=\"async\" width=\"1024\" height=\"576\" alt=\"\" class=\"wp-block-jetpack-slideshow_image wp-image-120875\" data-id=\"120875\" src=\"https:\/\/www.yoleoescaparate.com\/wp-content\/uploads\/2024\/10\/13.-Acto-de-recepcion-oficial-en-el-Ayuntamiento-de-Molins-de-Rei-sabado-28-Molins-de-Rei-1024x576.jpg\" srcset=\"https:\/\/www.yoleoescaparate.com\/wp-content\/uploads\/2024\/10\/13.-Acto-de-recepcion-oficial-en-el-Ayuntamiento-de-Molins-de-Rei-sabado-28-Molins-de-Rei-1024x576.jpg 1024w, https:\/\/www.yoleoescaparate.com\/wp-content\/uploads\/2024\/10\/13.-Acto-de-recepcion-oficial-en-el-Ayuntamiento-de-Molins-de-Rei-sabado-28-Molins-de-Rei-300x169.jpg 300w, https:\/\/www.yoleoescaparate.com\/wp-content\/uploads\/2024\/10\/13.-Acto-de-recepcion-oficial-en-el-Ayuntamiento-de-Molins-de-Rei-sabado-28-Molins-de-Rei-768x432.jpg 768w, https:\/\/www.yoleoescaparate.com\/wp-content\/uploads\/2024\/10\/13.-Acto-de-recepcion-oficial-en-el-Ayuntamiento-de-Molins-de-Rei-sabado-28-Molins-de-Rei-1536x864.jpg 1536w, https:\/\/www.yoleoescaparate.com\/wp-content\/uploads\/2024\/10\/13.-Acto-de-recepcion-oficial-en-el-Ayuntamiento-de-Molins-de-Rei-sabado-28-Molins-de-Rei-2048x1153.jpg 2048w\" sizes=\"auto, (max-width: 1024px) 100vw, 1024px\" \/><\/figure><\/li><li class=\"wp-block-jetpack-slideshow_slide swiper-slide\"><figure><img loading=\"lazy\" decoding=\"async\" width=\"1024\" height=\"576\" alt=\"\" class=\"wp-block-jetpack-slideshow_image wp-image-120876\" data-id=\"120876\" src=\"https:\/\/www.yoleoescaparate.com\/wp-content\/uploads\/2024\/10\/15.-Miquel-Burges-Alberto-Pascual-Inigo-Niharra-y-Asier-Marco-presidentes-de-las-comparsas-de-Molins-Calahorra-Madri-1024x576.jpg\" srcset=\"https:\/\/www.yoleoescaparate.com\/wp-content\/uploads\/2024\/10\/15.-Miquel-Burges-Alberto-Pascual-Inigo-Niharra-y-Asier-Marco-presidentes-de-las-comparsas-de-Molins-Calahorra-Madri-1024x576.jpg 1024w, https:\/\/www.yoleoescaparate.com\/wp-content\/uploads\/2024\/10\/15.-Miquel-Burges-Alberto-Pascual-Inigo-Niharra-y-Asier-Marco-presidentes-de-las-comparsas-de-Molins-Calahorra-Madri-300x169.jpg 300w, https:\/\/www.yoleoescaparate.com\/wp-content\/uploads\/2024\/10\/15.-Miquel-Burges-Alberto-Pascual-Inigo-Niharra-y-Asier-Marco-presidentes-de-las-comparsas-de-Molins-Calahorra-Madri-768x432.jpg 768w, https:\/\/www.yoleoescaparate.com\/wp-content\/uploads\/2024\/10\/15.-Miquel-Burges-Alberto-Pascual-Inigo-Niharra-y-Asier-Marco-presidentes-de-las-comparsas-de-Molins-Calahorra-Madri-1536x864.jpg 1536w, https:\/\/www.yoleoescaparate.com\/wp-content\/uploads\/2024\/10\/15.-Miquel-Burges-Alberto-Pascual-Inigo-Niharra-y-Asier-Marco-presidentes-de-las-comparsas-de-Molins-Calahorra-Madri-2048x1153.jpg 2048w\" sizes=\"auto, (max-width: 1024px) 100vw, 1024px\" \/><\/figure><\/li><li class=\"wp-block-jetpack-slideshow_slide swiper-slide\"><figure><img loading=\"lazy\" decoding=\"async\" width=\"1024\" height=\"576\" alt=\"\" class=\"wp-block-jetpack-slideshow_image wp-image-120877\" data-id=\"120877\" src=\"https:\/\/www.yoleoescaparate.com\/wp-content\/uploads\/2024\/10\/22.-Fotografia-de-familia-junto-a-los-gigantes-y-componentes-de-la-Comparsa-Asier-Marco-de-Tafalla-domingo-29-Molins-1024x576.jpg\" srcset=\"https:\/\/www.yoleoescaparate.com\/wp-content\/uploads\/2024\/10\/22.-Fotografia-de-familia-junto-a-los-gigantes-y-componentes-de-la-Comparsa-Asier-Marco-de-Tafalla-domingo-29-Molins-1024x576.jpg 1024w, https:\/\/www.yoleoescaparate.com\/wp-content\/uploads\/2024\/10\/22.-Fotografia-de-familia-junto-a-los-gigantes-y-componentes-de-la-Comparsa-Asier-Marco-de-Tafalla-domingo-29-Molins-300x169.jpg 300w, https:\/\/www.yoleoescaparate.com\/wp-content\/uploads\/2024\/10\/22.-Fotografia-de-familia-junto-a-los-gigantes-y-componentes-de-la-Comparsa-Asier-Marco-de-Tafalla-domingo-29-Molins-768x432.jpg 768w, https:\/\/www.yoleoescaparate.com\/wp-content\/uploads\/2024\/10\/22.-Fotografia-de-familia-junto-a-los-gigantes-y-componentes-de-la-Comparsa-Asier-Marco-de-Tafalla-domingo-29-Molins-1536x864.jpg 1536w, https:\/\/www.yoleoescaparate.com\/wp-content\/uploads\/2024\/10\/22.-Fotografia-de-familia-junto-a-los-gigantes-y-componentes-de-la-Comparsa-Asier-Marco-de-Tafalla-domingo-29-Molins.jpg 1920w\" sizes=\"auto, (max-width: 1024px) 100vw, 1024px\" \/><\/figure><\/li><\/ul><a class=\"wp-block-jetpack-slideshow_button-prev swiper-button-prev swiper-button-white\" role=\"button\"><\/a><a class=\"wp-block-jetpack-slideshow_button-next swiper-button-next swiper-button-white\" role=\"button\"><\/a><a aria-label=\"Pause Slideshow\" class=\"wp-block-jetpack-slideshow_button-pause\" role=\"button\"><\/a><div class=\"wp-block-jetpack-slideshow_pagination swiper-pagination swiper-pagination-white\"><\/div><\/div><\/div>\n","protected":false},"excerpt":{"rendered":"","protected":false},"author":1,"featured_media":120865,"comment_status":"open","ping_status":"open","sticky":false,"template":"","format":"standard","meta":{"colormag_page_container_layout":"default_layout","colormag_page_sidebar_layout":"default_layout","om_disable_all_campaigns":false,"_monsterinsights_skip_tracking":false,"_monsterinsights_sitenote_active":false,"_monsterinsights_sitenote_note":"","_monsterinsights_sitenote_category":0,"footnotes":""},"categories":[4],"tags":[3668,3272,16,3399,12,3398,3669,468],"class_list":["post-120864","post","type-post","status-publish","format-standard","has-post-thumbnail","hentry","category-calahorra","tag-barcelona","tag-cabezudos","tag-calahorra","tag-comparsa","tag-escaparate","tag-gigantes","tag-molins-de-rei","tag-viaje"],"aioseo_notices":[],"_links":{"self":[{"href":"https:\/\/www.yoleoescaparate.com\/index.php?rest_route=\/wp\/v2\/posts\/120864","targetHints":{"allow":["GET"]}}],"collection":[{"href":"https:\/\/www.yoleoescaparate.com\/index.php?rest_route=\/wp\/v2\/posts"}],"about":[{"href":"https:\/\/www.yoleoescaparate.com\/index.php?rest_route=\/wp\/v2\/types\/post"}],"author":[{"embeddable":true,"href":"https:\/\/www.yoleoescaparate.com\/index.php?rest_route=\/wp\/v2\/users\/1"}],"replies":[{"embeddable":true,"href":"https:\/\/www.yoleoescaparate.com\/index.php?rest_route=%2Fwp%2Fv2%2Fcomments&post=120864"}],"version-history":[{"count":0,"href":"https:\/\/www.yoleoescaparate.com\/index.php?rest_route=\/wp\/v2\/posts\/120864\/revisions"}],"wp:featuredmedia":[{"embeddable":true,"href":"https:\/\/www.yoleoescaparate.com\/index.php?rest_route=\/wp\/v2\/media\/120865"}],"wp:attachment":[{"href":"https:\/\/www.yoleoescaparate.com\/index.php?rest_route=%2Fwp%2Fv2%2Fmedia&parent=120864"}],"wp:term":[{"taxonomy":"category","embeddable":true,"href":"https:\/\/www.yoleoescaparate.com\/index.php?rest_route=%2Fwp%2Fv2%2Fcategories&post=120864"},{"taxonomy":"post_tag","embeddable":true,"href":"https:\/\/www.yoleoescaparate.com\/index.php?rest_route=%2Fwp%2Fv2%2Ftags&post=120864"}],"curies":[{"name":"wp","href":"https:\/\/api.w.org\/{rel}","templated":true}]}}