{"id":122719,"date":"2024-11-15T08:00:00","date_gmt":"2024-11-15T07:00:00","guid":{"rendered":"https:\/\/www.yoleoescaparate.com\/?p=122719"},"modified":"2024-11-14T08:34:58","modified_gmt":"2024-11-14T07:34:58","slug":"fiestas-de-san-ponciano-y-san-gregorio-en-escaparate-2a-quincena-de-noviembre","status":"publish","type":"post","link":"https:\/\/www.yoleoescaparate.com\/?p=122719","title":{"rendered":"Fiestas de San Ponciano y San Gregorio en Escaparate 2\u00aa Quincena de Noviembre"},"content":{"rendered":"\n<!--more-->\n\n\n\n<figure class=\"wp-block-image size-large\"><img loading=\"lazy\" decoding=\"async\" width=\"1024\" height=\"314\" src=\"https:\/\/www.yoleoescaparate.com\/wp-content\/uploads\/2022\/03\/listanoticiasCH-1024x314.jpg\" alt=\"\" class=\"wp-image-84817\" srcset=\"https:\/\/www.yoleoescaparate.com\/wp-content\/uploads\/2022\/03\/listanoticiasCH-1024x314.jpg 1024w, https:\/\/www.yoleoescaparate.com\/wp-content\/uploads\/2022\/03\/listanoticiasCH-300x92.jpg 300w, https:\/\/www.yoleoescaparate.com\/wp-content\/uploads\/2022\/03\/listanoticiasCH-768x236.jpg 768w, https:\/\/www.yoleoescaparate.com\/wp-content\/uploads\/2022\/03\/listanoticiasCH.jpg 1200w\" sizes=\"auto, (max-width: 1024px) 100vw, 1024px\" \/><\/figure>\n\n\n\n<p>Ya estamos a mitad de noviembre y despu\u00e9s de los golmajos, los pinchos de cuchara, los champi\u00f1ones y las setas, es el turno de Pradej\u00f3n que ya prepara sus mejores galas para honrar durante cuatro d\u00edas a su patr\u00f3n San Ponciano. Sin olvidarnos de Azagra que tambi\u00e9n celebra San Gregorio.<br>Ponciano, fue un Papa reconciliador preocupado, sobre todo, por el bien com\u00fan y finalmente m\u00e1rtir al encontrar la muerte perseguido por el emperador Maximino el Tracio en el a\u00f1o 235.<br>Pradej\u00f3n ha preparado un completo programa de actividades para peque\u00f1os y grandes, para propios extra\u00f1os, para los de aqu\u00ed y los que vengan\u2026<br>Casta\u00f1adas, exposiciones, actividades deportivas, teatro, degustaciones, pinchos, m\u00fasica\u2026 Son solo algunas de las muchas actividades que podr\u00e1n disfrutar todos los que decidan pasar la localidad de Pradej\u00f3n.<\/p>\n\n\n\n<p><strong>San Gregorio en Azagra<\/strong><br>Este fin de semana ten\u00eda lugar en Azagra el tradicional mercado de productos t\u00edpicos, ostras, verduras, degustaciones\u2026 Que preceden a las Fiestas de&nbsp;San&nbsp; Gregorio previstas para este fin de semana. Chocolatada, hoguera, comida popular, verbena\u2026 Tres d\u00edas repletos de actos y para no perderse nada en Escaparate se lo contamos todo, nos vamos de fiesta?<\/p>\n\n\n\n<div class=\"wp-block-buttons is-content-justification-center is-layout-flex wp-container-core-buttons-is-layout-a89b3969 wp-block-buttons-is-layout-flex\">\n<div class=\"wp-block-button\"><a class=\"wp-block-button__link wp-element-button\" href=\"https:\/\/www.labodegadelmarketing.com\/Escaparate-Calahorra-biblioteca\/revistas-calahorra-2024\/calahorra-noviembre-242\/index.html#book2\/\">LEER ESCAPARATE 2\u00aa QUINCENA DE NOVIEMBRE<\/a><\/div>\n<\/div>\n","protected":false},"excerpt":{"rendered":"","protected":false},"author":1,"featured_media":122720,"comment_status":"open","ping_status":"open","sticky":false,"template":"","format":"standard","meta":{"colormag_page_container_layout":"default_layout","colormag_page_sidebar_layout":"default_layout","om_disable_all_campaigns":false,"_monsterinsights_skip_tracking":false,"_monsterinsights_sitenote_active":false,"_monsterinsights_sitenote_note":"","_monsterinsights_sitenote_category":0,"footnotes":""},"categories":[6,7,8,4,1,9,10,11],"tags":[1333,120,15,16,12,200,64,18,19,22],"class_list":["post-122719","post","type-post","status-publish","format-standard","has-post-thumbnail","hentry","category-aldeanueva-de-ebro","category-autol","category-azagra","category-calahorra","category-escaparate","category-pradejon","category-rincon-de-soto","category-san-adrian","tag-aldeanueva-de-ebo","tag-autol","tag-azagra","tag-calahorra","tag-escaparate","tag-fiestas","tag-la-rioja","tag-pradejon","tag-rincon-de-soto","tag-san-adrian"],"aioseo_notices":[],"_links":{"self":[{"href":"https:\/\/www.yoleoescaparate.com\/index.php?rest_route=\/wp\/v2\/posts\/122719","targetHints":{"allow":["GET"]}}],"collection":[{"href":"https:\/\/www.yoleoescaparate.com\/index.php?rest_route=\/wp\/v2\/posts"}],"about":[{"href":"https:\/\/www.yoleoescaparate.com\/index.php?rest_route=\/wp\/v2\/types\/post"}],"author":[{"embeddable":true,"href":"https:\/\/www.yoleoescaparate.com\/index.php?rest_route=\/wp\/v2\/users\/1"}],"replies":[{"embeddable":true,"href":"https:\/\/www.yoleoescaparate.com\/index.php?rest_route=%2Fwp%2Fv2%2Fcomments&post=122719"}],"version-history":[{"count":0,"href":"https:\/\/www.yoleoescaparate.com\/index.php?rest_route=\/wp\/v2\/posts\/122719\/revisions"}],"wp:featuredmedia":[{"embeddable":true,"href":"https:\/\/www.yoleoescaparate.com\/index.php?rest_route=\/wp\/v2\/media\/122720"}],"wp:attachment":[{"href":"https:\/\/www.yoleoescaparate.com\/index.php?rest_route=%2Fwp%2Fv2%2Fmedia&parent=122719"}],"wp:term":[{"taxonomy":"category","embeddable":true,"href":"https:\/\/www.yoleoescaparate.com\/index.php?rest_route=%2Fwp%2Fv2%2Fcategories&post=122719"},{"taxonomy":"post_tag","embeddable":true,"href":"https:\/\/www.yoleoescaparate.com\/index.php?rest_route=%2Fwp%2Fv2%2Ftags&post=122719"}],"curies":[{"name":"wp","href":"https:\/\/api.w.org\/{rel}","templated":true}]}}