{"id":123184,"date":"2024-11-20T11:48:43","date_gmt":"2024-11-20T10:48:43","guid":{"rendered":"https:\/\/www.yoleoescaparate.com\/?p=123184"},"modified":"2024-11-20T11:48:52","modified_gmt":"2024-11-20T10:48:52","slug":"el-centro-fundacion-caja-rioja-calahorra-acoge-la-exposicion-del-xxv-concurso-de-fotografia-el-riojay-los-5-sentidos","status":"publish","type":"post","link":"https:\/\/www.yoleoescaparate.com\/?p=123184","title":{"rendered":"El Centro Fundaci\u00f3n Caja Rioja Calahorra acoge la exposici\u00f3n del XXV Concurso de Fotograf\u00eda \u2018El Rioja y los 5 Sentidos\u2019"},"content":{"rendered":"\n<!--more-->\n\n\n\n<figure class=\"wp-block-image size-large\"><img loading=\"lazy\" decoding=\"async\" width=\"1024\" height=\"314\" src=\"https:\/\/www.yoleoescaparate.com\/wp-content\/uploads\/2022\/03\/listanoticiasCH-1024x314.jpg\" alt=\"\" class=\"wp-image-84817\" srcset=\"https:\/\/www.yoleoescaparate.com\/wp-content\/uploads\/2022\/03\/listanoticiasCH-1024x314.jpg 1024w, https:\/\/www.yoleoescaparate.com\/wp-content\/uploads\/2022\/03\/listanoticiasCH-300x92.jpg 300w, https:\/\/www.yoleoescaparate.com\/wp-content\/uploads\/2022\/03\/listanoticiasCH-768x236.jpg 768w, https:\/\/www.yoleoescaparate.com\/wp-content\/uploads\/2022\/03\/listanoticiasCH.jpg 1200w\" sizes=\"auto, (max-width: 1024px) 100vw, 1024px\" \/><\/figure>\n\n\n\n<p>El Centro Fundaci\u00f3n Caja Rioja Calahorra acoge la exposici\u00f3n fotogr\u00e1fica del <strong>XXV Concurso de Fotograf\u00eda &#8216;El Rioja y los 5 sentidos&#8217;,<\/strong> que recoge las obras ganadoras y una selecci\u00f3n de las im\u00e1genes participantes, y que podr\u00e1 visitarse<strong> hasta el 4 de diciembre<\/strong>, <strong>de lunes a s\u00e1bado, de 18 a 21 horas.<\/strong><br><\/p>\n\n\n\n<p>El certamen ha cumplido 25 a\u00f1os y se consolida como un medio significativo para exportar al mundo el paisaje, el territorio y la singularidad de La Rioja. Abierto a aficionados y profesionales, busca resaltar el mundo y paisaje del vino de Rioja en cualquiera de sus disciplinas: vendimia, elaboraci\u00f3n, bodegas, personajes, bodegones, consumo, historia, paisaje, etc\u00e9tera. En esta \u00faltima edici\u00f3n se presentaron 338 obras pertenecientes a 121 participantes de Espa\u00f1a, Argentina, M\u00e9xico, Brasil, Italia y Portugal.<br><\/p>\n\n\n\n<p>La obra \u2018Flor de Vino\u2019, de Jonatan Narro \u00cd\u00f1iguez, de Logro\u00f1o, obtuvo el primer premio del XXV Concurso Internacional de Fotograf\u00eda sobre Vino \u2018El Rioja y los 5 Sentidos\u2019, dotado con 1.600 euros.<br>El segundo premio, de 900 euros, fue para la obra \u2018Sinfon\u00eda de Zarcillos\u2019, de Vladimiro Garc\u00eda Villaverde, de Hondarribia (Guip\u00fazcoa); mientras que el tercero, de 500 euros, para Juan Miguel Ortu\u00f1o, de Yecla (Murcia), por su obra \u2018El Descube\u2019.<br><\/p>\n\n\n\n<p><strong>Premio Especial \u2018#productoriojano\u2019<\/strong><br>El Premio Especial #productoriojano, dotado con 500 euros, y establecido en la edici\u00f3n anterior del concurso con el fin de generar de forma expl\u00edcita im\u00e1genes en las que el vino comparta protagonismo con los productos agroalimentarios de La Rioja y su culinaria o gastronom\u00eda, fue para la obra \u2018El vino y la nuez\u2019, de \u00c1ngel Benito Zapata, de Logro\u00f1o.<br>Los dos acc\u00e9sit, dotados con 200 euros cada uno, fueron para las obras \u2018Un buen estrujado\u2019, de Jos\u00e9 Luis M\u00e9ndez, de Santa Cruz de Tenerife, y \u2018Drops\u2019, de Zamuel Alfonso, de San Crist\u00f3bal de La Laguna, tambi\u00e9n en Tenerife.<\/p>\n","protected":false},"excerpt":{"rendered":"","protected":false},"author":1,"featured_media":123185,"comment_status":"open","ping_status":"open","sticky":false,"template":"","format":"standard","meta":{"colormag_page_container_layout":"default_layout","colormag_page_sidebar_layout":"default_layout","om_disable_all_campaigns":false,"_monsterinsights_skip_tracking":false,"_monsterinsights_sitenote_active":false,"_monsterinsights_sitenote_note":"","_monsterinsights_sitenote_category":0,"footnotes":""},"categories":[4,212],"tags":[16],"class_list":["post-123184","post","type-post","status-publish","format-standard","has-post-thumbnail","hentry","category-calahorra","category-planes","tag-calahorra"],"aioseo_notices":[],"_links":{"self":[{"href":"https:\/\/www.yoleoescaparate.com\/index.php?rest_route=\/wp\/v2\/posts\/123184","targetHints":{"allow":["GET"]}}],"collection":[{"href":"https:\/\/www.yoleoescaparate.com\/index.php?rest_route=\/wp\/v2\/posts"}],"about":[{"href":"https:\/\/www.yoleoescaparate.com\/index.php?rest_route=\/wp\/v2\/types\/post"}],"author":[{"embeddable":true,"href":"https:\/\/www.yoleoescaparate.com\/index.php?rest_route=\/wp\/v2\/users\/1"}],"replies":[{"embeddable":true,"href":"https:\/\/www.yoleoescaparate.com\/index.php?rest_route=%2Fwp%2Fv2%2Fcomments&post=123184"}],"version-history":[{"count":0,"href":"https:\/\/www.yoleoescaparate.com\/index.php?rest_route=\/wp\/v2\/posts\/123184\/revisions"}],"wp:featuredmedia":[{"embeddable":true,"href":"https:\/\/www.yoleoescaparate.com\/index.php?rest_route=\/wp\/v2\/media\/123185"}],"wp:attachment":[{"href":"https:\/\/www.yoleoescaparate.com\/index.php?rest_route=%2Fwp%2Fv2%2Fmedia&parent=123184"}],"wp:term":[{"taxonomy":"category","embeddable":true,"href":"https:\/\/www.yoleoescaparate.com\/index.php?rest_route=%2Fwp%2Fv2%2Fcategories&post=123184"},{"taxonomy":"post_tag","embeddable":true,"href":"https:\/\/www.yoleoescaparate.com\/index.php?rest_route=%2Fwp%2Fv2%2Ftags&post=123184"}],"curies":[{"name":"wp","href":"https:\/\/api.w.org\/{rel}","templated":true}]}}