{"id":123716,"date":"2024-11-29T14:58:05","date_gmt":"2024-11-29T13:58:05","guid":{"rendered":"https:\/\/www.yoleoescaparate.com\/?p=123716"},"modified":"2024-11-29T14:58:07","modified_gmt":"2024-11-29T13:58:07","slug":"agenda-para-este-fin-de-semana-en-calahorra-4","status":"publish","type":"post","link":"https:\/\/www.yoleoescaparate.com\/?p=123716","title":{"rendered":"Agenda para este fin de semana en Calahorra"},"content":{"rendered":"\n<!--more-->\n\n\n\n<figure class=\"wp-block-image size-large\"><img loading=\"lazy\" decoding=\"async\" width=\"1024\" height=\"314\" src=\"https:\/\/www.yoleoescaparate.com\/wp-content\/uploads\/2022\/03\/listanoticiasCH-1024x314.jpg\" alt=\"\" class=\"wp-image-84817\" srcset=\"https:\/\/www.yoleoescaparate.com\/wp-content\/uploads\/2022\/03\/listanoticiasCH-1024x314.jpg 1024w, https:\/\/www.yoleoescaparate.com\/wp-content\/uploads\/2022\/03\/listanoticiasCH-300x92.jpg 300w, https:\/\/www.yoleoescaparate.com\/wp-content\/uploads\/2022\/03\/listanoticiasCH-768x236.jpg 768w, https:\/\/www.yoleoescaparate.com\/wp-content\/uploads\/2022\/03\/listanoticiasCH.jpg 1200w\" sizes=\"auto, (max-width: 1024px) 100vw, 1024px\" \/><\/figure>\n\n\n\n<p><\/p>\n\n\n\n<h3 class=\"wp-block-heading\"><strong><u>Viernes, 29 de noviembre<\/u><\/strong><strong><u><\/u><\/strong><\/h3>\n\n\n\n<p><strong>Apertura del Mercado Navide\u00f1o<\/strong>.<strong><\/strong><\/p>\n\n\n\n<p><strong>Lugar<\/strong>:Plaza del Raso y calle Grande.<\/p>\n\n\n\n<p><strong>Hora<\/strong>: <strong>17:00<\/strong>.<strong><\/strong><\/p>\n\n\n\n<p><strong>Taller infantil y gratuito \u2018Manualidades navide\u00f1as\u2019<\/strong>.<strong><u><\/u><\/strong><\/p>\n\n\n\n<p><strong>Lugar<\/strong>:caseta del Consejo de la Juventud.<\/p>\n\n\n\n<p><strong>Hora<\/strong>: <strong>18:00<\/strong>.<\/p>\n\n\n\n<p><strong>Encendido de las luces de Navidad<\/strong>.<\/p>\n\n\n\n<p>Animaci\u00f3n musical del Coro Cantalegre del colegio San Agust\u00edn.<\/p>\n\n\n\n<p><strong>Lugar<\/strong>: Glorieta Quintiliano.<\/p>\n\n\n\n<p><strong>Hora<\/strong>: <strong>19:00<\/strong>.<\/p>\n\n\n\n<p><strong>Inauguraci\u00f3n de NAVILANDIA<\/strong>.<\/p>\n\n\n\n<p>Espect\u00e1culo de mu\u00f1ecos animados y m\u00fasica.<\/p>\n\n\n\n<p><strong>Lugar<\/strong>: Plaza del Raso.<strong><\/strong><\/p>\n\n\n\n<p><strong>Hora<\/strong>:<strong> 20:00<\/strong>.<strong><\/strong><\/p>\n\n\n\n<p><strong>XXXVIII Jornadas de monta\u00f1a y aventura&nbsp; de Calahorra<\/strong>.<\/p>\n\n\n\n<p><strong>Ponente<\/strong>:<strong> Jonatan Garc\u00eda <\/strong>(Aneto-Maladeta).<strong><\/strong><\/p>\n\n\n\n<p><strong>Lugar<\/strong>: Centro Fundaci\u00f3n Caja Rioja.<\/p>\n\n\n\n<p><strong>Hora<\/strong>: <strong>19:30<\/strong>.<\/p>\n\n\n\n<p><strong>Conferencia \u201cLos puentes de Calahorra a trav\u00e9s de la historia\u201d.<\/strong><strong><u><\/u><\/strong><\/p>\n\n\n\n<p><strong>Ponente<\/strong>:<strong> Ana Jes\u00fas Mateos Gil <\/strong>(Doctora en historia del Arte e historiadora de Calahorra).<\/p>\n\n\n\n<p><strong>Lugar<\/strong>:Sala cultural Ermita de la Concepci\u00f3n.<\/p>\n\n\n\n<p><strong>Hora<\/strong>: <strong>20:00<\/strong>.<\/p>\n\n\n\n<p>Organiza: Amigos de la Historia de Calahorra.<\/p>\n\n\n\n<p><strong>Cierre de la primera jornada del Mercado Navide\u00f1o<em>.<\/em><\/strong><strong><u><\/u><\/strong><\/p>\n\n\n\n<p><strong>Hora<\/strong>: <strong>20:30<\/strong>.<\/p>\n\n\n\n<h3 class=\"wp-block-heading\"><strong><u>S<\/u><\/strong><strong><u>\u00e1<\/u><\/strong><strong><u>bado, <\/u><\/strong><strong><u>30 de noviembre<\/u><\/strong><strong><u><\/u><\/strong><\/h3>\n\n\n\n<p><strong>Apertura del Mercado<\/strong><strong><\/strong><\/p>\n\n\n\n<p><strong>Lugar<\/strong>: calle Grande y plaza del Raso.<\/p>\n\n\n\n<p><strong>Hora<\/strong>:<strong> 1<\/strong><strong>1:00<\/strong>.<\/p>\n\n\n\n<p><strong>\u2018<\/strong><strong>Navidad a todo motor: hinchables, ludoteca y simuladores de rally y de Harley<\/strong>.<strong><u><\/u><\/strong><\/p>\n\n\n\n<p><strong>Lugar<\/strong>: Plaza del Raso.<\/p>\n\n\n\n<p><strong>Hora<\/strong>: <strong>1<\/strong><strong>1:00-14:00 y 17:00-20:30<\/strong>.<\/p>\n\n\n\n<p><strong>Taller infantil y gratuito de \u2018Mariposas brillantes\u2019<\/strong>.<\/p>\n\n\n\n<p><strong>Lugar<\/strong>:caseta del Consejo de la Juventud.<\/p>\n\n\n\n<p><strong>Hora<\/strong>: <strong>12:00<\/strong>.<\/p>\n\n\n\n<p>Colabora: Consejo de la Juventud.<\/p>\n\n\n\n<p><strong>Visita guiada a la Catedral de Santa Mar\u00eda.<\/strong><strong><u><\/u><\/strong><\/p>\n\n\n\n<p><strong>Punto de encuentro: <\/strong>p\u00f3rtico de la Catedral.<\/p>\n\n\n\n<p><strong>Hora<\/strong>:<strong> 12:00<\/strong>.<strong><\/strong><\/p>\n\n\n\n<p><strong>Concierto de la Banda juvenil de la Escuela Municipal de M\u00fasica y Artes Esc\u00e9nicas \u2018Maestro Arroyo\u2019<\/strong>.<strong><u><\/u><\/strong><\/p>\n\n\n\n<p><strong>Lugar<\/strong>:Plaza del Raso.<\/p>\n\n\n\n<p><strong>Hora<\/strong>: <strong>12:15<\/strong>.<strong><\/strong><\/p>\n\n\n\n<p><strong>\u2018El mago de los globos encantados\u2019<\/strong>.<\/p>\n\n\n\n<p><strong>Lugar: <\/strong>Plaza del Raso.<\/p>\n\n\n\n<p><strong>Hora<\/strong>:<strong> 12:15<\/strong>.<\/p>\n\n\n\n<p><strong>\u2018Dulce Navidad para adultos: Taller gratuito de compota de manzana\u2019<\/strong><em>.<\/em><strong><u><\/u><\/strong><\/p>\n\n\n\n<p><strong>Lugar<\/strong>:sede de la Pe\u00f1a Philips.<\/p>\n\n\n\n<p><strong>Hora<\/strong>:<strong> 12:15<\/strong>.<strong><\/strong><\/p>\n\n\n\n<p><strong>\u2018Visita guiada: Intervenci\u00f3n y restauraci\u00f3n de la capilla del Cristo de la Pelota\u2019<\/strong>.<strong><u><\/u><\/strong><\/p>\n\n\n\n<p><strong>Lugar<\/strong>:atrio de la Catedral.<\/p>\n\n\n\n<p><strong>Hora<\/strong>: <strong>16:00<\/strong>.<\/p>\n\n\n\n<p>Colabora: Cabildo de la Catedral.<\/p>\n\n\n\n<p><strong>Taller infantil y gratuito \u2018Peque\u00f1os artistas: dise\u00f1a tu bola de Navidad\u2019<\/strong>.<strong><u><\/u><\/strong><\/p>\n\n\n\n<p><strong>Lugar<\/strong>:sede de la Pe\u00f1a Philips.<\/p>\n\n\n\n<p><strong>Hora<\/strong>:<strong> 17:15<\/strong>.<strong><\/strong><\/p>\n\n\n\n<p><strong>Mercadillo del coleccionismo<\/strong>.<strong><u><\/u><\/strong><\/p>\n\n\n\n<p><strong>Lugar<\/strong>:Centro Cultural Fernando Herce, C\/Mayor n\u00ba8.<\/p>\n\n\n\n<p><strong>Hora<\/strong>:<strong> 17:00 a 20:30<\/strong>.<\/p>\n\n\n\n<p><strong>Taller infantil y gratuito \u2018Colorea y recorta\u2019<\/strong>.<strong><u><\/u><\/strong><\/p>\n\n\n\n<p><strong>Lugar<\/strong>:caseta del Consejo de la Juventud.<\/p>\n\n\n\n<p><strong>Hora<\/strong>:<strong> 18:00<\/strong>.<\/p>\n\n\n\n<p>Colabora: Consejo de la Juventud.<\/p>\n\n\n\n<p><strong>Fotos navide\u00f1as con Pap\u00e1 Noel y su elfita Aurora<\/strong>.<strong><u><\/u><\/strong><\/p>\n\n\n\n<p><strong>Lugar: <\/strong>Arco de mu\u00e9rdago en la Plaza del Raso.<\/p>\n\n\n\n<p><strong>Hora<\/strong>: <strong>18:15<\/strong>.<strong><\/strong><\/p>\n\n\n\n<p><strong>Concierto de Navidad \u2018Christmas Carols\u2019 con <\/strong><strong><u>&nbsp;<\/u><\/strong><strong>Marta Jim\u00e9nez (voz), Daniel Amatria\u00edn (voz y piano), H\u00e9ctor Garc\u00eda (viol\u00edn)<\/strong>.<strong><u><\/u><\/strong><\/p>\n\n\n\n<p><strong>Lugar<\/strong>:Plaza del Raso (en caso de mal tiempo, sede de la Pe\u00f1a Philips)<\/p>\n\n\n\n<p><strong>Hora<\/strong>:<strong> 18:15<\/strong>.<strong><\/strong><\/p>\n\n\n\n<p><strong>\u2018Sabores de invierno: cata de pastel Calagurris y vino caliente especiado\u2019<\/strong>.<strong><u><\/u><\/strong><\/p>\n\n\n\n<p><strong>Lugar<\/strong>:sede de la Pe\u00f1a Philips.<\/p>\n\n\n\n<p><strong>Hora<\/strong>: <strong>19:15<\/strong>.<strong><\/strong><\/p>\n\n\n\n<p><strong>Teatro: \u2018Asesinato en el Orient Express<\/strong>.<\/p>\n\n\n\n<p><strong>Lugar<\/strong>:teatro Ideal<\/p>\n\n\n\n<p><strong>Hora<\/strong>:<strong>19:30<\/strong>.<\/p>\n\n\n\n<p><strong>Cierre del Mercado Navide\u00f1o<\/strong>.<\/p>\n\n\n\n<p><strong>Hora<\/strong>:<strong> 20:30<\/strong>.<\/p>\n\n\n\n<h3 class=\"wp-block-heading\"><strong><u>Domingo, 1 de diciembre<\/u><\/strong><\/h3>\n\n\n\n<p><strong>Apertura del Mercado Navide\u00f1o<\/strong>.<\/p>\n\n\n\n<p><strong>Lugar<\/strong>: plaza de El Raso y calle Grande.<\/p>\n\n\n\n<p><strong>Hora<\/strong>:<strong> de 11:00 a 14:00 y de 17:00 a 20:30<\/strong>.<\/p>\n\n\n\n<p><strong>Mercadillo del coleccionismo<\/strong>.<\/p>\n\n\n\n<p><strong>Lugar<\/strong>: Centro cultural Fernando Herce.<\/p>\n\n\n\n<p><strong>Hora<\/strong>: <strong>de 11:30 a 13:30<\/strong>.<\/p>\n\n\n\n<p>Organiza: ASFINCA.<\/p>\n\n\n\n<p><strong>Taller infantil y gratuito de elaboraci\u00f3n de \u2018Cartas de Navidad\u2019<\/strong>.<\/p>\n\n\n\n<p><strong>Lugar<\/strong>: caseta del Consejo de la Juventud.<\/p>\n\n\n\n<p><strong>Hora<\/strong>: <strong>12:00<\/strong>.<\/p>\n\n\n\n<p>Colabora: Consejo de la Juventud.<\/p>\n\n\n\n<p><strong>\u2018La magia de los globos: Nacho el payaso\u2019<\/strong>.<\/p>\n\n\n\n<p><strong>Lugar<\/strong>: plaza de El Raso.<\/p>\n\n\n\n<p><strong>Hora<\/strong>: <strong>12:15<\/strong>.<\/p>\n\n\n\n<p><strong>\u2018Tus mu\u00f1ecos amigos navide\u00f1os: \u00a1foto con tus personajes!\u2019<\/strong>.<\/p>\n\n\n\n<p><strong>Lugar<\/strong>: plaza de El Raso y calle Grande.<\/p>\n\n\n\n<p><strong>Hora<\/strong>: <strong>12:15<\/strong>.<\/p>\n\n\n\n<p><strong>Taller gratuito para ni\u00f1os \u2018Delicias con dulces de nieve\u2019<\/strong>.<\/p>\n\n\n\n<p><strong>Lugar<\/strong>: sede de la pe\u00f1a Philips.<\/p>\n\n\n\n<p><strong>Hora<\/strong>: <strong>13:15<\/strong>.<\/p>\n\n\n\n<p><strong>\u2018Cartas para los Reyes Magos: los pajes recogen tus deseos\u2019<\/strong>.<\/p>\n\n\n\n<p><strong>Lugar<\/strong>: plaza de El Raso y calle Grande.<\/p>\n\n\n\n<p><strong>Hora<\/strong>: <strong>17:15<\/strong>.<\/p>\n\n\n\n<p><strong>Taller infantil y gratuito \u2018manos divertidas personalizadas con pompones\u2019<\/strong>.<\/p>\n\n\n\n<p><strong>Lugar<\/strong>: sede de la pe\u00f1a Philips.<\/p>\n\n\n\n<p><strong>Hora<\/strong>: <strong>17:15<\/strong>.<\/p>\n\n\n\n<p><strong>Partidas r\u00e1pidas de ajedrez con tablero navide\u00f1o y taller de imanes<\/strong>.<\/p>\n\n\n\n<p><strong>Lugar<\/strong>: caseta del Consejo de la Juventud.<\/p>\n\n\n\n<p><strong>Hora<\/strong>: <strong>18:00<\/strong>.<\/p>\n\n\n\n<p>Colabora: Consejo de la Juventud.<\/p>\n\n\n\n<p><strong>Choco-piruletas, dulces divertidos: taller infantil y gratuito<\/strong>.<\/p>\n\n\n\n<p><strong>Lugar<\/strong>: sede de la pe\u00f1a Philips.<\/p>\n\n\n\n<p><strong>Hora<\/strong>: <strong>18:15<\/strong>.<\/p>\n\n\n\n<p><strong>El show de los Pl\u00f3mez: compras y risas navide\u00f1as<\/strong>.<\/p>\n\n\n\n<p><strong>Lugar<\/strong>: calle Grande y plaza de El Raso.<\/p>\n\n\n\n<p><strong>Hora<\/strong>: <strong>18:15<\/strong>.<\/p>\n\n\n\n<p><strong>\u2018Un abrazo dulce: disfruta de chocolate y bollo\u2019<\/strong>.<\/p>\n\n\n\n<p><strong>Lugar<\/strong>: calle Grande.<\/p>\n\n\n\n<p><strong>Hora<\/strong>: <strong>19:15<\/strong>.<\/p>\n\n\n\n<p><strong>Clausura del XIII Mercado Navide\u00f1o<\/strong>.<\/p>\n\n\n\n<p><strong>Lugar<\/strong>: plaza de El Raso y calle Grande.<\/p>\n\n\n\n<p><strong>Hora<\/strong>: <strong>20:30<\/strong>.<\/p>\n","protected":false},"excerpt":{"rendered":"","protected":false},"author":1,"featured_media":87957,"comment_status":"open","ping_status":"open","sticky":false,"template":"","format":"standard","meta":{"colormag_page_container_layout":"default_layout","colormag_page_sidebar_layout":"default_layout","om_disable_all_campaigns":false,"_monsterinsights_skip_tracking":false,"_monsterinsights_sitenote_active":false,"_monsterinsights_sitenote_note":"","_monsterinsights_sitenote_category":0,"footnotes":""},"categories":[4],"tags":[16],"class_list":["post-123716","post","type-post","status-publish","format-standard","has-post-thumbnail","hentry","category-calahorra","tag-calahorra"],"aioseo_notices":[],"_links":{"self":[{"href":"https:\/\/www.yoleoescaparate.com\/index.php?rest_route=\/wp\/v2\/posts\/123716","targetHints":{"allow":["GET"]}}],"collection":[{"href":"https:\/\/www.yoleoescaparate.com\/index.php?rest_route=\/wp\/v2\/posts"}],"about":[{"href":"https:\/\/www.yoleoescaparate.com\/index.php?rest_route=\/wp\/v2\/types\/post"}],"author":[{"embeddable":true,"href":"https:\/\/www.yoleoescaparate.com\/index.php?rest_route=\/wp\/v2\/users\/1"}],"replies":[{"embeddable":true,"href":"https:\/\/www.yoleoescaparate.com\/index.php?rest_route=%2Fwp%2Fv2%2Fcomments&post=123716"}],"version-history":[{"count":0,"href":"https:\/\/www.yoleoescaparate.com\/index.php?rest_route=\/wp\/v2\/posts\/123716\/revisions"}],"wp:featuredmedia":[{"embeddable":true,"href":"https:\/\/www.yoleoescaparate.com\/index.php?rest_route=\/wp\/v2\/media\/87957"}],"wp:attachment":[{"href":"https:\/\/www.yoleoescaparate.com\/index.php?rest_route=%2Fwp%2Fv2%2Fmedia&parent=123716"}],"wp:term":[{"taxonomy":"category","embeddable":true,"href":"https:\/\/www.yoleoescaparate.com\/index.php?rest_route=%2Fwp%2Fv2%2Fcategories&post=123716"},{"taxonomy":"post_tag","embeddable":true,"href":"https:\/\/www.yoleoescaparate.com\/index.php?rest_route=%2Fwp%2Fv2%2Ftags&post=123716"}],"curies":[{"name":"wp","href":"https:\/\/api.w.org\/{rel}","templated":true}]}}