{"id":124645,"date":"2024-12-20T10:30:06","date_gmt":"2024-12-20T09:30:06","guid":{"rendered":"https:\/\/www.yoleoescaparate.com\/?p=124645"},"modified":"2024-12-20T10:30:09","modified_gmt":"2024-12-20T09:30:09","slug":"alfaro-sera-la-salida-de-una-etapa-de-la-vuelta-ciclista-a-espana-2025","status":"publish","type":"post","link":"https:\/\/www.yoleoescaparate.com\/?p=124645","title":{"rendered":"Alfaro ser\u00e1 la salida de una etapa de La Vuelta Ciclista a Espa\u00f1a 2025"},"content":{"rendered":"\n<!--more-->\n\n\n\n<figure class=\"wp-block-image size-large\"><img loading=\"lazy\" decoding=\"async\" width=\"1024\" height=\"314\" src=\"https:\/\/www.yoleoescaparate.com\/wp-content\/uploads\/2022\/03\/listanoticiasCH-1024x314.jpg\" alt=\"\" class=\"wp-image-84817\" srcset=\"https:\/\/www.yoleoescaparate.com\/wp-content\/uploads\/2022\/03\/listanoticiasCH-1024x314.jpg 1024w, https:\/\/www.yoleoescaparate.com\/wp-content\/uploads\/2022\/03\/listanoticiasCH-300x92.jpg 300w, https:\/\/www.yoleoescaparate.com\/wp-content\/uploads\/2022\/03\/listanoticiasCH-768x236.jpg 768w, https:\/\/www.yoleoescaparate.com\/wp-content\/uploads\/2022\/03\/listanoticiasCH.jpg 1200w\" sizes=\"auto, (max-width: 1024px) 100vw, 1024px\" \/><\/figure>\n\n\n\n<p><strong>La novena etapa de la Vuelta, el domingo 31 de agosto, recorrer\u00e1 La Rioja de este a oeste con un trayecto de 195,7 kil\u00f3metros por m\u00e1s de veinte localidades riojanas<\/strong><\/p>\n\n\n\n<p>La Rioja volver\u00e1 a acoger una etapa de La Vuelta Ciclista a Espa\u00f1a en su 90 edici\u00f3n que arrancar\u00e1 el 23 de agosto en la regi\u00f3n italiana de Piamonte y culminar\u00e1 el 14 de septiembre en Madrid. Nuestra regi\u00f3n acoger\u00e1 la novena etapa de la prueba, el domingo 31 de agosto, con un recorrido que llevar\u00e1 a los ciclistas de este a oeste de la Comunidad para cumplimentar un total de 195,7 kil\u00f3metros y visitar veinte localidades de nuestra regi\u00f3n. As\u00ed se ha conocido este jueves, 19 de diciembre, durante el acto de presentaci\u00f3n oficial de este gran evento deportivo a la que ha acudido el director general de Deporte y Juventud, Diego Azcona. Una elecci\u00f3n que supone la continuidad de la cita de La Vuelta con La Rioja tras su visita el pasado a\u00f1o.<\/p>\n\n\n\n<p>De esta forma, la novena etapa de la ronda tomar\u00e1 la salida desde la localidad riojabaje\u00f1a de Alfaro. El recorrido de casi 196 kil\u00f3metros continuar\u00e1 por veintis\u00e9is localidades riojanas, como Ventas de Ba\u00f1o, Rinc\u00f3n de Olivedo, Igea, Cornago, Turrunc\u00fan, Arnedo, Ausejo, El Redal, Villamediana, Alberite, Albelda, Nalda, Santo Domingo de la Calzada, para finalizar en una m\u00edtica llegada a la estaci\u00f3n riojana de esqu\u00ed y monta\u00f1a, Valdezcaray.<\/p>\n\n\n\n<p>Ser\u00e1 as\u00ed una de las etapas que puede revelar los primeros aspirantes para ganar la prueba dada la distancia, el desnivel y llegada en alto que presenta esta exigente etapa riojana que exhibir\u00e1 la regi\u00f3n el \u00faltimo d\u00eda de agosto, coincidiendo con el inicio de los primeros compases de la vendimia riojana, en concreto, en La Rioja Baja. El trayecto ofrecer\u00e1 un recorrido visual por lugares emblem\u00e1ticos como la Colegiata de Alfaro, la Ruta de los Dinosaurios, la Ciudad del Calzado de Arnedo, el Monasterio de Santa Mar\u00eda la Real de N\u00e1jera, la Catedral de Santo Domingo de la Calzada, la localidad de Ezcaray o Valdezcaray. Im\u00e1genes para el recuerdo de las que podr\u00e1n disfrutar los ciclistas, la organizaci\u00f3n, los seguidores de la prueba y los millones de telespectadores que podr\u00e1n ver la etapa en televisi\u00f3n. Unos espectadores que tambi\u00e9n podr\u00e1n disfrutar del recorrido que el conocido helic\u00f3ptero de La Vuelta realizar\u00e1 al resto de la orograf\u00eda, la cultura y el patrimonio de La Rioja. Un hito no solo en el calendario deportivo sino tambi\u00e9n en cuanto a la enorme repercusi\u00f3n que la visita de la tercera prueba ciclista m\u00e1s importante del mundo supone a nivel social, tur\u00edstico y econ\u00f3mico para toda la regi\u00f3n<\/p>\n","protected":false},"excerpt":{"rendered":"","protected":false},"author":1,"featured_media":124646,"comment_status":"open","ping_status":"open","sticky":false,"template":"","format":"standard","meta":{"colormag_page_container_layout":"default_layout","colormag_page_sidebar_layout":"default_layout","om_disable_all_campaigns":false,"_monsterinsights_skip_tracking":false,"_monsterinsights_sitenote_active":false,"_monsterinsights_sitenote_note":"","_monsterinsights_sitenote_category":0,"footnotes":""},"categories":[5,251],"tags":[72,25],"class_list":["post-124645","post","type-post","status-publish","format-standard","has-post-thumbnail","hentry","category-alfaro","category-deportes","tag-alfaro","tag-deportes"],"aioseo_notices":[],"_links":{"self":[{"href":"https:\/\/www.yoleoescaparate.com\/index.php?rest_route=\/wp\/v2\/posts\/124645","targetHints":{"allow":["GET"]}}],"collection":[{"href":"https:\/\/www.yoleoescaparate.com\/index.php?rest_route=\/wp\/v2\/posts"}],"about":[{"href":"https:\/\/www.yoleoescaparate.com\/index.php?rest_route=\/wp\/v2\/types\/post"}],"author":[{"embeddable":true,"href":"https:\/\/www.yoleoescaparate.com\/index.php?rest_route=\/wp\/v2\/users\/1"}],"replies":[{"embeddable":true,"href":"https:\/\/www.yoleoescaparate.com\/index.php?rest_route=%2Fwp%2Fv2%2Fcomments&post=124645"}],"version-history":[{"count":0,"href":"https:\/\/www.yoleoescaparate.com\/index.php?rest_route=\/wp\/v2\/posts\/124645\/revisions"}],"wp:featuredmedia":[{"embeddable":true,"href":"https:\/\/www.yoleoescaparate.com\/index.php?rest_route=\/wp\/v2\/media\/124646"}],"wp:attachment":[{"href":"https:\/\/www.yoleoescaparate.com\/index.php?rest_route=%2Fwp%2Fv2%2Fmedia&parent=124645"}],"wp:term":[{"taxonomy":"category","embeddable":true,"href":"https:\/\/www.yoleoescaparate.com\/index.php?rest_route=%2Fwp%2Fv2%2Fcategories&post=124645"},{"taxonomy":"post_tag","embeddable":true,"href":"https:\/\/www.yoleoescaparate.com\/index.php?rest_route=%2Fwp%2Fv2%2Ftags&post=124645"}],"curies":[{"name":"wp","href":"https:\/\/api.w.org\/{rel}","templated":true}]}}