{"id":126666,"date":"2025-02-06T14:55:01","date_gmt":"2025-02-06T13:55:01","guid":{"rendered":"https:\/\/www.yoleoescaparate.com\/?p=126666"},"modified":"2025-02-06T14:55:03","modified_gmt":"2025-02-06T13:55:03","slug":"el-consejo-de-la-juventud-comarcal-de-calahorra-presenta-su-prometedora-programacion-para-el-ano-2025","status":"publish","type":"post","link":"https:\/\/www.yoleoescaparate.com\/?p=126666","title":{"rendered":"El Consejo de la Juventud Comarcal de Calahorra presenta su prometedora programaci\u00f3n para el a\u00f1o 2025"},"content":{"rendered":"\n<!--more-->\n\n\n\n<figure class=\"wp-block-image size-large\"><img loading=\"lazy\" decoding=\"async\" width=\"1024\" height=\"314\" src=\"https:\/\/www.yoleoescaparate.com\/wp-content\/uploads\/2022\/03\/listanoticiasCH-1024x314.jpg\" alt=\"\" class=\"wp-image-84817\" srcset=\"https:\/\/www.yoleoescaparate.com\/wp-content\/uploads\/2022\/03\/listanoticiasCH-1024x314.jpg 1024w, https:\/\/www.yoleoescaparate.com\/wp-content\/uploads\/2022\/03\/listanoticiasCH-300x92.jpg 300w, https:\/\/www.yoleoescaparate.com\/wp-content\/uploads\/2022\/03\/listanoticiasCH-768x236.jpg 768w, https:\/\/www.yoleoescaparate.com\/wp-content\/uploads\/2022\/03\/listanoticiasCH.jpg 1200w\" sizes=\"auto, (max-width: 1024px) 100vw, 1024px\" \/><\/figure>\n\n\n\n<figure class=\"wp-block-embed is-type-video is-provider-youtube wp-block-embed-youtube wp-embed-aspect-16-9 wp-has-aspect-ratio\"><div class=\"wp-block-embed__wrapper\">\n<iframe loading=\"lazy\" title=\"El Consejo de la Juventud Comarcal de Calahorra presenta su prometedora programaci\u00f3n para este a\u00f1o\" width=\"800\" height=\"450\" src=\"https:\/\/www.youtube.com\/embed\/h4ca0cVLwBI?feature=oembed\" frameborder=\"0\" allow=\"accelerometer; autoplay; clipboard-write; encrypted-media; gyroscope; picture-in-picture; web-share\" referrerpolicy=\"strict-origin-when-cross-origin\" allowfullscreen><\/iframe>\n<\/div><\/figure>\n\n\n\n<p>El Consejo de la Juventud Comarcal de Calahorra representado por su presidente Daniel Toral y secretaria Leyre Amor, acompa\u00f1ados por el director del Instituto Riojano de la Juventud, Juan Diego Alcaide, y el concejal de Juventud del Ayuntamiento de Calahorra Iv\u00e1n Jim\u00e9nez, ha presentdo su ambiciosa e ilusionante programaci\u00f3n para el a\u00f1o 2025. Este proyecto, que representa el esfuerzo colectivo de todas las asociaciones y voluntariado que forman parte del Consejo de la Juventud, est\u00e1 dise\u00f1ado para inspirar, educar y fortalecer la participaci\u00f3n activa de los j\u00f3venes de la comarca de Calahorra.<\/p>\n\n\n\n<p>Esta programaci\u00f3n da continuidad a las l\u00edneas de trabajo establecidas durante los \u00faltimos a\u00f1os y adem\u00e1s las ampl\u00eda con atractivas e innovadoras propuestas, como un taller de astronom\u00eda, un taller de escritura creativa, un c\u00edrculo de reflexiones y tertulias culturales.<\/p>\n\n\n\n<p><strong>\u00c1REA DE ASOCIACIONISMO Y VOLUNTARIADO<\/strong><\/p>\n\n\n\n<ol class=\"wp-block-list\">\n<li><strong>1.\u00a0\u00a0\u00a0\u00a0<\/strong><strong>Punto de informaci\u00f3n del CJCC:<\/strong>\u00a0Espacio de atenci\u00f3n a los j\u00f3venes y asociaciones, adem\u00e1s de punto de coordinaci\u00f3n de todos los proyectos de la entidad.<\/li>\n\n\n\n<li><strong>2.\u00a0\u00a0\u00a0\u00a0<\/strong><strong>Campa\u00f1a de concienciaci\u00f3n:<\/strong>\u00a0Fomentando el esp\u00edritu solidario y de compromiso entre los j\u00f3venes mediante acciones de sensibilizaci\u00f3n.<\/li>\n\n\n\n<li><strong>3.\u00a0\u00a0\u00a0\u00a0<\/strong><strong>Din\u00e1micas de concienciaci\u00f3n sobre voluntariado en 4\u00ba ESO:<\/strong>\u00a0Educando a las futuras generaciones sobre la importancia del voluntariado a trav\u00e9s de charlas interactivas y actividades participativas.<\/li>\n\n\n\n<li><strong>4.\u00a0\u00a0\u00a0\u00a0<\/strong><strong>Encuentro formativo sobre voluntariado y trabajo en equipo:<\/strong>\u00a0Fomentando habilidades y conocimientos esenciales para garantizar un voluntariado eficaz y respetuoso; adem\u00e1s de incluir talleres pr\u00e1cticos sobre el trabajo en equipo.<\/li>\n\n\n\n<li><strong>5.\u00a0\u00a0\u00a0\u00a0<\/strong><strong>Encuentro en el D\u00eda Internacional del Voluntariado:<\/strong>\u00a0Punto de encuentro para celebrar la labor voluntaria, compartir experiencias y establecer redes de colaboraci\u00f3n entre entidades locales.<\/li>\n<\/ol>\n\n\n\n<p><strong>\u00c1REA DE FORMACI\u00d3N<\/strong><\/p>\n\n\n\n<ul class=\"wp-block-list\">\n<li><strong>6.\u00a0\u00a0\u00a0\u00a0<\/strong><strong>Curso de Monitores de Ocio y Tiempo Libre:\u00a0<\/strong>Fomentando la formaci\u00f3n reglada, liderazgo y la responsabilidad en actividades recreativas dirigidas a ni\u00f1os y adolescentes.\u00a0<\/li>\n\n\n\n<li><strong>7.\u00a0\u00a0\u00a0\u00a0<\/strong><strong>Proyecto de Artestima:\u00a0<\/strong>Fusionando arte y autoestima para el desarrollo personal mediante talleres que combinan creatividad y reflexi\u00f3n emocional.\u00a0<\/li>\n\n\n\n<li><strong>8.\u00a0\u00a0\u00a0\u00a0<\/strong><strong>Taller de Escritura Creativa:\u00a0<\/strong>Espacio para desarrollar la imaginaci\u00f3n y la capacidad de expresi\u00f3n a trav\u00e9s de ejercicios literarios guiados.<\/li>\n<\/ul>\n\n\n\n<p><strong>\u00c1REA DE OCIO Y TIEMPO LIBRE<\/strong><\/p>\n\n\n\n<ul class=\"wp-block-list\">\n<li><strong>9.\u00a0\u00a0\u00a0\u00a0<\/strong><strong>Memorandum Calagurris:\u00a0<\/strong>Ocio y m\u00fasica para los m\u00e1s j\u00f3venes, con\u00a0\u00a0actuaciones en directo de j\u00f3venes noveles.<\/li>\n\n\n\n<li><strong>10.\u00a0<\/strong><strong>\u00a0Casco Antiguo Suena:\u00a0<\/strong>Evento musical que anima las calles hist\u00f3ricas de nuestra ciudad con conciertos de bandas emergentes.\u00a0<\/li>\n\n\n\n<li><strong>11.\u00a0<\/strong><strong>Noche de Terror:\u00a0<\/strong>Actividad de ocio alternativo nocturno que cuenta con el desarrollo de un escape room.<\/li>\n\n\n\n<li><strong>12.\u00a0<\/strong><strong>\u00a0Taller de astronom\u00eda \u201cMisi\u00f3n eclipse\u201d:\u00a0<\/strong>Observaci\u00f3n astron\u00f3mica guiada por una astrof\u00edsica, acompa\u00f1ada de explicaciones sobre los fen\u00f3menos celestes.\u00a0<\/li>\n\n\n\n<li><strong>13.\u00a0<\/strong><strong>Caf\u00e9 Multiling\u00fce:\u00a0<\/strong>Encuentros informales organizados por los voluntarios europeos, para practicar sus idiomas y fomentar el intercambio cultural entre los j\u00f3venes.<\/li>\n<\/ul>\n\n\n\n<p><strong>\u00c1REA DE CULTURA<\/strong><\/p>\n\n\n\n<ol class=\"wp-block-list\">\n<li><strong>14.\u00a0<\/strong><strong>Lunarte:\u00a0<\/strong>Un espacio para la expresi\u00f3n art\u00edstica y creativa en diferentes espacios del Casco Antiguo, incluyendo m\u00fasica, teatro y talleres.\u00a0<\/li>\n\n\n\n<li><strong>15.\u00a0<\/strong><strong>Ronda con Arte Joven:\u00a0<\/strong>Poniendo en valor diferentes disciplinas de j\u00f3venes artistas mediante exposiciones itinerantes en el Casco Antiguo.<\/li>\n\n\n\n<li><strong>16.\u00a0<\/strong><strong>Encuentro Intercultural \u201cMelod\u00edas del mundo\u201d:\u00a0<\/strong>Celebrando la diversidad a trav\u00e9s de la exposici\u00f3n de los pa\u00edses acompa\u00f1ados de m\u00fasica y danzas t\u00edpicas de distintas culturas.\u00a0<\/li>\n\n\n\n<li><strong>17.\u00a0<\/strong><strong>Tertulias culturales:\u00a0<\/strong>Encuentros para debatir y reflexionar sobre temas actuales con la participaci\u00f3n de expertos invitados.<\/li>\n<\/ol>\n\n\n\n<p><strong>\u00c1REA DE PREVENCI\u00d3N<\/strong><\/p>\n\n\n\n<ol class=\"wp-block-list\">\n<li><strong>18.\u00a0<\/strong><strong>Gesti\u00f3n de juegoteca:\u00a0<\/strong>Servicio de pr\u00e9stamo de juegos de mesa.<\/li>\n\n\n\n<li><strong>19.\u00a0<\/strong><strong>Jornadas de juegos de mesa:\u00a0<\/strong>Fomento del aprendizaje y la socializaci\u00f3n a trav\u00e9s de din\u00e1micas grupales con juegos de estrategia y colaborativos.\u00a0<\/li>\n\n\n\n<li><strong>20.\u00a0<\/strong><strong>Taller sobre la importancia pedag\u00f3gica del juego:\u00a0<\/strong>Actividad te\u00f3rica y pr\u00e1ctica que resalta el valor educativo del juego en el desarrollo de habilidades cognitivas y sociales.<\/li>\n<\/ol>\n\n\n\n<p><strong>\u00c1REA DE SALUD<\/strong><\/p>\n\n\n\n<ul class=\"wp-block-list\">\n<li><strong>21.\u00a0<\/strong><strong>J\u00f3venes en ruta, aventura natural:\u00a0<\/strong>Conexi\u00f3n con la naturaleza por medio de paseos guiados y actividades de concienciaci\u00f3n ambiental.\u00a0<\/li>\n\n\n\n<li><strong>22.\u00a0<\/strong><strong>C\u00edrculo de reflexiones:\u00a0<\/strong>Espacio de di\u00e1logo para j\u00f3venes, con el objetivo de mejorar su bienestar emocional y el autoconocimiento.<\/li>\n\n\n\n<li><strong>23.\u00a0<\/strong><strong>Curso de cocina saludable y de aprovechamiento:\u00a0<\/strong>Continuando con los proyectos centrados en la salud integral de los j\u00f3venes.<\/li>\n\n\n\n<li><strong>24.\u00a0<\/strong><strong>Taller de cocina saludable:\u00a0<\/strong>En torno a las Jornadas de la Verdura de la ciudad, continuaremos con nuestras formaciones saludables en alimentaci\u00f3n.<\/li>\n<\/ul>\n\n\n\n<p><strong>\u00c1REA INTERNACIONAL<\/strong><\/p>\n\n\n\n<ul class=\"wp-block-list\">\n<li><strong>25.\u00a0<\/strong><strong>Gesti\u00f3n del Cuerpo Europeo de Solidaridad:\u00a0<\/strong>Env\u00edo y acogida de voluntarios europeos mediante la coordinaci\u00f3n de proyectos locales e internacionales.\u00a0<\/li>\n\n\n\n<li><strong>26.\u00a0<\/strong><strong>Campa\u00f1a de promoci\u00f3n del Cuerpo Europeo de Solidaridad:\u00a0<\/strong>Inspirando la participaci\u00f3n en proyectos internacionales a trav\u00e9s de charlas y testimonios de voluntarios en activo.<\/li>\n\n\n\n<li><strong>27.\u00a0<\/strong><strong>Charla del CES en los institutos:\u00a0<\/strong>Informaci\u00f3n detallada sobre oportunidades de participaci\u00f3n europea para los j\u00f3venes, enfocada en el intercambio y la conciencia europea.<\/li>\n\n\n\n<li><strong>28.\u00a0<\/strong><strong>Participaci\u00f3n en Encuentros Internacionales y Erasmus+:<\/strong>\u00a0Fomentando la participaci\u00f3n en diferentes proyectos enfocados a j\u00f3venes para el intercambio cultural y educativo.\u00a0<\/li>\n\n\n\n<li><strong>29.\u00a0<\/strong><strong>Intercambio juvenil EMA \u201cEmoci\u00f3n, m\u00fasica y arte\u201d:\u00a0<\/strong>Proyecto que combina actividades art\u00edsticas y culturales para fomentar la expresi\u00f3n y el entendimiento intercultural. Contaremos con j\u00f3venes de la comarca, de Italia y Bosnia\u00a0\u00a0Herzegovina.<\/li>\n<\/ul>\n\n\n\n<p><strong>\u00c1REA DE EMANCIPACI\u00d3N<\/strong><\/p>\n\n\n\n<ul class=\"wp-block-list\">\n<li><strong>30.\u00a0<\/strong><strong>Proyecto Emanc\u00edpate:\u00a0<\/strong>Asesoramiento individual sobre empleo, formaci\u00f3n y ayudas para la vivienda.<\/li>\n\n\n\n<li><strong>31.\u00a0<\/strong><strong>Talleres de emancipaci\u00f3n:\u00a0<\/strong>Elaboraci\u00f3n de curr\u00edculums, Primeros pasos para la emancipaci\u00f3n, B\u00fasqueda activa de empleo, Ayudas para la vivienda.<\/li>\n<\/ul>\n\n\n\n<p>El CJCC invita a todos los j\u00f3venes de la comarca a sumarse a esta emocionante programaci\u00f3n, reflejo del compromiso y esfuerzo de las asociaciones, voluntarias y voluntarios de nuestra entidad por construir un futuro lleno de oportunidades y bienestar para los j\u00f3venes. Adem\u00e1s, les animamos a la participaci\u00f3n activa y a la propuesta de nuevas actividades, este es un programa vivo y abierto a nuevas aportaciones<\/p>\n","protected":false},"excerpt":{"rendered":"","protected":false},"author":1,"featured_media":126667,"comment_status":"open","ping_status":"open","sticky":false,"template":"","format":"standard","meta":{"colormag_page_container_layout":"default_layout","colormag_page_sidebar_layout":"default_layout","om_disable_all_campaigns":false,"_monsterinsights_skip_tracking":false,"_monsterinsights_sitenote_active":false,"_monsterinsights_sitenote_note":"","_monsterinsights_sitenote_category":0,"footnotes":""},"categories":[4,206],"tags":[16,293],"class_list":["post-126666","post","type-post","status-publish","format-standard","has-post-thumbnail","hentry","category-calahorra","category-videos","tag-calahorra","tag-videos"],"aioseo_notices":[],"_links":{"self":[{"href":"https:\/\/www.yoleoescaparate.com\/index.php?rest_route=\/wp\/v2\/posts\/126666","targetHints":{"allow":["GET"]}}],"collection":[{"href":"https:\/\/www.yoleoescaparate.com\/index.php?rest_route=\/wp\/v2\/posts"}],"about":[{"href":"https:\/\/www.yoleoescaparate.com\/index.php?rest_route=\/wp\/v2\/types\/post"}],"author":[{"embeddable":true,"href":"https:\/\/www.yoleoescaparate.com\/index.php?rest_route=\/wp\/v2\/users\/1"}],"replies":[{"embeddable":true,"href":"https:\/\/www.yoleoescaparate.com\/index.php?rest_route=%2Fwp%2Fv2%2Fcomments&post=126666"}],"version-history":[{"count":0,"href":"https:\/\/www.yoleoescaparate.com\/index.php?rest_route=\/wp\/v2\/posts\/126666\/revisions"}],"wp:featuredmedia":[{"embeddable":true,"href":"https:\/\/www.yoleoescaparate.com\/index.php?rest_route=\/wp\/v2\/media\/126667"}],"wp:attachment":[{"href":"https:\/\/www.yoleoescaparate.com\/index.php?rest_route=%2Fwp%2Fv2%2Fmedia&parent=126666"}],"wp:term":[{"taxonomy":"category","embeddable":true,"href":"https:\/\/www.yoleoescaparate.com\/index.php?rest_route=%2Fwp%2Fv2%2Fcategories&post=126666"},{"taxonomy":"post_tag","embeddable":true,"href":"https:\/\/www.yoleoescaparate.com\/index.php?rest_route=%2Fwp%2Fv2%2Ftags&post=126666"}],"curies":[{"name":"wp","href":"https:\/\/api.w.org\/{rel}","templated":true}]}}