{"id":128019,"date":"2025-03-14T12:40:00","date_gmt":"2025-03-14T11:40:00","guid":{"rendered":"https:\/\/www.yoleoescaparate.com\/?p=128019"},"modified":"2025-03-14T13:27:11","modified_gmt":"2025-03-14T12:27:11","slug":"autol-celebra-del-14-al-16-de-marzo-el-iv-centenario-de-la-cofradia-del-santisimo-sacramento","status":"publish","type":"post","link":"https:\/\/www.yoleoescaparate.com\/?p=128019","title":{"rendered":"Autol celebra del 14 al 16 de marzo el IV centenario de la Cofrad\u00eda del Sant\u00edsimo Sacramento"},"content":{"rendered":"\n<!--more-->\n\n\n\n<figure class=\"wp-block-image size-large\"><img loading=\"lazy\" decoding=\"async\" width=\"1024\" height=\"314\" src=\"https:\/\/www.yoleoescaparate.com\/wp-content\/uploads\/2022\/03\/listanoticiasCH-1024x314.jpg\" alt=\"\" class=\"wp-image-84817\" srcset=\"https:\/\/www.yoleoescaparate.com\/wp-content\/uploads\/2022\/03\/listanoticiasCH-1024x314.jpg 1024w, https:\/\/www.yoleoescaparate.com\/wp-content\/uploads\/2022\/03\/listanoticiasCH-300x92.jpg 300w, https:\/\/www.yoleoescaparate.com\/wp-content\/uploads\/2022\/03\/listanoticiasCH-768x236.jpg 768w, https:\/\/www.yoleoescaparate.com\/wp-content\/uploads\/2022\/03\/listanoticiasCH.jpg 1200w\" sizes=\"auto, (max-width: 1024px) 100vw, 1024px\" \/><\/figure>\n\n\n\n<p><strong>El Auditorio Municipal de Autol acoger\u00e1 el 14 de marzo un singular concierto de la banda municipal, codirigida por Mar\u00eda del Mar Coria y el reconocido compositor de \u2018La Madrug\u00e1\u2019 Abel Moreno, con la colaboraci\u00f3n del Orfe\u00f3n Celso D\u00edaz<\/strong><\/p>\n\n\n\n<p>Bandas y cofrad\u00edas de Soria, Logro\u00f1o, Murchante, Calahorra e Illueca se sumar\u00e1n el 15 de marzo a esta celebraci\u00f3n participando en la Magna Procesi\u00f3n de Autol<\/p>\n\n\n\n<p><strong>El director general de Cultura, Roberto Iturriaga, junto a la alcaldesa de Autol, Catalina Bastida, y el alcalde presidente de la cofrad\u00eda, Carlos Fernando Hern\u00e1ndez, han presentado hoy, d\u00eda 7, los actos programados para conmemorar el IV centenario de la Cofrad\u00eda del Sant\u00edsimo Sacramento de Autol, fundada en 1620.<\/strong><\/p>\n\n\n\n<p>A lo largo de todo un fin de semana (14, 15 y 16 de marzo), la localidad riojabaje\u00f1a desplegar\u00e1 un completo programa que dar\u00e1 inicio el d\u00eda 14, a las 20:30 horas en el Auditorio Municipal, con un importante y singular concierto de la banda municipal de Autol. As\u00ed, el concierto contar\u00e1 con la codirecci\u00f3n de la directora de la agrupaci\u00f3n Mar\u00eda del Mar Coria y tambi\u00e9n del teniente coronel Abel Moreno, compositor no solo de la marcha \u2018Semana Santa en Autol\u2019, sino tambi\u00e9n de la marcha procesional de \u2018La Madrug\u00e1\u2019, \u201cun referente a nivel nacional y uno de los mejores compositores vivos con los que contamos en la actualidad\u201d, ha destacado Iturriaga. Adem\u00e1s, como ha confirmado Hern\u00e1ndez, \u201cla banda contar\u00e1 con la colaboraci\u00f3n del Orfe\u00f3n Arnedano Celso D\u00edaz y la intervenci\u00f3n como Pregonero de la Semana Santa 2025, el hermano de la Macarena, Juan Jos\u00e9 Morillas, impulsor de la Semana Santa en Sevilla\u201d.<\/p>\n\n\n\n<p>El s\u00e1bado, a las 18:30 horas, se celebrar\u00e1 la Magna y Extraordinaria Procesi\u00f3n en la que se espera la participaci\u00f3n de m\u00e1s de 500 personas y los nueve pasos que procesiona la Cofrad\u00eda de Autol en un recorrido especial y diferente al habitual de las procesiones de Autol. Con salida y llegada desde la iglesia parroquial de San Adri\u00e1n y Santa Natalia, como ha detallado Hern\u00e1ndez, \u201cla procesi\u00f3n contar\u00e1 con la participaci\u00f3n de la banda de Las Ca\u00eddas de Soria, la Veracruz de Calahorra, la banda de cornetas de Murchante y la del Nazareno de Logro\u00f1o, a los que agradecemos su colaboraci\u00f3n para poder procesionar todos los pasos que tenemos en la localidad\u201d. La clausura del centenario tendr\u00e1 lugar el domingo 16 de marzo a las 12:00 horas con una misa y la posterior procesi\u00f3n de la Cofrad\u00eda.<\/p>\n\n\n\n<p>Unas celebraciones que, como ha afirmado Hern\u00e1ndez, \u201cllegan un poco tarde debido a la pandemia, pero que, para nosotros, los m\u00e1s de 250 cofrades con los que cuenta la cofrad\u00eda, es un orgullo poder celebrar este evento para conmemorar esta fecha\u201d. Todo un fin de semana para celebrar una aniversario que la alcaldesa ha calificado como \u201cmuy importante para todo el pueblo que colaborar\u00e1 de forma voluntaria para seguir manteniendo viva y cuidar esta tradici\u00f3n que forma parte de nuestro ADN, de la historia de nuestro pueblo y de nuestra forma de vida\u201d.<\/p>\n\n\n\n<p><\/p>\n","protected":false},"excerpt":{"rendered":"","protected":false},"author":1,"featured_media":128020,"comment_status":"open","ping_status":"open","sticky":false,"template":"","format":"standard","meta":{"colormag_page_container_layout":"default_layout","colormag_page_sidebar_layout":"default_layout","om_disable_all_campaigns":false,"_monsterinsights_skip_tracking":false,"_monsterinsights_sitenote_active":false,"_monsterinsights_sitenote_note":"","_monsterinsights_sitenote_category":0,"footnotes":""},"categories":[7,212],"tags":[120],"class_list":["post-128019","post","type-post","status-publish","format-standard","has-post-thumbnail","hentry","category-autol","category-planes","tag-autol"],"aioseo_notices":[],"_links":{"self":[{"href":"https:\/\/www.yoleoescaparate.com\/index.php?rest_route=\/wp\/v2\/posts\/128019","targetHints":{"allow":["GET"]}}],"collection":[{"href":"https:\/\/www.yoleoescaparate.com\/index.php?rest_route=\/wp\/v2\/posts"}],"about":[{"href":"https:\/\/www.yoleoescaparate.com\/index.php?rest_route=\/wp\/v2\/types\/post"}],"author":[{"embeddable":true,"href":"https:\/\/www.yoleoescaparate.com\/index.php?rest_route=\/wp\/v2\/users\/1"}],"replies":[{"embeddable":true,"href":"https:\/\/www.yoleoescaparate.com\/index.php?rest_route=%2Fwp%2Fv2%2Fcomments&post=128019"}],"version-history":[{"count":0,"href":"https:\/\/www.yoleoescaparate.com\/index.php?rest_route=\/wp\/v2\/posts\/128019\/revisions"}],"wp:featuredmedia":[{"embeddable":true,"href":"https:\/\/www.yoleoescaparate.com\/index.php?rest_route=\/wp\/v2\/media\/128020"}],"wp:attachment":[{"href":"https:\/\/www.yoleoescaparate.com\/index.php?rest_route=%2Fwp%2Fv2%2Fmedia&parent=128019"}],"wp:term":[{"taxonomy":"category","embeddable":true,"href":"https:\/\/www.yoleoescaparate.com\/index.php?rest_route=%2Fwp%2Fv2%2Fcategories&post=128019"},{"taxonomy":"post_tag","embeddable":true,"href":"https:\/\/www.yoleoescaparate.com\/index.php?rest_route=%2Fwp%2Fv2%2Ftags&post=128019"}],"curies":[{"name":"wp","href":"https:\/\/api.w.org\/{rel}","templated":true}]}}