{"id":130770,"date":"2025-06-05T13:14:50","date_gmt":"2025-06-05T11:14:50","guid":{"rendered":"https:\/\/www.yoleoescaparate.com\/?p=130770"},"modified":"2025-06-05T14:45:19","modified_gmt":"2025-06-05T12:45:19","slug":"la-asociacion-espanola-contra-el-cancer-presenta-en-san-adrian-su-iii-marcha-contra-el-cancer-para-el-proximo-8-de-junio","status":"publish","type":"post","link":"https:\/\/www.yoleoescaparate.com\/?p=130770","title":{"rendered":"La Asociaci\u00f3n Espa\u00f1ola Contra el C\u00e1ncer presenta en San Adri\u00e1n su III Marcha Contra el C\u00e1ncer para el pr\u00f3ximo 8 de junio"},"content":{"rendered":"\n<!--more-->\n\n\n\n<figure class=\"wp-block-image size-large\"><img loading=\"lazy\" decoding=\"async\" width=\"1024\" height=\"314\" src=\"https:\/\/www.yoleoescaparate.com\/wp-content\/uploads\/2022\/03\/listanoticiasCH-1024x314.jpg\" alt=\"\" class=\"wp-image-84817\" srcset=\"https:\/\/www.yoleoescaparate.com\/wp-content\/uploads\/2022\/03\/listanoticiasCH-1024x314.jpg 1024w, https:\/\/www.yoleoescaparate.com\/wp-content\/uploads\/2022\/03\/listanoticiasCH-300x92.jpg 300w, https:\/\/www.yoleoescaparate.com\/wp-content\/uploads\/2022\/03\/listanoticiasCH-768x236.jpg 768w, https:\/\/www.yoleoescaparate.com\/wp-content\/uploads\/2022\/03\/listanoticiasCH.jpg 1200w\" sizes=\"auto, (max-width: 1024px) 100vw, 1024px\" \/><\/figure>\n\n\n\n<p>La Asociaci\u00f3n Espa\u00f1ola Contra el C\u00e1ncer en Navarra ha presentado esta ma\u00f1ana la<strong> III Marcha Contra el C\u00e1ncer en San Adri\u00e1n<\/strong>, una iniciativa solidaria que se celebrar\u00e1 el <strong>pr\u00f3ximo domingo 8 de junio, a las 11:00 horas, con salida y meta en la Plaza Fructuoso Muerza.<\/strong><br><br>En el acto han intervenido la alcaldesa de San Adri\u00e1n, Marta Ezquerra y el presidente de la Asociaci\u00f3n Espa\u00f1ola Contra el C\u00e1ncer en Navarra, Juan Franco. Marta Ezquerra ha animado a toda la poblaci\u00f3n de San Adri\u00e1n y alrededores a que participen en la III Marcha Contra el C\u00e1ncer de San Adri\u00e1n. \u201cSabemos que San Adri\u00e1n responder\u00e1 con coraz\u00f3n a una causa que nos toca a todas y todos. Tras algunos a\u00f1os sin hacer una marcha de estas caracter\u00edsticas volvemos con mucha ilusi\u00f3n a organizarla con la Asociaci\u00f3n Espa\u00f1ola Contra el C\u00e1ncer en Navarra\u201d, ha afirmado la alcaldesa. Por su parte, Juan Franco, ha querido recordar que los fondos recaudados en la Marcha van destinados para la investigaci\u00f3n contra el c\u00e1ncer. \u201c1 de cada 2 hombres y 1 de cada 3 mujeres han estado, est\u00e1n o estar\u00e1n afectados por el c\u00e1ncer a lo largo de su vida. Esta es una realidad, pero hay otra realidad, y es la de que la supervivencia de los pacientes va mejorando. Y para que todo esto mejore es necesaria la investigaci\u00f3n, y en este sentido los avances est\u00e1n siendo exponenciales. Nuestro gran objetivo, de la Asociaci\u00f3n, es que en 2030 exista un 70% de supervivencia\u201d, ha destacado Franco. Por \u00faltimo, ha querido agradecer a las empresas que han patrocinado y han colaborado con la III Marcha contra el c\u00e1ncer. Ha citado a las principales empresas patrocinadoras: Caja Rural de Navarra, El Navarrico, Ayuntamiento de San Adri\u00e1n y CNTA. Y ha tenido palabras especiales de agradecimiento a los voluntarios que ayudan a realizar la marcha, a los concejales de San  Adri\u00e1n, a los Quintos de San Adri\u00e1n y al Club de Atletismo. \u201cSin una colaboraci\u00f3n local esto es dif\u00edcil de realizar\u201d, ha asegurado Juan Franco. Jos\u00e9 Antonio S\u00e1daba, concejal de deportes, ha querido recordar la importancia del ejercicio f\u00edsico para la prevenci\u00f3n de enfermedades y para mejorar la calidad de vida de todas las personas.<br><br><strong><em>Empresas patrocinadoras y colaboradoras<\/em><\/strong><br>La Asociaci\u00f3n ha contado con el apoyo de numerosas empresas y entidades locales que han hecho posible esta iniciativa solidaria. Empresas patrocinadoras: Caja Rural de Navarra, El Navarrico, Ayuntamiento de San Adri\u00e1n, CNTA. Y empresas colaboradoras: Florette, General Mills, Libergrafic, Orfe\u00f3n adrian\u00e9s, Club de atletismo San Adri\u00e1n, Plis-Plas, El horno de Anogui, Carnicer\u00eda \u2013 charcuter\u00eda \u201cEl Corte Roberto\u201d, Charcuter\u00eda El Charro, Cruz Roja, Disayt, Fundaci\u00f3n Osasuna y Sol\u00e1n de Cabras.<br>Esta tercera edici\u00f3n ha sido concebida como una marcha no competitiva, con un recorrido aproximado de 4 kil\u00f3metros que podr\u00e1 completarse corriendo o andando. La organizaci\u00f3n ha habilitado una primera l\u00ednea de salida para quienes deseen correr y una segunda para quienes prefieran caminar, fomentando as\u00ed la participaci\u00f3n de personas de todas las edades y condiciones f\u00edsicas. Habr\u00e1 un tramo en el que tanto las personas que vayan corriendo como las que vayan andando compartir\u00e1n, pero llegar\u00e1 un punto del recorrido en el que se separar\u00e1n.<br><br><strong>Inscripciones<\/strong><br><strong>El precio de la inscripci\u00f3n es de 10 \u20ac e incluye dorsal y camiseta<\/strong>. Para los menores de 12 a\u00f1os, el coste es de 3 \u20ac e incluye solo el dorsal. Todos los fondos recaudados ir\u00e1n \u00edntegramente destinados a proyectos de investigaci\u00f3n oncol\u00f3gica.<br>Las personas interesadas pueden realizar ya su inscripci\u00f3n a trav\u00e9s de la web <a href=\"https:\/\/web.rockthesport.com\/es\/es\/master\/evento\/san-adrian-en-marcha-contra-el-cancer\" title=\"\">www.rockthesport.com<\/a> hasta el 7 de junio a las 23:59h. Tambi\u00e9n se han habilitado <strong>puntos de venta presencial en el mercadillo de San Adri\u00e1n<\/strong> los siguientes d\u00edas: jueves 8 de mayo, jueves 15 de mayo, jueves 22 de mayo, jueves 29 de mayo y domingo 1 de junio, as\u00ed como el s\u00e1bado 7 de junio por la tarde en la Casa de Cultura.<br><strong>La jornada del 8 de junio incluir\u00e1, adem\u00e1s de la marcha, actividades gratuitas de animaci\u00f3n y ocio desde las 12:00 hasta las 13:00, as\u00ed como la venta de productos solidarios y pinchos. Al finalizar la prueba, se ofrecer\u00e1 avituallamiento a las personas participantes y se celebrar\u00e1 un sorteo de regalos entre todos los dorsales adquiridos antes del 6 de junio.<\/strong><br><br><strong>Empresas patrocinadoras y colaboradoras<\/strong><br>La Asociaci\u00f3n ha contado con el apoyo de numerosas empresas y entidades locales que han hecho posible esta iniciativa solidaria. Empresas patrocinadoras: Caja Rural de Navarra, El Navarrico, Ayuntamiento de San Adri\u00e1n, CNTA. Y empresas colaboradoras: Florette, General Mills, Libergrafic, Orfe\u00f3n adrian\u00e9s, Club de atletismo San Adri\u00e1n, Plis-Plas, El horno de Anogui, Carnicer\u00eda \u2013 charcuter\u00eda \u201cEl Corte Roberto\u201d, Charcuter\u00eda El Charro, Cruz Roja, Disayt, Fundaci\u00f3n Osasuna y Sol\u00e1n de Cabras.<\/p>\n\n\n\n<p><\/p>\n","protected":false},"excerpt":{"rendered":"","protected":false},"author":1,"featured_media":130771,"comment_status":"open","ping_status":"open","sticky":false,"template":"","format":"standard","meta":{"colormag_page_container_layout":"default_layout","colormag_page_sidebar_layout":"default_layout","om_disable_all_campaigns":false,"_monsterinsights_skip_tracking":false,"_monsterinsights_sitenote_active":false,"_monsterinsights_sitenote_note":"","_monsterinsights_sitenote_category":0,"footnotes":""},"categories":[251,212,11],"tags":[],"class_list":["post-130770","post","type-post","status-publish","format-standard","has-post-thumbnail","hentry","category-deportes","category-planes","category-san-adrian"],"aioseo_notices":[],"_links":{"self":[{"href":"https:\/\/www.yoleoescaparate.com\/index.php?rest_route=\/wp\/v2\/posts\/130770","targetHints":{"allow":["GET"]}}],"collection":[{"href":"https:\/\/www.yoleoescaparate.com\/index.php?rest_route=\/wp\/v2\/posts"}],"about":[{"href":"https:\/\/www.yoleoescaparate.com\/index.php?rest_route=\/wp\/v2\/types\/post"}],"author":[{"embeddable":true,"href":"https:\/\/www.yoleoescaparate.com\/index.php?rest_route=\/wp\/v2\/users\/1"}],"replies":[{"embeddable":true,"href":"https:\/\/www.yoleoescaparate.com\/index.php?rest_route=%2Fwp%2Fv2%2Fcomments&post=130770"}],"version-history":[{"count":1,"href":"https:\/\/www.yoleoescaparate.com\/index.php?rest_route=\/wp\/v2\/posts\/130770\/revisions"}],"predecessor-version":[{"id":130772,"href":"https:\/\/www.yoleoescaparate.com\/index.php?rest_route=\/wp\/v2\/posts\/130770\/revisions\/130772"}],"wp:featuredmedia":[{"embeddable":true,"href":"https:\/\/www.yoleoescaparate.com\/index.php?rest_route=\/wp\/v2\/media\/130771"}],"wp:attachment":[{"href":"https:\/\/www.yoleoescaparate.com\/index.php?rest_route=%2Fwp%2Fv2%2Fmedia&parent=130770"}],"wp:term":[{"taxonomy":"category","embeddable":true,"href":"https:\/\/www.yoleoescaparate.com\/index.php?rest_route=%2Fwp%2Fv2%2Fcategories&post=130770"},{"taxonomy":"post_tag","embeddable":true,"href":"https:\/\/www.yoleoescaparate.com\/index.php?rest_route=%2Fwp%2Fv2%2Ftags&post=130770"}],"curies":[{"name":"wp","href":"https:\/\/api.w.org\/{rel}","templated":true}]}}