{"id":130947,"date":"2025-05-15T09:30:19","date_gmt":"2025-05-15T07:30:19","guid":{"rendered":"https:\/\/www.yoleoescaparate.com\/?p=130947"},"modified":"2025-05-15T09:30:24","modified_gmt":"2025-05-15T07:30:24","slug":"calahorra-celebra-el-dia-internacional-de-los-museos-con-actividades-desde-hoy-mismo","status":"publish","type":"post","link":"https:\/\/www.yoleoescaparate.com\/?p=130947","title":{"rendered":"Calahorra celebra el D\u00eda Internacional de los Museos con actividades desde hoy mismo"},"content":{"rendered":"\n<!--more-->\n\n\n\n<figure class=\"wp-block-image size-large\"><img loading=\"lazy\" decoding=\"async\" width=\"1024\" height=\"314\" src=\"https:\/\/www.yoleoescaparate.com\/wp-content\/uploads\/2022\/03\/listanoticiasCH-1024x314.jpg\" alt=\"\" class=\"wp-image-84817\" srcset=\"https:\/\/www.yoleoescaparate.com\/wp-content\/uploads\/2022\/03\/listanoticiasCH-1024x314.jpg 1024w, https:\/\/www.yoleoescaparate.com\/wp-content\/uploads\/2022\/03\/listanoticiasCH-300x92.jpg 300w, https:\/\/www.yoleoescaparate.com\/wp-content\/uploads\/2022\/03\/listanoticiasCH-768x236.jpg 768w, https:\/\/www.yoleoescaparate.com\/wp-content\/uploads\/2022\/03\/listanoticiasCH.jpg 1200w\" sizes=\"auto, (max-width: 1024px) 100vw, 1024px\" \/><\/figure>\n\n\n\n<p><\/p>\n\n\n\n<p>La concejala de Cultura y Turismo, Reyes Zapata, ha presentado las actividades con las que el Ayuntamiento de Calahorra celebrar\u00e1 el <strong>D\u00eda Internacional de los Museos este fin de semana.<\/strong><\/p>\n\n\n\n<p><strong>El s\u00e1bado 17 de mayo<\/strong> comenzar\u00e1n las rutas teatralizadas por las zonas hist\u00f3ricas de Calahorra. Dos actores recrear\u00e1n hechos hist\u00f3ricos sucedidos en la ciudad a lo largo de unas dos horas de visita por el Casco Antiguo.<\/p>\n\n\n\n<p>Una gu\u00eda acompa\u00f1ar\u00e1 a todos los participantes durante el recorrido, que se iniciar\u00e1 a las 18:00 horas desde la Oficina de Turismo municipal, en la plaza de El Raso, y continuar\u00e1 por el Museo de la Romanizaci\u00f3n, el yacimiento arqueol\u00f3gico de \u2018Las Medranas\u2019, el torre\u00f3n medieval, la iglesia de San Andr\u00e9s y el templo de San Francisco.<\/p>\n\n\n\n<p>La visita costar\u00e1 5 euros y ser\u00e1 gratuita para los menores de 12 a\u00f1os.<\/p>\n\n\n\n<p>Adem\u00e1s, este d\u00eda por la ma\u00f1ana a partir de las 11:30 horas la compa\u00f1\u00eda de teatro Zar\u00e1ndula ense\u00f1ar\u00e1 la Casa Santa-Museo Inclusivo de Fotograf\u00eda Bella. Ser\u00e1 una visita gratuita.<\/p>\n\n\n\n<p>\u201cUna dama de los a\u00f1os 20 nos introducir\u00e1 en la vida de Calahorra en esa \u00e9poca y abordar\u00e1 la revoluci\u00f3n que supuso la fotograf\u00eda\u201d, ha detallado Reyes Zapata.<\/p>\n\n\n\n<p>Para el <strong>domingo 18 de mayo,<\/strong> D\u00eda Internacional de los Museos, el Ayuntamiento de Calahorra ha programado otra visita que combina patrimonio, gastronom\u00eda y vino a las 11:00 horas.<\/p>\n\n\n\n<p>Los asistentes conocer\u00e1n los yacimientos arqueol\u00f3gicos de \u2018Las Medranas\u2019 y \u2018La Cl\u00ednica\u2019 y el Museo de la Romanizaci\u00f3n. En cada uno de estos espacios se servir\u00e1 un pincho y un vino, tras escuchar la explicaci\u00f3n de la gu\u00eda.<\/p>\n\n\n\n<p>El precio tambi\u00e9n ser\u00e1 de 5 euros y a los ni\u00f1os menores de 12 a\u00f1os no se les cobrar\u00e1.<\/p>\n\n\n\n<p>La puerta de acceso al yacimiento de \u2018La Cl\u00ednica\u2019 ser\u00e1 el punto de encuentro.<\/p>\n\n\n\n<p>Para asistir a esta visita y a la ruta teatralizada es necesario inscribirse en la Oficina de Turismo municipal llamando al n\u00famero de tel\u00e9fono 941 10 50 61 o enviando un email a la direcci\u00f3n de correo electr\u00f3nico turismo@calahorra.es<\/p>\n\n\n\n<p>La concejala de Turismo, Reyes Zapata, ha estado acompa\u00f1ada de Juan Carlos Blanco e Idoia S\u00e1enz, del <a>Club cultural y de coleccionismo \u2018El Lazarillo\u2019<\/a>, que se ha sumado a esta fiesta de los museos.<\/p>\n\n\n\n<p>El jueves 15 de mayo inaugurar\u00e1 la exposici\u00f3n \u2018El comercio y la industria calagurritana vista por sus fotograf\u00edas\u2019 a las 19:00 horas en el Museo de la Romanizaci\u00f3n. A continuaci\u00f3n, se presentar\u00e1 el sello dedicado a Don Luis \u00c1ngel Bella, fot\u00f3grafo de Calahorra.<\/p>\n\n\n\n<p>Al d\u00eda siguiente Jos\u00e9 Ib\u00e1\u00f1ez impartir\u00e1 la charla audiovisual titulada \u2018200 a\u00f1os de fotograf\u00eda en Calahorra y nuestros fot\u00f3grafos\u2019 a las 19:00 horas en el Museo de la Romanizaci\u00f3n.<\/p>\n\n\n\n<p>Ib\u00e1\u00f1ez junto a Luis \u00c1ngel Bella guiar\u00e1 3 visitas por el \u2018Fondo fotogr\u00e1fico Bella\u2019, que expone la Casa Santa, el 17 de mayo a las 12:00 y 18:00 horas y el 18 de mayo a las 11:30 horas. &nbsp;<\/p>\n\n\n\n<p>El programa del Club cultural y de coleccionismo \u2018El Lazarillo\u2019 concluir\u00e1 el 29 de mayo con la conferencia de los periodistas calagurritanos del diario La Rioja, Isabel \u00c1lvarez y Sanda S\u00e1inz, que hablar\u00e1n de \u2018La prensa de ayer\u2026 y la de hoy\u2019 y la presentaci\u00f3n del sello conmemorativo a los medios de comunicaci\u00f3n locales.<\/p>\n\n\n\n<p>Con todas estas actividades Calahorra celebrar\u00e1 el D\u00eda Internacional de los Museos, creado en 1977 por el Consejo Internacional de Museos (ICOM) para sensibilizar al p\u00fablico sobre el papel de los museos en el desarrollo de la sociedad como espacios para el intercambio de conocimiento, el enriquecimiento cultural y la comprensi\u00f3n mutua.<\/p>\n","protected":false},"excerpt":{"rendered":"","protected":false},"author":1,"featured_media":130948,"comment_status":"open","ping_status":"open","sticky":false,"template":"","format":"standard","meta":{"colormag_page_container_layout":"default_layout","colormag_page_sidebar_layout":"default_layout","om_disable_all_campaigns":false,"_monsterinsights_skip_tracking":false,"_monsterinsights_sitenote_active":false,"_monsterinsights_sitenote_note":"","_monsterinsights_sitenote_category":0,"footnotes":""},"categories":[4,212],"tags":[16],"class_list":["post-130947","post","type-post","status-publish","format-standard","has-post-thumbnail","hentry","category-calahorra","category-planes","tag-calahorra"],"aioseo_notices":[],"_links":{"self":[{"href":"https:\/\/www.yoleoescaparate.com\/index.php?rest_route=\/wp\/v2\/posts\/130947","targetHints":{"allow":["GET"]}}],"collection":[{"href":"https:\/\/www.yoleoescaparate.com\/index.php?rest_route=\/wp\/v2\/posts"}],"about":[{"href":"https:\/\/www.yoleoescaparate.com\/index.php?rest_route=\/wp\/v2\/types\/post"}],"author":[{"embeddable":true,"href":"https:\/\/www.yoleoescaparate.com\/index.php?rest_route=\/wp\/v2\/users\/1"}],"replies":[{"embeddable":true,"href":"https:\/\/www.yoleoescaparate.com\/index.php?rest_route=%2Fwp%2Fv2%2Fcomments&post=130947"}],"version-history":[{"count":1,"href":"https:\/\/www.yoleoescaparate.com\/index.php?rest_route=\/wp\/v2\/posts\/130947\/revisions"}],"predecessor-version":[{"id":130949,"href":"https:\/\/www.yoleoescaparate.com\/index.php?rest_route=\/wp\/v2\/posts\/130947\/revisions\/130949"}],"wp:featuredmedia":[{"embeddable":true,"href":"https:\/\/www.yoleoescaparate.com\/index.php?rest_route=\/wp\/v2\/media\/130948"}],"wp:attachment":[{"href":"https:\/\/www.yoleoescaparate.com\/index.php?rest_route=%2Fwp%2Fv2%2Fmedia&parent=130947"}],"wp:term":[{"taxonomy":"category","embeddable":true,"href":"https:\/\/www.yoleoescaparate.com\/index.php?rest_route=%2Fwp%2Fv2%2Fcategories&post=130947"},{"taxonomy":"post_tag","embeddable":true,"href":"https:\/\/www.yoleoescaparate.com\/index.php?rest_route=%2Fwp%2Fv2%2Ftags&post=130947"}],"curies":[{"name":"wp","href":"https:\/\/api.w.org\/{rel}","templated":true}]}}