{"id":131473,"date":"2025-05-28T13:15:02","date_gmt":"2025-05-28T11:15:02","guid":{"rendered":"https:\/\/www.yoleoescaparate.com\/?p=131473"},"modified":"2025-05-28T13:15:34","modified_gmt":"2025-05-28T11:15:34","slug":"la-vuelta-ciclista-a-espana-2025-recorrera-el-domingo-31-de-agosto-la-rioja-con-salida-en-alfaro-y-meta-en-valdezacaray","status":"publish","type":"post","link":"https:\/\/www.yoleoescaparate.com\/?p=131473","title":{"rendered":"La Vuelta ciclista a Espa\u00f1a 2025 recorrer\u00e1 el domingo 31 de agosto La Rioja, con salida en Alfaro y meta en Valdezacaray"},"content":{"rendered":"\n<!--more-->\n\n\n\n<figure class=\"wp-block-image size-large\"><img loading=\"lazy\" decoding=\"async\" width=\"1024\" height=\"314\" src=\"https:\/\/www.yoleoescaparate.com\/wp-content\/uploads\/2022\/03\/listanoticiasCH-1024x314.jpg\" alt=\"\" class=\"wp-image-84817\" srcset=\"https:\/\/www.yoleoescaparate.com\/wp-content\/uploads\/2022\/03\/listanoticiasCH-1024x314.jpg 1024w, https:\/\/www.yoleoescaparate.com\/wp-content\/uploads\/2022\/03\/listanoticiasCH-300x92.jpg 300w, https:\/\/www.yoleoescaparate.com\/wp-content\/uploads\/2022\/03\/listanoticiasCH-768x236.jpg 768w, https:\/\/www.yoleoescaparate.com\/wp-content\/uploads\/2022\/03\/listanoticiasCH.jpg 1200w\" sizes=\"auto, (max-width: 1024px) 100vw, 1024px\" \/><\/figure>\n\n\n\n<p><strong><em>La novena etapa de la ronda constar\u00e1 de casi 200 kil\u00f3metros en un recorrido de este a oeste que discurrir\u00e1 por 27 localidades riojanas<\/em><\/strong><\/p>\n\n\n\n<p>El consejero de Cultura, Turismo, Deporte y Juventud, Jos\u00e9 Luis P\u00e9rez Pastor, acompa\u00f1ado por el director general de Deporte y Juventud, Diego Azcona; la alcaldesa de Alfaro, Yolanda Preciado; el alcalde de Ezcaray, Diego Bengoa; y el director general de La Vuelta, Javier Guill\u00e9n, ha presentado la novena etapa de La Vuelta ciclista a Espa\u00f1a 2025 que recorrer\u00e1 La Rioja el domingo 31 de agosto, con salida desde Alfaro y meta en Valdezcaray, conmemorando as\u00ed el cincuenta aniversario de la estaci\u00f3n de esqu\u00ed riojana.<\/p>\n\n\n\n<p>Por segundo a\u00f1o consecutivo, La Vuelta Ciclista a Espa\u00f1a volver\u00e1 a contar con la orograf\u00eda y los paisajes de La Rioja para disputar, en este caso, la novena etapa de una de las tres pruebas ciclistas m\u00e1s destacadas del panorama internacional. La localidad riojabaje\u00f1a de Alfaro, salida de esta etapa cien por cien riojana, y su espectacular Colegiata ha sido el lugar elegido para la presentaci\u00f3n oficial de un recorrido de algo m\u00e1s de 195 kil\u00f3metros que atravesar\u00e1 pr\u00e1cticamente la totalidad de nuestra regi\u00f3n.<\/p>\n\n\n\n<p>La apuesta del Gobierno de La Rioja por el fomento de la pr\u00e1ctica deportiva en la regi\u00f3n con el desarrollo del ambicioso Plan de Infraestructuras Deportivas por un importe que supera los 13 millones de euros, como ha destacado P\u00e9rez Pastor, \u201ctambi\u00e9n se extiende fomentando que La Rioja sea sede y escenario de grandes eventos deportivos como La Vuelta. Un evento que, cada a\u00f1o, congrega a miles de aficionados en las carreteras y tambi\u00e9n tras las pantallas, logrando una enorme repercusi\u00f3n a nivel social, tur\u00edstico y econ\u00f3mico y vinculando nuestra rica gastronom\u00eda, cultura o entorno rural a los grandes valores que promueve el deporte en general y el ciclismo en particular\u201d, ha destacado P\u00e9rez Pastor.<\/p>\n\n\n\n<p>\u201cA los riojanos les gusta La Vuelta y a La Vuelta le gusta La Rioja y los riojanos\u201d. As\u00ed de contundente se ha mostrado el director general de una prueba que ha decidido regresar a la regi\u00f3n tras el \u00e9xito del pasado a\u00f1o. \u201cAlgo ha tenido que salir bien para que repitamos\u201d, ha continuado. \u201cY lo hacemos cuando cumplimos 90 a\u00f1os de historia y con un recorrido que suma innovaci\u00f3n, visitando Alfaro por primera vez, y tradici\u00f3n con un puerto como el que propone Valdezcaray. De esta forma, configuramos una etapa muy completa y de la que podr\u00e1n disfrutar los 190 pa\u00edses a los que llegamos, con muchas horas de televisi\u00f3n, y donde la elecci\u00f3n de escenarios es fundamental porque, debido a nuestra gran repercusi\u00f3n, proponemos lugares qu\u00e9 visitar y recorrer, convirti\u00e9ndonos en un importante motor tur\u00edstico\u201d.<\/p>\n\n\n\n<p>Tanto la alcaldesa de Alfaro como el alcalde de Ezcaray han mostrado su agradecimiento e ilusi\u00f3n por elegir a sus localidades como salida y meta de tan importante prueba gracias al impulso del Gobierno regional. Para ellos, ser\u00e1 una excelente oportunidad de dar a conocer la gastronom\u00eda, paisajes, enclaves culturales de sus localidades y entorno, as\u00ed como el notable retorno econ\u00f3mico que un evento de este cariz conlleva para nuestra tierra.<\/p>\n\n\n\n<p>Este evento deportivo internacional, que arrancar\u00e1 el 23 de agosto en la regi\u00f3n italiana de Piamonte y culminar\u00e1 el 14 de septiembre en Madrid, contar\u00e1 en esta edici\u00f3n con etapas que tendr\u00e1n lugar en cuatro pa\u00edses: Italia, Francia, Andorra y Espa\u00f1a. En el caso de la novena etapa, \u201cdeportivamente muy exigente\u201d, se recorrer\u00e1n 27 localidades riojanas: <strong>Alfaro<\/strong>, Ventas del Ba\u00f1o, Rinc\u00f3n de Olivedo, Igea, Cornago, Villarroya, Turrunc\u00fan, Arnedo, El Villar de Arnedo, Ausejo, El Redal, Corera, Galilea, Murillo de r\u00edo Leza, Villamediana de Iregua, Alberite, Albelda de Iregua, Nalda, Sorzano, Sojuela, Medrano, Daroca de Rioja, Hornos de Moncalvillo, Sot\u00e9s, Ventosa, Santo Domingo de la Calzada y Ezcaray.<\/p>\n\n\n\n<p>El libro de ruta de esta etapa dibuja un continuo ascenso desde la salida. As\u00ed, los corredores afrontar\u00e1n&nbsp;los&nbsp;primeros&nbsp;50&nbsp;kil\u00f3metros bastante duros en la conocida como Ruta de los Dinosaurios,&nbsp;pasando&nbsp;junto a los yacimientos de icnitas pr\u00f3ximos a las&nbsp;localidades de&nbsp;Igea&nbsp;o&nbsp;Cornago. El escenario ser\u00e1 perfecto para que se produzca&nbsp;una dura batalla por&nbsp;meterse en una escapada que prospere, ya que se acumular\u00e1n m\u00e1s de 1.000 metros de desnivel en estos primeros compases de la etapa. Tras adentrarse en Arnedo, la Ciudad del Calzado, el recorrido ser\u00e1 m\u00e1s ben\u00e9volo para los ciclistas, hasta llegar&nbsp;cerca de&nbsp;la capital riojana y girar a la&nbsp;izquierda en&nbsp;Villamediana de Iregua, para transitar varios kil\u00f3metros junto&nbsp;al r\u00edo Iregua.<\/p>\n\n\n\n<p>Ya en la localidad de Nalda, el terreno de nuevo volver\u00e1 a complicarse, con continuos repechos que, sin llegar a tener la categor\u00eda de puertos, pueden endurecer mucho la marcha del pelot\u00f3n si alg\u00fan equipo se decidiera a poner un ritmo alto. Entre N\u00e1jera y Ezcaray los ciclistas circular\u00e1n a gran velocidad en un punto en el que deber\u00e1n tener mucho cuidado por si en las largas rectas que preceden a la subida a la Estaci\u00f3n de Esqu\u00ed de Valdezcaray sopla el viento, ya que se pueden provocar abanicos, como ya ocurriera en la Vuelta de 2012.<\/p>\n\n\n\n<p>El&nbsp;bonito escenario para el&nbsp;desenlace de la etapa ser\u00e1 en las rampas de la Estaci\u00f3n de Valdezcaray, coincidiendo con el cincuenta aniversario de esta importante infraestructura deportiva de La Rioja. Ser\u00e1 este el lugar en el que el ciclista que quiera imponerse en su cima deber\u00e1 aprovechar las duras rampas del inicio del puerto. Una etapa cl\u00e1sica con final en puerto que servir\u00e1 para marcar las primeras diferencias en la carrera previa al primer d\u00eda de descanso de La Vuelta.<\/p>\n","protected":false},"excerpt":{"rendered":"","protected":false},"author":1,"featured_media":131474,"comment_status":"open","ping_status":"open","sticky":false,"template":"","format":"standard","meta":{"colormag_page_container_layout":"default_layout","colormag_page_sidebar_layout":"default_layout","om_disable_all_campaigns":false,"_monsterinsights_skip_tracking":false,"_monsterinsights_sitenote_active":false,"_monsterinsights_sitenote_note":"","_monsterinsights_sitenote_category":0,"footnotes":""},"categories":[5],"tags":[72],"class_list":["post-131473","post","type-post","status-publish","format-standard","has-post-thumbnail","hentry","category-alfaro","tag-alfaro"],"aioseo_notices":[],"_links":{"self":[{"href":"https:\/\/www.yoleoescaparate.com\/index.php?rest_route=\/wp\/v2\/posts\/131473","targetHints":{"allow":["GET"]}}],"collection":[{"href":"https:\/\/www.yoleoescaparate.com\/index.php?rest_route=\/wp\/v2\/posts"}],"about":[{"href":"https:\/\/www.yoleoescaparate.com\/index.php?rest_route=\/wp\/v2\/types\/post"}],"author":[{"embeddable":true,"href":"https:\/\/www.yoleoescaparate.com\/index.php?rest_route=\/wp\/v2\/users\/1"}],"replies":[{"embeddable":true,"href":"https:\/\/www.yoleoescaparate.com\/index.php?rest_route=%2Fwp%2Fv2%2Fcomments&post=131473"}],"version-history":[{"count":2,"href":"https:\/\/www.yoleoescaparate.com\/index.php?rest_route=\/wp\/v2\/posts\/131473\/revisions"}],"predecessor-version":[{"id":131476,"href":"https:\/\/www.yoleoescaparate.com\/index.php?rest_route=\/wp\/v2\/posts\/131473\/revisions\/131476"}],"wp:featuredmedia":[{"embeddable":true,"href":"https:\/\/www.yoleoescaparate.com\/index.php?rest_route=\/wp\/v2\/media\/131474"}],"wp:attachment":[{"href":"https:\/\/www.yoleoescaparate.com\/index.php?rest_route=%2Fwp%2Fv2%2Fmedia&parent=131473"}],"wp:term":[{"taxonomy":"category","embeddable":true,"href":"https:\/\/www.yoleoescaparate.com\/index.php?rest_route=%2Fwp%2Fv2%2Fcategories&post=131473"},{"taxonomy":"post_tag","embeddable":true,"href":"https:\/\/www.yoleoescaparate.com\/index.php?rest_route=%2Fwp%2Fv2%2Ftags&post=131473"}],"curies":[{"name":"wp","href":"https:\/\/api.w.org\/{rel}","templated":true}]}}