{"id":131588,"date":"2025-06-02T09:57:44","date_gmt":"2025-06-02T07:57:44","guid":{"rendered":"https:\/\/www.yoleoescaparate.com\/?p=131588"},"modified":"2025-06-02T11:52:00","modified_gmt":"2025-06-02T09:52:00","slug":"la-ribera-del-ebro-en-alerta-amarilla-por-lluvias-y-tormentas-desde-este-lunes-2-de-junio","status":"publish","type":"post","link":"https:\/\/www.yoleoescaparate.com\/?p=131588","title":{"rendered":"La Ribera del Ebro en aviso amarillo por lluvias y tormentas"},"content":{"rendered":"\n<!--more-->\n\n\n\n<figure class=\"wp-block-image size-large\"><img loading=\"lazy\" decoding=\"async\" width=\"1024\" height=\"314\" src=\"https:\/\/www.yoleoescaparate.com\/wp-content\/uploads\/2022\/03\/listanoticiasCH-1024x314.jpg\" alt=\"\" class=\"wp-image-84817\" srcset=\"https:\/\/www.yoleoescaparate.com\/wp-content\/uploads\/2022\/03\/listanoticiasCH-1024x314.jpg 1024w, https:\/\/www.yoleoescaparate.com\/wp-content\/uploads\/2022\/03\/listanoticiasCH-300x92.jpg 300w, https:\/\/www.yoleoescaparate.com\/wp-content\/uploads\/2022\/03\/listanoticiasCH-768x236.jpg 768w, https:\/\/www.yoleoescaparate.com\/wp-content\/uploads\/2022\/03\/listanoticiasCH.jpg 1200w\" sizes=\"auto, (max-width: 1024px) 100vw, 1024px\" \/><\/figure>\n\n\n\n<p>La Agencia Estatal de Meteorolog\u00eda (AEMET) ha emitido un bolet\u00edn de fen\u00f3menos adversos de nivel amarillo para la Ribera del Ebro, ante la previsi\u00f3n de lluvias intensas y tormentas durante los d\u00edas 2 y 3 de junio.<\/p>\n\n\n\n<p>Seg\u00fan el aviso, se esperan precipitaciones de hasta 15 mm en una hora a partir de las 11:00 horas de este lunes en toda la regi\u00f3n, con una probabilidad de entre el 40 y el 70%. Estas lluvias se mantendr\u00e1n activas hasta las 21:00 horas de hoy. Durante este mismo periodo, tambi\u00e9n se prev\u00e9n tormentas que podr\u00edan ir acompa\u00f1adas de chubascos fuertes, granizo y rachas de viento intensas.<\/p>\n\n\n\n<p>Para el martes 3 de junio, el aviso se mantendr\u00e1 activo desde las 14:00 hasta las 23:00 horas. En la Ribera del Ebro, podr\u00edan registrarse nuevas precipitaciones de hasta 15 mm por hora. Adem\u00e1s, continuar\u00e1n las tormentas, que podr\u00edan presentar caracter\u00edsticas similares a las del lunes: fuerte aparato el\u00e9ctrico, granizo y fuertes rachas de viento.<\/p>\n\n\n\n<p>La AEMET recuerda que el aviso amarillo implica riesgo meteorol\u00f3gico en una zona concreta, aunque no necesariamente situaciones de gran peligro generalizado. No obstante, debido a la naturaleza imprevisible de las tormentas, no se descarta que se produzcan fen\u00f3menos de mayor intensidad de forma puntual.<\/p>\n\n\n\n<p>Se recomienda a la poblaci\u00f3n mantenerse informada a trav\u00e9s de los canales oficiales y extremar las precauciones, especialmente en actividades al aire libre, desplazamientos y zonas vulnerables a inundaciones repentinas.<\/p>\n","protected":false},"excerpt":{"rendered":"","protected":false},"author":1,"featured_media":130921,"comment_status":"open","ping_status":"open","sticky":false,"template":"","format":"standard","meta":{"colormag_page_container_layout":"default_layout","colormag_page_sidebar_layout":"default_layout","om_disable_all_campaigns":false,"_monsterinsights_skip_tracking":false,"_monsterinsights_sitenote_active":false,"_monsterinsights_sitenote_note":"","_monsterinsights_sitenote_category":0,"footnotes":""},"categories":[6,5,7,8,4,9,10,11],"tags":[119,72,120,16,19,22],"class_list":["post-131588","post","type-post","status-publish","format-standard","has-post-thumbnail","hentry","category-aldeanueva-de-ebro","category-alfaro","category-autol","category-azagra","category-calahorra","category-pradejon","category-rincon-de-soto","category-san-adrian","tag-aldeanueva-de-ebro","tag-alfaro","tag-autol","tag-calahorra","tag-rincon-de-soto","tag-san-adrian"],"aioseo_notices":[],"_links":{"self":[{"href":"https:\/\/www.yoleoescaparate.com\/index.php?rest_route=\/wp\/v2\/posts\/131588","targetHints":{"allow":["GET"]}}],"collection":[{"href":"https:\/\/www.yoleoescaparate.com\/index.php?rest_route=\/wp\/v2\/posts"}],"about":[{"href":"https:\/\/www.yoleoescaparate.com\/index.php?rest_route=\/wp\/v2\/types\/post"}],"author":[{"embeddable":true,"href":"https:\/\/www.yoleoescaparate.com\/index.php?rest_route=\/wp\/v2\/users\/1"}],"replies":[{"embeddable":true,"href":"https:\/\/www.yoleoescaparate.com\/index.php?rest_route=%2Fwp%2Fv2%2Fcomments&post=131588"}],"version-history":[{"count":2,"href":"https:\/\/www.yoleoescaparate.com\/index.php?rest_route=\/wp\/v2\/posts\/131588\/revisions"}],"predecessor-version":[{"id":131700,"href":"https:\/\/www.yoleoescaparate.com\/index.php?rest_route=\/wp\/v2\/posts\/131588\/revisions\/131700"}],"wp:featuredmedia":[{"embeddable":true,"href":"https:\/\/www.yoleoescaparate.com\/index.php?rest_route=\/wp\/v2\/media\/130921"}],"wp:attachment":[{"href":"https:\/\/www.yoleoescaparate.com\/index.php?rest_route=%2Fwp%2Fv2%2Fmedia&parent=131588"}],"wp:term":[{"taxonomy":"category","embeddable":true,"href":"https:\/\/www.yoleoescaparate.com\/index.php?rest_route=%2Fwp%2Fv2%2Fcategories&post=131588"},{"taxonomy":"post_tag","embeddable":true,"href":"https:\/\/www.yoleoescaparate.com\/index.php?rest_route=%2Fwp%2Fv2%2Ftags&post=131588"}],"curies":[{"name":"wp","href":"https:\/\/api.w.org\/{rel}","templated":true}]}}