{"id":132371,"date":"2025-06-19T08:58:30","date_gmt":"2025-06-19T06:58:30","guid":{"rendered":"https:\/\/www.yoleoescaparate.com\/?p=132371"},"modified":"2025-06-19T08:58:35","modified_gmt":"2025-06-19T06:58:35","slug":"la-consejeria-de-agricultura-analiza-junto-al-mapa-y-al-sector-la-problematica-del-fuego-bacteriano-visitando-varias-parcelas-en-una-jornada-tecnica","status":"publish","type":"post","link":"https:\/\/www.yoleoescaparate.com\/?p=132371","title":{"rendered":"La Consejer\u00eda de Agricultura analiza junto al MAPA y al sector la problem\u00e1tica del fuego bacteriano visitando varias parcelas en una jornada t\u00e9cnica"},"content":{"rendered":"\n<!--more-->\n\n\n\n<figure class=\"wp-block-image size-large\"><img loading=\"lazy\" decoding=\"async\" width=\"1024\" height=\"314\" src=\"https:\/\/www.yoleoescaparate.com\/wp-content\/uploads\/2022\/03\/listanoticiasCH-1024x314.jpg\" alt=\"\" class=\"wp-image-84817\" srcset=\"https:\/\/www.yoleoescaparate.com\/wp-content\/uploads\/2022\/03\/listanoticiasCH-1024x314.jpg 1024w, https:\/\/www.yoleoescaparate.com\/wp-content\/uploads\/2022\/03\/listanoticiasCH-300x92.jpg 300w, https:\/\/www.yoleoescaparate.com\/wp-content\/uploads\/2022\/03\/listanoticiasCH-768x236.jpg 768w, https:\/\/www.yoleoescaparate.com\/wp-content\/uploads\/2022\/03\/listanoticiasCH.jpg 1200w\" sizes=\"auto, (max-width: 1024px) 100vw, 1024px\" \/><\/figure>\n\n\n\n<p><strong>La celebraci\u00f3n de este encuentro es una de las medidas adoptadas en el marco de la mesa de trabajo creada para prevenir y controlar esta enfermedad<\/strong><strong><\/strong><\/p>\n\n\n\n<p>La consejera de Agricultura, Ganader\u00eda, Mundo Rural y Medio Ambiente, Noem\u00ed Manzanos, ha resaltado hoy, 18 de junio, en Rinc\u00f3n de Soto, la importancia de trabajar de manera coordinada frente al fuego bacteriano, ante una situaci\u00f3n \u201cgrave y de dif\u00edcil soluci\u00f3n\u201d, dada la inexistencia de tratamientos curativos y eficaces cuyo uso est\u00e9 autorizado actualmente en Espa\u00f1a.<\/p>\n\n\n\n<p>\u201cEl sector de la fruta de pepita de La Rioja y las administraciones estamos trabajando con el objetivo de poner en marcha todas las actuaciones que sean necesarias para minimizar el da\u00f1o que esta enfermedad est\u00e1 ocasionando a los productores\u201d, ha asegurado Noem\u00ed Manzanos. Manzanos ha participado junto al subdirector general de Sanidad Vegetal y Forestal del Ministerio de Agricultura, Pesca y Alimentaci\u00f3n, Carlos Romero, en una jornada t\u00e9cnica donde han visitado, junto a representantes del sector, parte de la zona de cultivo afectada y se ha analizado la problem\u00e1tica existente con el fuego bacteriano.<\/p>\n\n\n\n<p>La celebraci\u00f3n de este encuentro, al que tambi\u00e9n ha asistido la directora general de Agricultura y Ganader\u00eda, Mar\u00eda Jes\u00fas Mi\u00f1ana, es una de las medidas adoptadas en el marco de la mesa de trabajo creada para prevenir y controlar esta enfermedad. El grupo de trabajo est\u00e1 formado por t\u00e9cnicos de Sanidad Vegetal de la Consejer\u00eda de Agricultura, representantes de la DOP \u2018Peras de Rinc\u00f3n de Soto\u2019 y de las tres Organizaciones Profesionales Agrarias (Arag-Asaja, UAGR y UPA).<\/p>\n\n\n\n<p>La jornada ha arrancado con una visita de campo a varias parcelas de fruta de pepita afectadas en los municipios de Alfaro y Rinc\u00f3n de Soto. Posteriormente, en la sede del Consejo de la DOP \u2018Peras de Rinc\u00f3n de Soto\u2019 se ha celebrado una reuni\u00f3n para exponer la situaci\u00f3n del fuego bacteriano en la comunidad aut\u00f3noma, en la que han intervenido los representantes de la Consejer\u00eda y de las OPA, as\u00ed como t\u00e9cnicos de la Cooperativa de Albelda de Iregua y de la SAT Valle de Rinc\u00f3n para hablar de la problem\u00e1tica en Rioja Media y Rioja Baja, respectivamente.<\/p>\n\n\n\n<p>En el \u00e1mbito de la actividad que desarrolla el grupo de trabajo, ya se ha consensuado un protocolo de actuaci\u00f3n contra el fuego bacteriano en frutales de pepita, que se encuentra disponible en la p\u00e1gina web del Gobierno de La Rioja: <a href=\"https:\/\/www.larioja.org\/agricultura\/es\/agricultura\/fuego-bacteriano\">https:\/\/www.larioja.org\/agricultura\/es\/agricultura\/fuego-bacteriano<\/a><\/p>\n\n\n\n<p><\/p>\n","protected":false},"excerpt":{"rendered":"","protected":false},"author":1,"featured_media":132372,"comment_status":"open","ping_status":"open","sticky":false,"template":"","format":"standard","meta":{"colormag_page_container_layout":"default_layout","colormag_page_sidebar_layout":"default_layout","om_disable_all_campaigns":false,"_monsterinsights_skip_tracking":false,"_monsterinsights_sitenote_active":false,"_monsterinsights_sitenote_note":"","_monsterinsights_sitenote_category":0,"footnotes":""},"categories":[10],"tags":[19],"class_list":["post-132371","post","type-post","status-publish","format-standard","has-post-thumbnail","hentry","category-rincon-de-soto","tag-rincon-de-soto"],"aioseo_notices":[],"_links":{"self":[{"href":"https:\/\/www.yoleoescaparate.com\/index.php?rest_route=\/wp\/v2\/posts\/132371","targetHints":{"allow":["GET"]}}],"collection":[{"href":"https:\/\/www.yoleoescaparate.com\/index.php?rest_route=\/wp\/v2\/posts"}],"about":[{"href":"https:\/\/www.yoleoescaparate.com\/index.php?rest_route=\/wp\/v2\/types\/post"}],"author":[{"embeddable":true,"href":"https:\/\/www.yoleoescaparate.com\/index.php?rest_route=\/wp\/v2\/users\/1"}],"replies":[{"embeddable":true,"href":"https:\/\/www.yoleoescaparate.com\/index.php?rest_route=%2Fwp%2Fv2%2Fcomments&post=132371"}],"version-history":[{"count":1,"href":"https:\/\/www.yoleoescaparate.com\/index.php?rest_route=\/wp\/v2\/posts\/132371\/revisions"}],"predecessor-version":[{"id":132373,"href":"https:\/\/www.yoleoescaparate.com\/index.php?rest_route=\/wp\/v2\/posts\/132371\/revisions\/132373"}],"wp:featuredmedia":[{"embeddable":true,"href":"https:\/\/www.yoleoescaparate.com\/index.php?rest_route=\/wp\/v2\/media\/132372"}],"wp:attachment":[{"href":"https:\/\/www.yoleoescaparate.com\/index.php?rest_route=%2Fwp%2Fv2%2Fmedia&parent=132371"}],"wp:term":[{"taxonomy":"category","embeddable":true,"href":"https:\/\/www.yoleoescaparate.com\/index.php?rest_route=%2Fwp%2Fv2%2Fcategories&post=132371"},{"taxonomy":"post_tag","embeddable":true,"href":"https:\/\/www.yoleoescaparate.com\/index.php?rest_route=%2Fwp%2Fv2%2Ftags&post=132371"}],"curies":[{"name":"wp","href":"https:\/\/api.w.org\/{rel}","templated":true}]}}