{"id":135017,"date":"2025-09-03T09:42:37","date_gmt":"2025-09-03T07:42:37","guid":{"rendered":"https:\/\/www.yoleoescaparate.com\/?p=135017"},"modified":"2025-09-03T09:42:41","modified_gmt":"2025-09-03T07:42:41","slug":"el-cortometraje-de-la-adrianesa-estela-hernandez-muro-premiado-en-el-x-festival-de-cortometrajes-luces-cameros-accion","status":"publish","type":"post","link":"https:\/\/www.yoleoescaparate.com\/?p=135017","title":{"rendered":"El cortometraje de la adrianesa Estela Hern\u00e1ndez Muro, premiado en el X Festival de Cortometrajes \u201cLuces Cameros Acci\u00f3n\u201d"},"content":{"rendered":"\n<!--more-->\n\n\n\n<figure class=\"wp-block-image size-large\"><img loading=\"lazy\" decoding=\"async\" width=\"1024\" height=\"314\" src=\"https:\/\/www.yoleoescaparate.com\/wp-content\/uploads\/2022\/03\/listanoticiasCH-1024x314.jpg\" alt=\"\" class=\"wp-image-84817\" srcset=\"https:\/\/www.yoleoescaparate.com\/wp-content\/uploads\/2022\/03\/listanoticiasCH-1024x314.jpg 1024w, https:\/\/www.yoleoescaparate.com\/wp-content\/uploads\/2022\/03\/listanoticiasCH-300x92.jpg 300w, https:\/\/www.yoleoescaparate.com\/wp-content\/uploads\/2022\/03\/listanoticiasCH-768x236.jpg 768w, https:\/\/www.yoleoescaparate.com\/wp-content\/uploads\/2022\/03\/listanoticiasCH.jpg 1200w\" sizes=\"auto, (max-width: 1024px) 100vw, 1024px\" \/><\/figure>\n\n\n\n<p>El corto <em>\u201cSombras del Pasado\u201d<\/em>, dirigido por la adrianesa <strong>Estela Hern\u00e1ndez Muro<\/strong>, ha recibido una <strong>Menci\u00f3n Especial<\/strong> en la d\u00e9cima edici\u00f3n del Festival de Cortometrajes <em>\u201cLuces Cameros Acci\u00f3n\u201d<\/em>, celebrado en la localidad riojana de <strong>El Rasillo de Cameros<\/strong>.<\/p>\n\n\n\n<p>La proyecci\u00f3n de la obra fue recibida con una gran ovaci\u00f3n, y el reconocimiento se convirti\u00f3 en motivo de orgullo para amigos, familiares y vecinos de Adri\u00e1n, que acompa\u00f1aron al equipo art\u00edstico y t\u00e9cnico hasta la gala de premios, celebrando con entusiasmo el \u00e9xito logrado.<\/p>\n\n\n\n<p>El cortometraje, montado y editado por <strong>Asier Molina L\u00f3pez<\/strong>, cuenta con un reparto coral en el que participan <strong>Amalia P\u00e9rez, Estela Hern\u00e1ndez, \u00d3scar Serra, Javier Urs\u00faa, Alfredo Palacios, Mario Molina, Roberto Ib\u00e1\u00f1ez, Bibiana y Cristina Carvajal<\/strong>. El rodaje se desarroll\u00f3 en diferentes enclaves de la <strong>Sierra de Cameros<\/strong> y en la localidad guipuzcoana de <strong>Hondarribia<\/strong>, aportando a la obra una riqueza paisaj\u00edstica que refuerza su atm\u00f3sfera narrativa.<\/p>\n\n\n\n<p>Con este reconocimiento, <em>\u201cSombras del Pasado\u201d<\/em> consolida el talento creativo de Estela Hern\u00e1ndez Muro y de todo su equipo, que ya preparan nuevos proyectos cinematogr\u00e1ficos con la ilusi\u00f3n renovada tras este importante logro.<\/p>\n\n\n\n<p><strong>\u00a1Enhorabuena a todo el equipo!<\/strong><\/p>\n\n\n\n<hr class=\"wp-block-separator has-alpha-channel-opacity\"\/>\n","protected":false},"excerpt":{"rendered":"","protected":false},"author":1,"featured_media":135018,"comment_status":"open","ping_status":"open","sticky":false,"template":"","format":"standard","meta":{"colormag_page_container_layout":"default_layout","colormag_page_sidebar_layout":"default_layout","om_disable_all_campaigns":false,"_monsterinsights_skip_tracking":false,"_monsterinsights_sitenote_active":false,"_monsterinsights_sitenote_note":"","_monsterinsights_sitenote_category":0,"footnotes":""},"categories":[11],"tags":[],"class_list":["post-135017","post","type-post","status-publish","format-standard","has-post-thumbnail","hentry","category-san-adrian"],"aioseo_notices":[],"_links":{"self":[{"href":"https:\/\/www.yoleoescaparate.com\/index.php?rest_route=\/wp\/v2\/posts\/135017","targetHints":{"allow":["GET"]}}],"collection":[{"href":"https:\/\/www.yoleoescaparate.com\/index.php?rest_route=\/wp\/v2\/posts"}],"about":[{"href":"https:\/\/www.yoleoescaparate.com\/index.php?rest_route=\/wp\/v2\/types\/post"}],"author":[{"embeddable":true,"href":"https:\/\/www.yoleoescaparate.com\/index.php?rest_route=\/wp\/v2\/users\/1"}],"replies":[{"embeddable":true,"href":"https:\/\/www.yoleoescaparate.com\/index.php?rest_route=%2Fwp%2Fv2%2Fcomments&post=135017"}],"version-history":[{"count":1,"href":"https:\/\/www.yoleoescaparate.com\/index.php?rest_route=\/wp\/v2\/posts\/135017\/revisions"}],"predecessor-version":[{"id":135019,"href":"https:\/\/www.yoleoescaparate.com\/index.php?rest_route=\/wp\/v2\/posts\/135017\/revisions\/135019"}],"wp:featuredmedia":[{"embeddable":true,"href":"https:\/\/www.yoleoescaparate.com\/index.php?rest_route=\/wp\/v2\/media\/135018"}],"wp:attachment":[{"href":"https:\/\/www.yoleoescaparate.com\/index.php?rest_route=%2Fwp%2Fv2%2Fmedia&parent=135017"}],"wp:term":[{"taxonomy":"category","embeddable":true,"href":"https:\/\/www.yoleoescaparate.com\/index.php?rest_route=%2Fwp%2Fv2%2Fcategories&post=135017"},{"taxonomy":"post_tag","embeddable":true,"href":"https:\/\/www.yoleoescaparate.com\/index.php?rest_route=%2Fwp%2Fv2%2Ftags&post=135017"}],"curies":[{"name":"wp","href":"https:\/\/api.w.org\/{rel}","templated":true}]}}