{"id":135242,"date":"2025-10-03T09:23:04","date_gmt":"2025-10-03T07:23:04","guid":{"rendered":"https:\/\/www.yoleoescaparate.com\/?p=135242"},"modified":"2025-10-03T14:57:10","modified_gmt":"2025-10-03T12:57:10","slug":"el-3-de-octubre-el-comercio-de-calahorra-sale-a-la-calle-general-gallarza","status":"publish","type":"post","link":"https:\/\/www.yoleoescaparate.com\/?p=135242","title":{"rendered":"El 3 de octubre el comercio de Calahorra sale a la calle General Gallarza"},"content":{"rendered":"\n<!--more-->\n\n\n\n<figure class=\"wp-block-image size-large\"><img loading=\"lazy\" decoding=\"async\" width=\"1024\" height=\"314\" src=\"https:\/\/www.yoleoescaparate.com\/wp-content\/uploads\/2022\/03\/listanoticiasCH-1024x314.jpg\" alt=\"\" class=\"wp-image-84817\" srcset=\"https:\/\/www.yoleoescaparate.com\/wp-content\/uploads\/2022\/03\/listanoticiasCH-1024x314.jpg 1024w, https:\/\/www.yoleoescaparate.com\/wp-content\/uploads\/2022\/03\/listanoticiasCH-300x92.jpg 300w, https:\/\/www.yoleoescaparate.com\/wp-content\/uploads\/2022\/03\/listanoticiasCH-768x236.jpg 768w, https:\/\/www.yoleoescaparate.com\/wp-content\/uploads\/2022\/03\/listanoticiasCH.jpg 1200w\" sizes=\"auto, (max-width: 1024px) 100vw, 1024px\" \/><\/figure>\n\n\n\n<p>El Ayuntamiento de Calahorra vuelve a organizar la actividad \u2018<a>El D\u00eda del Comercio en la calle\u2019 <\/a>el viernes 3 de octubre.<\/p>\n\n\n\n<p>Esta segunda vez, los establecimientos comerciales saldr\u00e1n a la calle General Gallarza desde las 16:00 hasta las 22:00 horas.<\/p>\n\n\n\n<p>Un evento abierto a todos los comercios de Calahorra e incluido en el Plan de dinamizaci\u00f3n del comercio calagurritano, que el Ayuntamiento pone en marcha con la colaboraci\u00f3n de la Agencia de Desarrollo Econ\u00f3mico de La Rioja y el apoyo de las asociaciones de comerciantes de la ciudad.<\/p>\n\n\n\n<p>Los establecimientos comerciantes que quieran participar en \u2018El D\u00eda del Comercio en la calle\u2019 tienen que enviar un mail a esta direcci\u00f3n de correo electr\u00f3nico: <a href=\"mailto:administracion@argandona.es\">administracion@argandona.es<\/a> y los que son socios de la asociaci\u00f3n de comerciantes \u2018Calahorra, ciudad comercial\u2019 tambi\u00e9n pueden enviar la solicitud a esta otra direcci\u00f3n: <a href=\"mailto:asociacioncomerciocalahorra@gmail.com\">asociacioncomerciocalahorra@gmail.com<\/a>.<\/p>\n\n\n\n<p>El plazo de inscripci\u00f3n finaliza el lunes 22 de septiembre a las 13:30 horas.<\/p>\n\n\n\n<p>A los comercios que lo soliciten se les proporcionar\u00e1n caballetes y tablones. Adem\u00e1s, tambi\u00e9n podr\u00e1n llevar burros o lo que consideren oportunos.<\/p>\n\n\n\n<p>Los establecimientos comerciales que se encuentran ubicados en la propia calle General Gallarza y quieran sumarse a esta celebraci\u00f3n se colocar\u00e1n delante de su propio comercio.<\/p>\n\n\n\n<p>Durante el desarrollo de \u2018El D\u00eda del Comercio en la calle\u2019 se impartir\u00e1n talleres, se har\u00e1n minidesfiles y formaciones y tambi\u00e9n sonar\u00e1 la m\u00fasica.<\/p>\n","protected":false},"excerpt":{"rendered":"","protected":false},"author":1,"featured_media":131615,"comment_status":"open","ping_status":"open","sticky":false,"template":"","format":"standard","meta":{"colormag_page_container_layout":"default_layout","colormag_page_sidebar_layout":"default_layout","om_disable_all_campaigns":false,"_monsterinsights_skip_tracking":false,"_monsterinsights_sitenote_active":false,"_monsterinsights_sitenote_note":"","_monsterinsights_sitenote_category":0,"footnotes":""},"categories":[4,212],"tags":[16],"class_list":["post-135242","post","type-post","status-publish","format-standard","has-post-thumbnail","hentry","category-calahorra","category-planes","tag-calahorra"],"aioseo_notices":[],"_links":{"self":[{"href":"https:\/\/www.yoleoescaparate.com\/index.php?rest_route=\/wp\/v2\/posts\/135242","targetHints":{"allow":["GET"]}}],"collection":[{"href":"https:\/\/www.yoleoescaparate.com\/index.php?rest_route=\/wp\/v2\/posts"}],"about":[{"href":"https:\/\/www.yoleoescaparate.com\/index.php?rest_route=\/wp\/v2\/types\/post"}],"author":[{"embeddable":true,"href":"https:\/\/www.yoleoescaparate.com\/index.php?rest_route=\/wp\/v2\/users\/1"}],"replies":[{"embeddable":true,"href":"https:\/\/www.yoleoescaparate.com\/index.php?rest_route=%2Fwp%2Fv2%2Fcomments&post=135242"}],"version-history":[{"count":1,"href":"https:\/\/www.yoleoescaparate.com\/index.php?rest_route=\/wp\/v2\/posts\/135242\/revisions"}],"predecessor-version":[{"id":135243,"href":"https:\/\/www.yoleoescaparate.com\/index.php?rest_route=\/wp\/v2\/posts\/135242\/revisions\/135243"}],"wp:featuredmedia":[{"embeddable":true,"href":"https:\/\/www.yoleoescaparate.com\/index.php?rest_route=\/wp\/v2\/media\/131615"}],"wp:attachment":[{"href":"https:\/\/www.yoleoescaparate.com\/index.php?rest_route=%2Fwp%2Fv2%2Fmedia&parent=135242"}],"wp:term":[{"taxonomy":"category","embeddable":true,"href":"https:\/\/www.yoleoescaparate.com\/index.php?rest_route=%2Fwp%2Fv2%2Fcategories&post=135242"},{"taxonomy":"post_tag","embeddable":true,"href":"https:\/\/www.yoleoescaparate.com\/index.php?rest_route=%2Fwp%2Fv2%2Ftags&post=135242"}],"curies":[{"name":"wp","href":"https:\/\/api.w.org\/{rel}","templated":true}]}}