{"id":135275,"date":"2025-09-09T14:42:34","date_gmt":"2025-09-09T12:42:34","guid":{"rendered":"https:\/\/www.yoleoescaparate.com\/?p=135275"},"modified":"2025-09-09T14:42:39","modified_gmt":"2025-09-09T12:42:39","slug":"el-consejo-de-la-juventud-comarcal-de-calahorra-presenta-su-programacion-de-otono","status":"publish","type":"post","link":"https:\/\/www.yoleoescaparate.com\/?p=135275","title":{"rendered":"El Consejo de la Juventud Comarcal de Calahorra presenta su programaci\u00f3n de oto\u00f1o"},"content":{"rendered":"\n<!--more-->\n\n\n\n<figure class=\"wp-block-image size-large\"><img loading=\"lazy\" decoding=\"async\" width=\"1024\" height=\"314\" src=\"https:\/\/www.yoleoescaparate.com\/wp-content\/uploads\/2022\/03\/listanoticiasCH-1024x314.jpg\" alt=\"\" class=\"wp-image-84817\" srcset=\"https:\/\/www.yoleoescaparate.com\/wp-content\/uploads\/2022\/03\/listanoticiasCH-1024x314.jpg 1024w, https:\/\/www.yoleoescaparate.com\/wp-content\/uploads\/2022\/03\/listanoticiasCH-300x92.jpg 300w, https:\/\/www.yoleoescaparate.com\/wp-content\/uploads\/2022\/03\/listanoticiasCH-768x236.jpg 768w, https:\/\/www.yoleoescaparate.com\/wp-content\/uploads\/2022\/03\/listanoticiasCH.jpg 1200w\" sizes=\"auto, (max-width: 1024px) 100vw, 1024px\" \/><\/figure>\n\n\n\n<p>El Consejo de la Juventud Comarcal de Calahorra presenta un oto\u00f1o cargado de actividades culturales, art\u00edsticas, saludables y participativas. Todas ellas son gratuitas y est\u00e1n pensadas para que los y las j\u00f3venes de Calahorra y comarca disfruten, aprendan y se impliquen en la vida social.<\/p>\n\n\n\n<p>A continuaci\u00f3n, el calendario de propuestas:<\/p>\n\n\n\n<h3 class=\"wp-block-heading\"><strong>Septiembre<\/strong><\/h3>\n\n\n\n<ul class=\"wp-block-list\">\n<li><strong>Todos los martes<\/strong> \u2192 <em><strong>Teatr\u00edzate<\/strong><\/em><strong>,<\/strong> grupo de improvisaci\u00f3n teatral abierto a j\u00f3venes con ganas de expresarse y divertirse.<\/li>\n\n\n\n<li><strong>Jueves 11<\/strong> \u2192 <em><strong>Caf\u00e9 Multiling\u00fce<\/strong><\/em> regresa al Cafet\u00edn. Cada jueves hasta el 27 de noviembre podr\u00e1s practicar ingl\u00e9s, franc\u00e9s y alem\u00e1n en un ambiente divertido.<\/li>\n\n\n\n<li><strong>Viernes 12<\/strong> \u2192 <em><strong>Jam Session<\/strong><\/em><strong><em> y concierto de <strong>Lawless Dystop\u00eda<\/strong><\/em><\/strong> en el bar Oasis, a partir de las 18:00 h.<\/li>\n\n\n\n<li><strong>Viernes 19<\/strong> \u2192 Inauguraci\u00f3n de la <strong>Ronda con Arte Joven<\/strong><strong>,<\/strong> con exposiciones y diferentes visitas guiadas del recorrido de este a\u00f1o.<\/li>\n\n\n\n<li><strong>S\u00e1bado 27<\/strong> \u2192 Arranca el <strong>C\u00edrculo de Reflexiones<\/strong>, con la psic\u00f3loga Cecilia Gonz\u00e1lez.<\/li>\n<\/ul>\n\n\n\n<h3 class=\"wp-block-heading\"><strong>Octubre<\/strong><\/h3>\n\n\n\n<ul class=\"wp-block-list\">\n<li><strong>S\u00e1bados <\/strong>\u2192 Vuelven los <strong>Paseos Saludables<\/strong>, una oportunidad para caminar y disfrutar en compa\u00f1\u00eda.<\/li>\n\n\n\n<li><strong>Viernes de octubre y noviembre<\/strong> \u2192 <em><strong>Taller de Escritura Creativa<\/strong><\/em>, para descubrir y compartir la pasi\u00f3n por el teatro.<\/li>\n\n\n\n<li><strong>Domingos puntuales<\/strong> \u2192 <strong>Jornadas de Juegos de Mesa<\/strong>, diversi\u00f3n estrat\u00e9gica y cooperativa en grupo.<\/li>\n\n\n\n<li><strong>S\u00e1bado 18<\/strong> \u2192 <strong>El Casco Antiguo Suena<\/strong>, con m\u00fasica en directo en el Rasillo de San Francisco.<\/li>\n<\/ul>\n\n\n\n<h3 class=\"wp-block-heading\"><strong>Noviembre<\/strong><\/h3>\n\n\n\n<ul class=\"wp-block-list\">\n<li><strong>S\u00e1bado 1<\/strong> \u2192 <em><strong>Noche de terror<\/strong><\/em> con un gran <strong>Escape Room<\/strong><strong>.<\/strong><\/li>\n\n\n\n<li><strong>S\u00e1bado 8<\/strong> \u2192 Regresa <strong>Lunarte<\/strong>, una noche cultural repleta de actividades art\u00edsticas.<\/li>\n\n\n\n<li><strong>Hasta finales de noviembre<\/strong> \u2192 Activo el servicio <strong>Emanc\u00edpate<\/strong>, con cursos y talleres sobre elaboraci\u00f3n de curr\u00edculums, b\u00fasqueda de ayudas al alquiler y orientaci\u00f3n para la autonom\u00eda juvenil.<\/li>\n<\/ul>\n\n\n\n<h3 class=\"wp-block-heading\"><strong>Adem\u00e1s\u2026<\/strong><\/h3>\n\n\n\n<ul class=\"wp-block-list\">\n<li>Charlas informativas sobre el <strong>Cuerpo Europeo de Solidaridad en los institutos<\/strong>, para conocer todas las oportunidades de voluntariado internacional.<\/li>\n<\/ul>\n\n\n\n<p>Todas nuestras actividades son <strong>gratuitas<\/strong> y est\u00e1n organizadas por el CJCC con el apoyo del Instituto Riojano de la Juventud, Consejo de la Juventud de La Rioja, Ayuntamiento de Calahorra, bar Oasis, Cafet\u00edn, Street food The Way, colaboradoras y voluntariado a los que agradecemos enormemente todo su apoyo.<\/p>\n","protected":false},"excerpt":{"rendered":"","protected":false},"author":1,"featured_media":135276,"comment_status":"open","ping_status":"open","sticky":false,"template":"","format":"standard","meta":{"colormag_page_container_layout":"default_layout","colormag_page_sidebar_layout":"default_layout","om_disable_all_campaigns":false,"_monsterinsights_skip_tracking":false,"_monsterinsights_sitenote_active":false,"_monsterinsights_sitenote_note":"","_monsterinsights_sitenote_category":0,"footnotes":""},"categories":[4],"tags":[16],"class_list":["post-135275","post","type-post","status-publish","format-standard","has-post-thumbnail","hentry","category-calahorra","tag-calahorra"],"aioseo_notices":[],"_links":{"self":[{"href":"https:\/\/www.yoleoescaparate.com\/index.php?rest_route=\/wp\/v2\/posts\/135275","targetHints":{"allow":["GET"]}}],"collection":[{"href":"https:\/\/www.yoleoescaparate.com\/index.php?rest_route=\/wp\/v2\/posts"}],"about":[{"href":"https:\/\/www.yoleoescaparate.com\/index.php?rest_route=\/wp\/v2\/types\/post"}],"author":[{"embeddable":true,"href":"https:\/\/www.yoleoescaparate.com\/index.php?rest_route=\/wp\/v2\/users\/1"}],"replies":[{"embeddable":true,"href":"https:\/\/www.yoleoescaparate.com\/index.php?rest_route=%2Fwp%2Fv2%2Fcomments&post=135275"}],"version-history":[{"count":1,"href":"https:\/\/www.yoleoescaparate.com\/index.php?rest_route=\/wp\/v2\/posts\/135275\/revisions"}],"predecessor-version":[{"id":135277,"href":"https:\/\/www.yoleoescaparate.com\/index.php?rest_route=\/wp\/v2\/posts\/135275\/revisions\/135277"}],"wp:featuredmedia":[{"embeddable":true,"href":"https:\/\/www.yoleoescaparate.com\/index.php?rest_route=\/wp\/v2\/media\/135276"}],"wp:attachment":[{"href":"https:\/\/www.yoleoescaparate.com\/index.php?rest_route=%2Fwp%2Fv2%2Fmedia&parent=135275"}],"wp:term":[{"taxonomy":"category","embeddable":true,"href":"https:\/\/www.yoleoescaparate.com\/index.php?rest_route=%2Fwp%2Fv2%2Fcategories&post=135275"},{"taxonomy":"post_tag","embeddable":true,"href":"https:\/\/www.yoleoescaparate.com\/index.php?rest_route=%2Fwp%2Fv2%2Ftags&post=135275"}],"curies":[{"name":"wp","href":"https:\/\/api.w.org\/{rel}","templated":true}]}}