{"id":135775,"date":"2025-09-26T09:15:00","date_gmt":"2025-09-26T07:15:00","guid":{"rendered":"https:\/\/www.yoleoescaparate.com\/?p=135775"},"modified":"2025-09-26T09:51:56","modified_gmt":"2025-09-26T07:51:56","slug":"rincon-de-soto-se-prepara-para-vivir-las-fiestas-de-san-miguel-2025","status":"publish","type":"post","link":"https:\/\/www.yoleoescaparate.com\/?p=135775","title":{"rendered":"Rinc\u00f3n de Soto se prepara para vivir las Fiestas de San Miguel 2025"},"content":{"rendered":"\n<!--more-->\n\n\n\n<figure class=\"wp-block-image size-large\"><img loading=\"lazy\" decoding=\"async\" width=\"1024\" height=\"314\" src=\"https:\/\/www.yoleoescaparate.com\/wp-content\/uploads\/2022\/03\/listanoticiasCH-1024x314.jpg\" alt=\"\" class=\"wp-image-84817\" srcset=\"https:\/\/www.yoleoescaparate.com\/wp-content\/uploads\/2022\/03\/listanoticiasCH-1024x314.jpg 1024w, https:\/\/www.yoleoescaparate.com\/wp-content\/uploads\/2022\/03\/listanoticiasCH-300x92.jpg 300w, https:\/\/www.yoleoescaparate.com\/wp-content\/uploads\/2022\/03\/listanoticiasCH-768x236.jpg 768w, https:\/\/www.yoleoescaparate.com\/wp-content\/uploads\/2022\/03\/listanoticiasCH.jpg 1200w\" sizes=\"auto, (max-width: 1024px) 100vw, 1024px\" \/><\/figure>\n\n\n\n<p>Rinc\u00f3n de Soto ya calienta motores para celebrar sus esperadas <strong>Fiestas de San Miguel 2025<\/strong>, que se desarrollar\u00e1n del <strong>viernes 26 al lunes 29 de septiembre<\/strong> con un amplio programa de actividades para todas las edades.<\/p>\n\n\n\n<p>El pistoletazo de salida llegar\u00e1 el <strong>viernes 26<\/strong> con el tradicional <strong>chupinazo desde el Ayuntamiento<\/strong> a las 20:00 horas, seguido de la m\u00fasica de la <strong>charanga La Pacheca<\/strong> y el <strong>encierro nocturno<\/strong> con la ganader\u00eda El Chato de Valtierra. La jornada concluir\u00e1 con el concierto de <strong>Daniel Subero<\/strong> en la plaza Gallarza.<\/p>\n\n\n\n<p>El <strong>s\u00e1bado 27<\/strong> arrancar\u00e1 con hinchables y el partido entre River Ebro y Vian\u00e9s B. No faltar\u00e1n la <strong>paellada popular<\/strong>, el caf\u00e9 concierto de <strong>Blanca y Ana<\/strong> y el <strong>encierro de reses bravas<\/strong> de Adri\u00e1n Dom\u00ednguez (Funes). Por la noche, llegar\u00e1 uno de los platos fuertes: el <strong>concierto de Big Mouthers<\/strong> y el animado <strong>toro embolado<\/strong>, organizado por la Asociaci\u00f3n de Amigos del Toro de San Miguel.<\/p>\n\n\n\n<p>El <strong>domingo 28<\/strong> la fiesta continuar\u00e1 con actividades infantiles, degustaci\u00f3n de zapatillas de jam\u00f3n y juegos populares. Por la tarde se celebrar\u00e1 la <strong>misa y v\u00edsperas de San Miguel<\/strong>, la <strong>imposici\u00f3n del pa\u00f1uelo a San Miguel por los quintos del 75<\/strong>, un <strong>espect\u00e1culo luminoso<\/strong> y el concierto del <strong>Grupo Araciel<\/strong>.<\/p>\n\n\n\n<p>El d\u00eda grande ser\u00e1 el <strong>lunes 29 de septiembre<\/strong>, festividad de San Miguel. La jornada comenzar\u00e1 con la tradicional <strong>Aurora<\/strong>, seguida de la recepci\u00f3n de autoridades y la solemne <strong>misa y procesi\u00f3n<\/strong> en honor al patr\u00f3n. La charanga volver\u00e1 a poner ritmo a las calles, mientras que la <strong>Asociaci\u00f3n de Amigos del Toro de San Miguel<\/strong> celebrar\u00e1 su tradicional comida y organizar\u00e1 un animado programa taurino con suelta de reses, encierros y toro de San Miguel, con reses de la ganader\u00eda Toropasi\u00f3n.<\/p>\n\n\n\n<p>Durante las fiestas, la <strong>Pe\u00f1a La Ojera<\/strong> ofrecer\u00e1 m\u00fasica, juegos, concursos y ambiente festivo desde su sede.<\/p>\n\n\n\n<p>Con encierros, charangas, conciertos y actos religiosos, Rinc\u00f3n de Soto se prepara para vivir cuatro d\u00edas intensos donde la tradici\u00f3n, la m\u00fasica y el toro ser\u00e1n protagonistas.<\/p>\n\n\n\n<hr class=\"wp-block-separator has-alpha-channel-opacity\"\/>\n","protected":false},"excerpt":{"rendered":"","protected":false},"author":1,"featured_media":135777,"comment_status":"open","ping_status":"open","sticky":false,"template":"","format":"standard","meta":{"colormag_page_container_layout":"default_layout","colormag_page_sidebar_layout":"default_layout","om_disable_all_campaigns":false,"_monsterinsights_skip_tracking":false,"_monsterinsights_sitenote_active":false,"_monsterinsights_sitenote_note":"","_monsterinsights_sitenote_category":0,"footnotes":""},"categories":[212,10],"tags":[19],"class_list":["post-135775","post","type-post","status-publish","format-standard","has-post-thumbnail","hentry","category-planes","category-rincon-de-soto","tag-rincon-de-soto"],"aioseo_notices":[],"_links":{"self":[{"href":"https:\/\/www.yoleoescaparate.com\/index.php?rest_route=\/wp\/v2\/posts\/135775","targetHints":{"allow":["GET"]}}],"collection":[{"href":"https:\/\/www.yoleoescaparate.com\/index.php?rest_route=\/wp\/v2\/posts"}],"about":[{"href":"https:\/\/www.yoleoescaparate.com\/index.php?rest_route=\/wp\/v2\/types\/post"}],"author":[{"embeddable":true,"href":"https:\/\/www.yoleoescaparate.com\/index.php?rest_route=\/wp\/v2\/users\/1"}],"replies":[{"embeddable":true,"href":"https:\/\/www.yoleoescaparate.com\/index.php?rest_route=%2Fwp%2Fv2%2Fcomments&post=135775"}],"version-history":[{"count":1,"href":"https:\/\/www.yoleoescaparate.com\/index.php?rest_route=\/wp\/v2\/posts\/135775\/revisions"}],"predecessor-version":[{"id":135778,"href":"https:\/\/www.yoleoescaparate.com\/index.php?rest_route=\/wp\/v2\/posts\/135775\/revisions\/135778"}],"wp:featuredmedia":[{"embeddable":true,"href":"https:\/\/www.yoleoescaparate.com\/index.php?rest_route=\/wp\/v2\/media\/135777"}],"wp:attachment":[{"href":"https:\/\/www.yoleoescaparate.com\/index.php?rest_route=%2Fwp%2Fv2%2Fmedia&parent=135775"}],"wp:term":[{"taxonomy":"category","embeddable":true,"href":"https:\/\/www.yoleoescaparate.com\/index.php?rest_route=%2Fwp%2Fv2%2Fcategories&post=135775"},{"taxonomy":"post_tag","embeddable":true,"href":"https:\/\/www.yoleoescaparate.com\/index.php?rest_route=%2Fwp%2Fv2%2Ftags&post=135775"}],"curies":[{"name":"wp","href":"https:\/\/api.w.org\/{rel}","templated":true}]}}