{"id":135814,"date":"2025-09-24T14:39:34","date_gmt":"2025-09-24T12:39:34","guid":{"rendered":"https:\/\/www.yoleoescaparate.com\/?p=135814"},"modified":"2025-09-24T14:39:41","modified_gmt":"2025-09-24T12:39:41","slug":"calahorra-celebra-el-vi-concurso-de-asado-y-pelado-de-pimiento-del-cristal-2025","status":"publish","type":"post","link":"https:\/\/www.yoleoescaparate.com\/?p=135814","title":{"rendered":"Calahorra celebra el VI Concurso de Asado y Pelado de Pimiento del Cristal 2025"},"content":{"rendered":"\n<!--more-->\n\n\n\n<figure class=\"wp-block-image size-large\"><img loading=\"lazy\" decoding=\"async\" width=\"1024\" height=\"314\" src=\"https:\/\/www.yoleoescaparate.com\/wp-content\/uploads\/2022\/03\/listanoticiasCH-1024x314.jpg\" alt=\"\" class=\"wp-image-84817\" srcset=\"https:\/\/www.yoleoescaparate.com\/wp-content\/uploads\/2022\/03\/listanoticiasCH-1024x314.jpg 1024w, https:\/\/www.yoleoescaparate.com\/wp-content\/uploads\/2022\/03\/listanoticiasCH-300x92.jpg 300w, https:\/\/www.yoleoescaparate.com\/wp-content\/uploads\/2022\/03\/listanoticiasCH-768x236.jpg 768w, https:\/\/www.yoleoescaparate.com\/wp-content\/uploads\/2022\/03\/listanoticiasCH.jpg 1200w\" sizes=\"auto, (max-width: 1024px) 100vw, 1024px\" \/><\/figure>\n\n\n\n<p>l pr\u00f3ximo <strong>domingo 28 de septiembre a las 11:30 horas<\/strong>, la <strong>Plaza del Raso de Calahorra<\/strong> acoger\u00e1 la sexta edici\u00f3n del <strong>Concurso de Asado y Pelado de Pimiento del Cristal<\/strong>, una cita gastron\u00f3mica que se ha convertido en un referente dentro de las fiestas y tradiciones locales.<\/p>\n\n\n\n<p>Los participantes deber\u00e1n estar en la plaza media hora antes para confirmar su inscripci\u00f3n y recibir su n\u00famero. Cada concursante dispondr\u00e1 de <strong>un kilo de pimientos del cristal<\/strong>, previamente pesado, as\u00ed como de asador y carb\u00f3n. El resto de utensilios necesarios (como tenacillas o trapos) deber\u00e1n ser aportados por los propios concursantes.<\/p>\n\n\n\n<p>Todos los participantes comenzar\u00e1n a asar y pelar sus pimientos al mismo tiempo, compitiendo por demostrar su destreza y rapidez. El jurado valorar\u00e1 tanto el <strong>tiempo empleado<\/strong> en completar la tarea como la <strong>calidad del pelado<\/strong>, que deber\u00e1 hacerse con esmero, sin pepitas, sin rabo y sin restos de piel.<\/p>\n\n\n\n<p>Las inscripciones pueden realizarse de manera presencial en la <strong>Oficina de Turismo<\/strong> o bien enviando un correo a <strong><a>turismo@calahorra.es<\/a><\/strong><\/p>\n\n\n\n<p><strong>Bases del VI Concurso de asado y pelado de pimientos del cristal<\/strong><\/p>\n\n\n\n<p>Ha aprobado las bases del concurso de asado y pelado de pimientos del cristal, que el Ayuntamiento de Calahorra convoca por sexto a\u00f1o y que se celebrar\u00e1 el domingo 28 de septiembre por la ma\u00f1ana en la plaza de El Raso:<\/p>\n\n\n\n<h3 class=\"wp-block-heading\">Objeto<\/h3>\n\n\n\n<h3 class=\"wp-block-heading\">El Ayuntamiento de Calahorra propone la celebraci\u00f3n de este Concurso con la idea de promocionar la gastronom\u00eda y promover la participaci\u00f3n de todos los interesados en el evento. Tendr\u00e1 lugar el domingo 28 de septiembre y se enmarca dentro de de las actividades que se programar\u00e1n en la XI Feria \u201cCalahorra con pimientos\u201d.<\/h3>\n\n\n\n<p><a><u>Participantes y solicitud<\/u><\/a><\/p>\n\n\n\n<p>Es un concurso popular abierto a la participaci\u00f3n de todos los interesados que deber\u00e1n hacer la inscripci\u00f3n previa hasta las 10:30 h. del mismo domingo 28 de septiembre.<\/p>\n\n\n\n<p>La inscripci\u00f3n puede hacerse personalmente en la oficina de Turismo, plaza del Raso, 16 (junto a la plaza de abastos), <a href=\"mailto:turismo@calahorra.es\"><\/a>o en turismo@calahorra.es, indicando \u201cSolicitud de participaci\u00f3n en el concurso de asado y pelado de pimientos del Cristal de Calahorra\u201d.<\/p>\n\n\n\n<p>Cada participante recibir\u00e1 un n\u00famero para su identificaci\u00f3n personal el d\u00eda del concurso.<\/p>\n\n\n\n<p>Transcurso del concurso<\/p>\n\n\n\n<ul class=\"wp-block-list\">\n<li>Los participantes deber\u00e1n estar en la plaza del Raso con 30 minutos de antelaci\u00f3n para poder comprobar su inscripci\u00f3n y facilitarle el n\u00ba de participante.<\/li>\n\n\n\n<li>Una vez comprobada su inscripci\u00f3n deber\u00e1n preparar todo su menaje y ascuas para que el asado de pimientos comience a las 11:15 h. <em>*En caso de haber m\u00e1s participantes que asadores, se contabilizar\u00e1 los tiempos de uso y se har\u00e1 un cuadrante=calendario de participaci\u00f3n\u201d<\/em><\/li>\n\n\n\n<li>A cada participante se le ofrece 1kg. de pimientos del cristal (el kilo ser\u00e1 pesado al empezar el concurso) y se le facilitar\u00e1 asador y carb\u00f3n.<\/li>\n<\/ul>\n\n\n\n<p><em>* Otros utensilios necesarios para realizar el asado del pimiento con carb\u00f3n deber\u00e1n ser aportados por los propios participantes (tenacillas, trapos, etc.)<\/em><\/p>\n\n\n\n<ul class=\"wp-block-list\">\n<li>Todos los participantes comenzar\u00e1n a asar y pelar los pimientos al mismo tiempo.<\/li>\n\n\n\n<li>Se valorar\u00e1 el tiempo empleado en asar y pelar ese kilo de pimientos, teniendo mejor valoraci\u00f3n aquel que emplee menos tiempo.<\/li>\n<\/ul>\n\n\n\n<p>Se valorar\u00e1 la calidad de la limpieza del pimiento; sin pepitas, sin rabo, sin peladura alguna.<\/p>\n\n\n\n<p>El jurado estar\u00e1 compuesto por tres personas relacionadas con el mercado del pimiento y la gastronom\u00eda calagurritana.<\/p>\n\n\n\n<p>Premio<\/p>\n\n\n\n<p>Habr\u00e1 un \u00fanico detalle que ser\u00e1 donado por los establecimientos colaboradores en el evento.<\/p>\n","protected":false},"excerpt":{"rendered":"","protected":false},"author":1,"featured_media":135815,"comment_status":"open","ping_status":"open","sticky":false,"template":"","format":"standard","meta":{"colormag_page_container_layout":"default_layout","colormag_page_sidebar_layout":"default_layout","om_disable_all_campaigns":false,"_monsterinsights_skip_tracking":false,"_monsterinsights_sitenote_active":false,"_monsterinsights_sitenote_note":"","_monsterinsights_sitenote_category":0,"footnotes":""},"categories":[4,212],"tags":[16],"class_list":["post-135814","post","type-post","status-publish","format-standard","has-post-thumbnail","hentry","category-calahorra","category-planes","tag-calahorra"],"aioseo_notices":[],"_links":{"self":[{"href":"https:\/\/www.yoleoescaparate.com\/index.php?rest_route=\/wp\/v2\/posts\/135814","targetHints":{"allow":["GET"]}}],"collection":[{"href":"https:\/\/www.yoleoescaparate.com\/index.php?rest_route=\/wp\/v2\/posts"}],"about":[{"href":"https:\/\/www.yoleoescaparate.com\/index.php?rest_route=\/wp\/v2\/types\/post"}],"author":[{"embeddable":true,"href":"https:\/\/www.yoleoescaparate.com\/index.php?rest_route=\/wp\/v2\/users\/1"}],"replies":[{"embeddable":true,"href":"https:\/\/www.yoleoescaparate.com\/index.php?rest_route=%2Fwp%2Fv2%2Fcomments&post=135814"}],"version-history":[{"count":1,"href":"https:\/\/www.yoleoescaparate.com\/index.php?rest_route=\/wp\/v2\/posts\/135814\/revisions"}],"predecessor-version":[{"id":135816,"href":"https:\/\/www.yoleoescaparate.com\/index.php?rest_route=\/wp\/v2\/posts\/135814\/revisions\/135816"}],"wp:featuredmedia":[{"embeddable":true,"href":"https:\/\/www.yoleoescaparate.com\/index.php?rest_route=\/wp\/v2\/media\/135815"}],"wp:attachment":[{"href":"https:\/\/www.yoleoescaparate.com\/index.php?rest_route=%2Fwp%2Fv2%2Fmedia&parent=135814"}],"wp:term":[{"taxonomy":"category","embeddable":true,"href":"https:\/\/www.yoleoescaparate.com\/index.php?rest_route=%2Fwp%2Fv2%2Fcategories&post=135814"},{"taxonomy":"post_tag","embeddable":true,"href":"https:\/\/www.yoleoescaparate.com\/index.php?rest_route=%2Fwp%2Fv2%2Ftags&post=135814"}],"curies":[{"name":"wp","href":"https:\/\/api.w.org\/{rel}","templated":true}]}}