{"id":136143,"date":"2025-10-03T14:30:04","date_gmt":"2025-10-03T12:30:04","guid":{"rendered":"https:\/\/www.yoleoescaparate.com\/?p=136143"},"modified":"2025-10-03T14:33:29","modified_gmt":"2025-10-03T12:33:29","slug":"la-rioja-impulsa-la-competitividad-empresarial-con-la-ia-con-el-i-foro-de-inteligencia-artificial-para-pymes","status":"publish","type":"post","link":"https:\/\/www.yoleoescaparate.com\/?p=136143","title":{"rendered":"La Rioja impulsa la competitividad empresarial con la IA con el I Foro de Inteligencia Artificial para PYMES\u00a0"},"content":{"rendered":"\n<!--more-->\n\n\n\n<figure class=\"wp-block-image size-large\"><img loading=\"lazy\" decoding=\"async\" width=\"1024\" height=\"314\" src=\"https:\/\/www.yoleoescaparate.com\/wp-content\/uploads\/2022\/03\/listanoticiasCH-1024x314.jpg\" alt=\"\" class=\"wp-image-84817\" srcset=\"https:\/\/www.yoleoescaparate.com\/wp-content\/uploads\/2022\/03\/listanoticiasCH-1024x314.jpg 1024w, https:\/\/www.yoleoescaparate.com\/wp-content\/uploads\/2022\/03\/listanoticiasCH-300x92.jpg 300w, https:\/\/www.yoleoescaparate.com\/wp-content\/uploads\/2022\/03\/listanoticiasCH-768x236.jpg 768w, https:\/\/www.yoleoescaparate.com\/wp-content\/uploads\/2022\/03\/listanoticiasCH.jpg 1200w\" sizes=\"auto, (max-width: 1024px) 100vw, 1024px\" \/><\/figure>\n\n\n\n<h2 class=\"wp-block-heading\"><strong>El evento, organizado por SDi y Arsys, ha contado con la participaci\u00f3n del divulgador tecnol\u00f3gico Jon Hern\u00e1ndez que ha animado a las PYMES riojanas a adoptar la IA<\/strong>\u00a0\u00a0<\/h2>\n\n\n\n<p>La Rioja ha celebrado el <strong>I Foro de Inteligencia Artificial para PYMES<\/strong>: \u201cAgentes IA al servicio de tu empresa\u201d, organizado por SDi y Arsys en colaboraci\u00f3n con el Gobierno de La Rioja, que ha reunido en el Centro Tecnol\u00f3gico de La Rioja a m\u00e1s de un centenar de empresarios, profesionales y representantes institucionales. Este encuentro pionero ha demostrado que la inteligencia artificial deja de ser patrimonio exclusivo de las grandes corporaciones para convertirse en una herramienta estrat\u00e9gica y accesible para el tejido empresarial riojano.\u00a0<\/p>\n\n\n\n<p>El foro, ha ofrecido ponencias, debates y espacios de networking que han acercado a las peque\u00f1as y medianas empresas las oportunidades reales que la IA ofrece para impulsar la competitividad, optimizar procesos y mejorar la productividad. Desde su inauguraci\u00f3n, los organizadores han destacado que este evento marca un punto de inflexi\u00f3n en el camino hacia la transformaci\u00f3n digital de las PYMES de la regi\u00f3n.&nbsp;<\/p>\n\n\n\n<p><strong>La IA como motor de cambio y oportunidad de crecimiento<\/strong>&nbsp;<\/p>\n\n\n\n<p>Uno de los mensajes comunes entre los ponentes de la jornada ha sido que la inteligencia artificial representa un reto ineludible y una oportunidad hist\u00f3rica para las empresas. El divulgador tecnol\u00f3gico Jon Hern\u00e1ndez, uno de los ponentes m\u00e1s esperados, ha animado a las PYMES a adoptar la IA, destacando que no es necesario ser un gigante tecnol\u00f3gico para beneficiarse de ella: <em>\u201c<\/em>No hay que ser Google o Microsoft para aprovecharse de la Inteligencia Artificial. El mundo de la pyme es el de la competitividad y cualquier cosa que te pueda dar una ventaja competitiva es importante. As\u00ed, la Inteligencia Artificial va a ser un reto enorme, el m\u00e1s grande al que se hayan enfrentado las empresas, pero tambi\u00e9n puede ser la mayor oportunidad para crecer\u201d.&nbsp;<\/p>\n\n\n\n<p>El foro ha puesto el foco en la importancia de iniciar la adopci\u00f3n de la IA con pasos pr\u00e1cticos y tangibles. En este sentido, Olof Sandstrom, SVP de Technical Operations en IONOS, ha recomendado a las empresas que todav\u00eda no han trabajado con esta tecnolog\u00eda que empiecen por lo m\u00e1s inmediato, \u201cautomatizando todas las tareas y funciones diarias que se repiten miles de veces al d\u00eda y que una inteligencia artificial puede asumir y simplificar\u201d.\u202f&nbsp;<\/p>\n\n\n\n<p>Sandstrom ha destacado que estas primeras automatizaciones liberan tiempo y recursos que despu\u00e9s pueden dedicarse a soluciones m\u00e1s avanzadas, como la anal\u00edtica de datos o el uso de asistentes inteligentes para mejorar la toma de decisiones.&nbsp;<\/p>\n\n\n\n<p>Por su parte, Javier Salcedo, director de Estrategia en SDi, ha introducido el concepto de \u201cIA First\u201d, que propone priorizar que todo lo que pueda hacer una m\u00e1quina lo haga, permitiendo as\u00ed que los empleados se concentren en tareas de mayor valor a\u00f1adido. Salcedo ha insistido en que este enfoque requiere un cambio cultural dentro de las empresas, animando a los profesionales a preguntarse, antes de ejecutar cualquier tarea, si podr\u00eda realizarla una m\u00e1quina.\u202f&nbsp;<\/p>\n\n\n\n<p>SDi es un claro ejemplo de compa\u00f1\u00eda que impulsa la incorporaci\u00f3n de la Inteligencia Artificial en todas sus \u00e1reas y funciones. Su CEO, Marcos Garc\u00eda, ha destacado el firme compromiso de la organizaci\u00f3n con esta transformaci\u00f3n tecnol\u00f3gica: <em>\u201c<\/em>Nos aseguramos de que la Inteligencia Artificial forme parte del desarrollo profesional de cada persona que se incorpora a nuestro equipo. No es una responsabilidad exclusiva de unos pocos, sino un compromiso compartido por todo el equipo desde el primer d\u00eda\u201d.&nbsp;<\/p>\n\n\n\n<p><strong>La mesa redonda: colaboraci\u00f3n y visi\u00f3n compartida para el futuro<\/strong>&nbsp;<\/p>\n\n\n\n<p>La jornada ha concluido con una mesa redonda titulada \u201c\u00bfEst\u00e1n preparadas las empresas de La Rioja para aprovechar la IA?\u201d, que ha reunido a representantes del Gobierno de La Rioja, la Federaci\u00f3n de Empresas de La Rioja (FER), la asociaci\u00f3n AERTIC, as\u00ed como a expertos del sector tecnol\u00f3gico y a los propios ponentes principales.&nbsp;<\/p>\n\n\n\n<p>Durante el debate, los participantes han compartido sus visiones sobre c\u00f3mo las empresas deben integrar la IA en su d\u00eda a d\u00eda, destacando la importancia de la formaci\u00f3n continua, la experimentaci\u00f3n pr\u00e1ctica y el trabajo conjunto entre distintos actores del ecosistema empresarial. Se ha expuesto con realismo la situaci\u00f3n actual de las empresas riojanas frente a este nuevo panorama tecnol\u00f3gico, poniendo de relieve que muchas de ellas a\u00fan se encuentran en las fases iniciales de adopci\u00f3n, pero mostrando tambi\u00e9n un creciente inter\u00e9s por avanzar.&nbsp;<\/p>\n\n\n\n<p>El \u00e9xito de este foro, respaldado por el Gobierno de La Rioja y la FER, confirma que la inteligencia artificial se percibe ya no solo como una herramienta de modernizaci\u00f3n tecnol\u00f3gica, sino como una palanca estrat\u00e9gica para competir, innovar y crecer en un mercado cada vez m\u00e1s din\u00e1mico y globalizado. La alta participaci\u00f3n y el inter\u00e9s mostrado por los asistentes subrayan que el ecosistema empresarial riojano est\u00e1 preparado para avanzar hacia un futuro en el que la IA sea un aliado cotidiano en los procesos productivos y de gesti\u00f3n.&nbsp;<\/p>\n","protected":false},"excerpt":{"rendered":"","protected":false},"author":1,"featured_media":136144,"comment_status":"open","ping_status":"open","sticky":false,"template":"","format":"standard","meta":{"colormag_page_container_layout":"default_layout","colormag_page_sidebar_layout":"default_layout","om_disable_all_campaigns":false,"_monsterinsights_skip_tracking":false,"_monsterinsights_sitenote_active":false,"_monsterinsights_sitenote_note":"","_monsterinsights_sitenote_category":0,"footnotes":""},"categories":[4],"tags":[16],"class_list":["post-136143","post","type-post","status-publish","format-standard","has-post-thumbnail","hentry","category-calahorra","tag-calahorra"],"aioseo_notices":[],"_links":{"self":[{"href":"https:\/\/www.yoleoescaparate.com\/index.php?rest_route=\/wp\/v2\/posts\/136143","targetHints":{"allow":["GET"]}}],"collection":[{"href":"https:\/\/www.yoleoescaparate.com\/index.php?rest_route=\/wp\/v2\/posts"}],"about":[{"href":"https:\/\/www.yoleoescaparate.com\/index.php?rest_route=\/wp\/v2\/types\/post"}],"author":[{"embeddable":true,"href":"https:\/\/www.yoleoescaparate.com\/index.php?rest_route=\/wp\/v2\/users\/1"}],"replies":[{"embeddable":true,"href":"https:\/\/www.yoleoescaparate.com\/index.php?rest_route=%2Fwp%2Fv2%2Fcomments&post=136143"}],"version-history":[{"count":2,"href":"https:\/\/www.yoleoescaparate.com\/index.php?rest_route=\/wp\/v2\/posts\/136143\/revisions"}],"predecessor-version":[{"id":136146,"href":"https:\/\/www.yoleoescaparate.com\/index.php?rest_route=\/wp\/v2\/posts\/136143\/revisions\/136146"}],"wp:featuredmedia":[{"embeddable":true,"href":"https:\/\/www.yoleoescaparate.com\/index.php?rest_route=\/wp\/v2\/media\/136144"}],"wp:attachment":[{"href":"https:\/\/www.yoleoescaparate.com\/index.php?rest_route=%2Fwp%2Fv2%2Fmedia&parent=136143"}],"wp:term":[{"taxonomy":"category","embeddable":true,"href":"https:\/\/www.yoleoescaparate.com\/index.php?rest_route=%2Fwp%2Fv2%2Fcategories&post=136143"},{"taxonomy":"post_tag","embeddable":true,"href":"https:\/\/www.yoleoescaparate.com\/index.php?rest_route=%2Fwp%2Fv2%2Ftags&post=136143"}],"curies":[{"name":"wp","href":"https:\/\/api.w.org\/{rel}","templated":true}]}}