{"id":136921,"date":"2025-10-21T13:36:08","date_gmt":"2025-10-21T11:36:08","guid":{"rendered":"https:\/\/www.yoleoescaparate.com\/?p=136921"},"modified":"2025-10-21T13:41:06","modified_gmt":"2025-10-21T11:41:06","slug":"capellan-anuncia-la-licitacion-del-nuevo-edificio-del-centide-en-calahorra-para-finales-de-este-mes-de-octubre-con-un-plazo-de-ejecucion-de-18-meses","status":"publish","type":"post","link":"https:\/\/www.yoleoescaparate.com\/?p=136921","title":{"rendered":"Capell\u00e1n anuncia la licitaci\u00f3n del nuevo edificio del CENTIDE en Calahorra para finales de este mes de octubre, con un plazo de ejecuci\u00f3n de 18 meses"},"content":{"rendered":"\n<!--more-->\n\n\n\n<figure class=\"wp-block-image size-large\"><img loading=\"lazy\" decoding=\"async\" width=\"1024\" height=\"314\" src=\"https:\/\/www.yoleoescaparate.com\/wp-content\/uploads\/2022\/03\/listanoticiasCH-1024x314.jpg\" alt=\"\" class=\"wp-image-84817\" srcset=\"https:\/\/www.yoleoescaparate.com\/wp-content\/uploads\/2022\/03\/listanoticiasCH-1024x314.jpg 1024w, https:\/\/www.yoleoescaparate.com\/wp-content\/uploads\/2022\/03\/listanoticiasCH-300x92.jpg 300w, https:\/\/www.yoleoescaparate.com\/wp-content\/uploads\/2022\/03\/listanoticiasCH-768x236.jpg 768w, https:\/\/www.yoleoescaparate.com\/wp-content\/uploads\/2022\/03\/listanoticiasCH.jpg 1200w\" sizes=\"auto, (max-width: 1024px) 100vw, 1024px\" \/><\/figure>\n\n\n\n<h2 class=\"wp-block-heading\"><br>&nbsp;El presidente del Gobierno de La Rioja, Gonzalo Capell\u00e1n, junto al director de la Fundaci\u00f3n para la Transformaci\u00f3n de La Rioja, Arturo Colina, visita el Centro Nacional de Tecnolog\u00edas del Envase<\/h2>\n\n\n\n<p>El presidente riojano ha visitado hoy las instalaciones actuales del Centro Nacional de Tecnolog\u00edas del Envase, que aumenta su plantilla investigadora y se ampliar\u00e1 con una nueva nave mientras duren las obras<\/p>\n\n\n\n<p><code><div id=\"envira-gallery-wrap-136924\" class=\"envira-gallery-wrap envira-gallery-theme-base envira-lightbox-theme-base\" itemscope itemtype=\"https:\/\/schema.org\/ImageGallery\"><div data-row-height=\"150\" data-gallery-theme=\"normal\" id=\"envira-gallery-136924\" class=\"envira-gallery-public envira-gallery-justified-public envira-gallery-0-columns envira-clear enviratope envira-gallery-css-animations\" data-envira-columns=\"0\"><div id=\"envira-gallery-item-136932\" class=\"envira-gallery-item enviratope-item envira-gallery-item-1 envira-lazy-load\" style=\"padding-left: 5px; padding-bottom: 10px; padding-right: 5px;\"  itemscope itemtype=\"https:\/\/schema.org\/ImageObject\"><div class=\"envira-gallery-item-inner\"><div class=\"envira-gallery-position-overlay  envira-gallery-top-left\"><\/div><div class=\"envira-gallery-position-overlay  envira-gallery-top-right\"><\/div><div class=\"envira-gallery-position-overlay  envira-gallery-bottom-left\"><\/div><div class=\"envira-gallery-position-overlay  envira-gallery-bottom-right\"><\/div><a href=\"https:\/\/www.yoleoescaparate.com\/wp-content\/uploads\/502803-scaled.jpg\" class=\"envira-gallery-136924 envira-gallery-link\" rel=\"enviragallery136924\" title=\"Capell&aacute;n visita el Centro Nacional de Tecnolog&iacute;as del Envase\" data-envira-caption=\"Capell&aacute;n visita el Centro Nacional de Tecnolog&iacute;as del Envase\" data-envira-retina=\"\" data-thumbnail=\"\"  itemprop=\"contentUrl\"><img decoding=\"async\" id=\"envira-gallery-image-136932\" class=\"envira-gallery-image envira-gallery-image-1 envira-normal envira-lazy\" data-envira-index=\"1\" src=\"https:\/\/www.yoleoescaparate.com\/wp-content\/uploads\/502803-1024x769-640x480.jpg\" data-envira-src=\"https:\/\/www.yoleoescaparate.com\/wp-content\/uploads\/502803-1024x769-640x480.jpg\" data-envira-gallery-id=\"136924\" data-envira-item-id=\"136932\" data-envira-caption=\"Capell&aacute;n visita el Centro Nacional de Tecnolog&iacute;as del Envase\" alt=\"\" title=\"Capell\u00e1n visita el Centro Nacional de Tecnolog\u00edas del Envase\"  itemprop=\"thumbnailUrl\" data-envira-srcset=\"https:\/\/www.yoleoescaparate.com\/wp-content\/uploads\/502803-1024x769-640x480.jpg 400w,https:\/\/www.yoleoescaparate.com\/wp-content\/uploads\/502803-1024x769-640x480.jpg 2x\" data-envira-width=\"300\" data-envira-height=\"225\" srcset=\"data:image\/gif;base64,R0lGODlhAQABAIAAAP\/\/\/\/\/\/\/yH5BAEKAAEALAAAAAABAAEAAAICTAEAOw==\" data-safe-src=\"data:image\/gif;base64,R0lGODlhAQABAIAAAP\/\/\/\/\/\/\/yH5BAEKAAEALAAAAAABAAEAAAICTAEAOw==\" \/><\/a><\/div><\/div><div id=\"envira-gallery-item-136931\" class=\"envira-gallery-item enviratope-item envira-gallery-item-2 envira-lazy-load\" style=\"padding-left: 5px; padding-bottom: 10px; padding-right: 5px;\"  itemscope itemtype=\"https:\/\/schema.org\/ImageObject\"><div class=\"envira-gallery-item-inner\"><div class=\"envira-gallery-position-overlay  envira-gallery-top-left\"><\/div><div class=\"envira-gallery-position-overlay  envira-gallery-top-right\"><\/div><div class=\"envira-gallery-position-overlay  envira-gallery-bottom-left\"><\/div><div class=\"envira-gallery-position-overlay  envira-gallery-bottom-right\"><\/div><a href=\"https:\/\/www.yoleoescaparate.com\/wp-content\/uploads\/502803-7-scaled.jpg\" class=\"envira-gallery-136924 envira-gallery-link\" rel=\"enviragallery136924\" title=\"Capell&aacute;n visita el Centro Nacional de Tecnolog&iacute;as del Envase\" data-envira-caption=\"Capell&aacute;n visita el Centro Nacional de Tecnolog&iacute;as del Envase\" data-envira-retina=\"\" data-thumbnail=\"\"  itemprop=\"contentUrl\"><img decoding=\"async\" id=\"envira-gallery-image-136931\" class=\"envira-gallery-image envira-gallery-image-2 envira-normal envira-lazy\" data-envira-index=\"2\" src=\"https:\/\/www.yoleoescaparate.com\/wp-content\/uploads\/502803-7-1024x769-640x480.jpg\" data-envira-src=\"https:\/\/www.yoleoescaparate.com\/wp-content\/uploads\/502803-7-1024x769-640x480.jpg\" data-envira-gallery-id=\"136924\" data-envira-item-id=\"136931\" data-envira-caption=\"Capell&aacute;n visita el Centro Nacional de Tecnolog&iacute;as del Envase\" alt=\"\" title=\"Capell\u00e1n visita el Centro Nacional de Tecnolog\u00edas del Envase\"  itemprop=\"thumbnailUrl\" data-envira-srcset=\"https:\/\/www.yoleoescaparate.com\/wp-content\/uploads\/502803-7-1024x769-640x480.jpg 400w,https:\/\/www.yoleoescaparate.com\/wp-content\/uploads\/502803-7-1024x769-640x480.jpg 2x\" data-envira-width=\"300\" data-envira-height=\"225\" srcset=\"data:image\/gif;base64,R0lGODlhAQABAIAAAP\/\/\/\/\/\/\/yH5BAEKAAEALAAAAAABAAEAAAICTAEAOw==\" data-safe-src=\"data:image\/gif;base64,R0lGODlhAQABAIAAAP\/\/\/\/\/\/\/yH5BAEKAAEALAAAAAABAAEAAAICTAEAOw==\" \/><\/a><\/div><\/div><div id=\"envira-gallery-item-136930\" class=\"envira-gallery-item enviratope-item envira-gallery-item-3 envira-lazy-load\" style=\"padding-left: 5px; padding-bottom: 10px; padding-right: 5px;\"  itemscope itemtype=\"https:\/\/schema.org\/ImageObject\"><div class=\"envira-gallery-item-inner\"><div class=\"envira-gallery-position-overlay  envira-gallery-top-left\"><\/div><div class=\"envira-gallery-position-overlay  envira-gallery-top-right\"><\/div><div class=\"envira-gallery-position-overlay  envira-gallery-bottom-left\"><\/div><div class=\"envira-gallery-position-overlay  envira-gallery-bottom-right\"><\/div><a href=\"https:\/\/www.yoleoescaparate.com\/wp-content\/uploads\/502803-6-scaled.jpg\" class=\"envira-gallery-136924 envira-gallery-link\" rel=\"enviragallery136924\" title=\"Capell&aacute;n visita el Centro Nacional de Tecnolog&iacute;as del Envase\" data-envira-caption=\"Capell&aacute;n visita el Centro Nacional de Tecnolog&iacute;as del Envase\" data-envira-retina=\"\" data-thumbnail=\"\"  itemprop=\"contentUrl\"><img decoding=\"async\" id=\"envira-gallery-image-136930\" class=\"envira-gallery-image envira-gallery-image-3 envira-normal envira-lazy\" data-envira-index=\"3\" src=\"https:\/\/www.yoleoescaparate.com\/wp-content\/uploads\/502803-6-1024x769-640x480.jpg\" data-envira-src=\"https:\/\/www.yoleoescaparate.com\/wp-content\/uploads\/502803-6-1024x769-640x480.jpg\" data-envira-gallery-id=\"136924\" data-envira-item-id=\"136930\" data-envira-caption=\"Capell&aacute;n visita el Centro Nacional de Tecnolog&iacute;as del Envase\" alt=\"\" title=\"Capell\u00e1n visita el Centro Nacional de Tecnolog\u00edas del Envase\"  itemprop=\"thumbnailUrl\" data-envira-srcset=\"https:\/\/www.yoleoescaparate.com\/wp-content\/uploads\/502803-6-1024x769-640x480.jpg 400w,https:\/\/www.yoleoescaparate.com\/wp-content\/uploads\/502803-6-1024x769-640x480.jpg 2x\" data-envira-width=\"300\" data-envira-height=\"225\" srcset=\"data:image\/gif;base64,R0lGODlhAQABAIAAAP\/\/\/\/\/\/\/yH5BAEKAAEALAAAAAABAAEAAAICTAEAOw==\" data-safe-src=\"data:image\/gif;base64,R0lGODlhAQABAIAAAP\/\/\/\/\/\/\/yH5BAEKAAEALAAAAAABAAEAAAICTAEAOw==\" \/><\/a><\/div><\/div><div id=\"envira-gallery-item-136929\" class=\"envira-gallery-item enviratope-item envira-gallery-item-4 envira-lazy-load\" style=\"padding-left: 5px; padding-bottom: 10px; padding-right: 5px;\"  itemscope itemtype=\"https:\/\/schema.org\/ImageObject\"><div class=\"envira-gallery-item-inner\"><div class=\"envira-gallery-position-overlay  envira-gallery-top-left\"><\/div><div class=\"envira-gallery-position-overlay  envira-gallery-top-right\"><\/div><div class=\"envira-gallery-position-overlay  envira-gallery-bottom-left\"><\/div><div class=\"envira-gallery-position-overlay  envira-gallery-bottom-right\"><\/div><a href=\"https:\/\/www.yoleoescaparate.com\/wp-content\/uploads\/502803-5-scaled.jpg\" class=\"envira-gallery-136924 envira-gallery-link\" rel=\"enviragallery136924\" title=\"Capell&aacute;n visita el Centro Nacional de Tecnolog&iacute;as del Envase\" data-envira-caption=\"Capell&aacute;n visita el Centro Nacional de Tecnolog&iacute;as del Envase\" data-envira-retina=\"\" data-thumbnail=\"\"  itemprop=\"contentUrl\"><img decoding=\"async\" id=\"envira-gallery-image-136929\" class=\"envira-gallery-image envira-gallery-image-4 envira-normal envira-lazy\" data-envira-index=\"4\" src=\"https:\/\/www.yoleoescaparate.com\/wp-content\/uploads\/502803-5-1024x769-640x480.jpg\" data-envira-src=\"https:\/\/www.yoleoescaparate.com\/wp-content\/uploads\/502803-5-1024x769-640x480.jpg\" data-envira-gallery-id=\"136924\" data-envira-item-id=\"136929\" data-envira-caption=\"Capell&aacute;n visita el Centro Nacional de Tecnolog&iacute;as del Envase\" alt=\"\" title=\"Capell\u00e1n visita el Centro Nacional de Tecnolog\u00edas del Envase\"  itemprop=\"thumbnailUrl\" data-envira-srcset=\"https:\/\/www.yoleoescaparate.com\/wp-content\/uploads\/502803-5-1024x769-640x480.jpg 400w,https:\/\/www.yoleoescaparate.com\/wp-content\/uploads\/502803-5-1024x769-640x480.jpg 2x\" data-envira-width=\"300\" data-envira-height=\"225\" srcset=\"data:image\/gif;base64,R0lGODlhAQABAIAAAP\/\/\/\/\/\/\/yH5BAEKAAEALAAAAAABAAEAAAICTAEAOw==\" data-safe-src=\"data:image\/gif;base64,R0lGODlhAQABAIAAAP\/\/\/\/\/\/\/yH5BAEKAAEALAAAAAABAAEAAAICTAEAOw==\" \/><\/a><\/div><\/div><div id=\"envira-gallery-item-136928\" class=\"envira-gallery-item enviratope-item envira-gallery-item-5 envira-lazy-load\" style=\"padding-left: 5px; padding-bottom: 10px; padding-right: 5px;\"  itemscope itemtype=\"https:\/\/schema.org\/ImageObject\"><div class=\"envira-gallery-item-inner\"><div class=\"envira-gallery-position-overlay  envira-gallery-top-left\"><\/div><div class=\"envira-gallery-position-overlay  envira-gallery-top-right\"><\/div><div class=\"envira-gallery-position-overlay  envira-gallery-bottom-left\"><\/div><div class=\"envira-gallery-position-overlay  envira-gallery-bottom-right\"><\/div><a href=\"https:\/\/www.yoleoescaparate.com\/wp-content\/uploads\/502803-4-scaled.jpg\" class=\"envira-gallery-136924 envira-gallery-link\" rel=\"enviragallery136924\" title=\"Capell&aacute;n visita el Centro Nacional de Tecnolog&iacute;as del Envase\" data-envira-caption=\"Capell&aacute;n visita el Centro Nacional de Tecnolog&iacute;as del Envase\" data-envira-retina=\"\" data-thumbnail=\"\"  itemprop=\"contentUrl\"><img decoding=\"async\" id=\"envira-gallery-image-136928\" class=\"envira-gallery-image envira-gallery-image-5 envira-normal envira-lazy\" data-envira-index=\"5\" src=\"https:\/\/www.yoleoescaparate.com\/wp-content\/uploads\/502803-4-1024x769-640x480.jpg\" data-envira-src=\"https:\/\/www.yoleoescaparate.com\/wp-content\/uploads\/502803-4-1024x769-640x480.jpg\" data-envira-gallery-id=\"136924\" data-envira-item-id=\"136928\" data-envira-caption=\"Capell&aacute;n visita el Centro Nacional de Tecnolog&iacute;as del Envase\" alt=\"\" title=\"Capell\u00e1n visita el Centro Nacional de Tecnolog\u00edas del Envase\"  itemprop=\"thumbnailUrl\" data-envira-srcset=\"https:\/\/www.yoleoescaparate.com\/wp-content\/uploads\/502803-4-1024x769-640x480.jpg 400w,https:\/\/www.yoleoescaparate.com\/wp-content\/uploads\/502803-4-1024x769-640x480.jpg 2x\" data-envira-width=\"300\" data-envira-height=\"225\" srcset=\"data:image\/gif;base64,R0lGODlhAQABAIAAAP\/\/\/\/\/\/\/yH5BAEKAAEALAAAAAABAAEAAAICTAEAOw==\" data-safe-src=\"data:image\/gif;base64,R0lGODlhAQABAIAAAP\/\/\/\/\/\/\/yH5BAEKAAEALAAAAAABAAEAAAICTAEAOw==\" \/><\/a><\/div><\/div><div id=\"envira-gallery-item-136927\" class=\"envira-gallery-item enviratope-item envira-gallery-item-6 envira-lazy-load\" style=\"padding-left: 5px; padding-bottom: 10px; padding-right: 5px;\"  itemscope itemtype=\"https:\/\/schema.org\/ImageObject\"><div class=\"envira-gallery-item-inner\"><div class=\"envira-gallery-position-overlay  envira-gallery-top-left\"><\/div><div class=\"envira-gallery-position-overlay  envira-gallery-top-right\"><\/div><div class=\"envira-gallery-position-overlay  envira-gallery-bottom-left\"><\/div><div class=\"envira-gallery-position-overlay  envira-gallery-bottom-right\"><\/div><a href=\"https:\/\/www.yoleoescaparate.com\/wp-content\/uploads\/502803-3-scaled.jpg\" class=\"envira-gallery-136924 envira-gallery-link\" rel=\"enviragallery136924\" title=\"Capell&aacute;n visita el Centro Nacional de Tecnolog&iacute;as del Envase\" data-envira-caption=\"Capell&aacute;n visita el Centro Nacional de Tecnolog&iacute;as del Envase\" data-envira-retina=\"\" data-thumbnail=\"\"  itemprop=\"contentUrl\"><img decoding=\"async\" id=\"envira-gallery-image-136927\" class=\"envira-gallery-image envira-gallery-image-6 envira-normal envira-lazy\" data-envira-index=\"6\" src=\"https:\/\/www.yoleoescaparate.com\/wp-content\/uploads\/502803-3-1024x769-640x480.jpg\" data-envira-src=\"https:\/\/www.yoleoescaparate.com\/wp-content\/uploads\/502803-3-1024x769-640x480.jpg\" data-envira-gallery-id=\"136924\" data-envira-item-id=\"136927\" data-envira-caption=\"Capell&aacute;n visita el Centro Nacional de Tecnolog&iacute;as del Envase\" alt=\"\" title=\"Capell\u00e1n visita el Centro Nacional de Tecnolog\u00edas del Envase\"  itemprop=\"thumbnailUrl\" data-envira-srcset=\"https:\/\/www.yoleoescaparate.com\/wp-content\/uploads\/502803-3-1024x769-640x480.jpg 400w,https:\/\/www.yoleoescaparate.com\/wp-content\/uploads\/502803-3-1024x769-640x480.jpg 2x\" data-envira-width=\"300\" data-envira-height=\"225\" srcset=\"data:image\/gif;base64,R0lGODlhAQABAIAAAP\/\/\/\/\/\/\/yH5BAEKAAEALAAAAAABAAEAAAICTAEAOw==\" data-safe-src=\"data:image\/gif;base64,R0lGODlhAQABAIAAAP\/\/\/\/\/\/\/yH5BAEKAAEALAAAAAABAAEAAAICTAEAOw==\" \/><\/a><\/div><\/div><div id=\"envira-gallery-item-136926\" class=\"envira-gallery-item enviratope-item envira-gallery-item-7 envira-lazy-load\" style=\"padding-left: 5px; padding-bottom: 10px; padding-right: 5px;\"  itemscope itemtype=\"https:\/\/schema.org\/ImageObject\"><div class=\"envira-gallery-item-inner\"><div class=\"envira-gallery-position-overlay  envira-gallery-top-left\"><\/div><div class=\"envira-gallery-position-overlay  envira-gallery-top-right\"><\/div><div class=\"envira-gallery-position-overlay  envira-gallery-bottom-left\"><\/div><div class=\"envira-gallery-position-overlay  envira-gallery-bottom-right\"><\/div><a href=\"https:\/\/www.yoleoescaparate.com\/wp-content\/uploads\/502803-2-scaled.jpg\" class=\"envira-gallery-136924 envira-gallery-link\" rel=\"enviragallery136924\" title=\"Capell&aacute;n visita el Centro Nacional de Tecnolog&iacute;as del Envase\" data-envira-caption=\"Capell&aacute;n visita el Centro Nacional de Tecnolog&iacute;as del Envase\" data-envira-retina=\"\" data-thumbnail=\"\"  itemprop=\"contentUrl\"><img decoding=\"async\" id=\"envira-gallery-image-136926\" class=\"envira-gallery-image envira-gallery-image-7 envira-normal envira-lazy\" data-envira-index=\"7\" src=\"https:\/\/www.yoleoescaparate.com\/wp-content\/uploads\/502803-2-1024x769-640x480.jpg\" data-envira-src=\"https:\/\/www.yoleoescaparate.com\/wp-content\/uploads\/502803-2-1024x769-640x480.jpg\" data-envira-gallery-id=\"136924\" data-envira-item-id=\"136926\" data-envira-caption=\"Capell&aacute;n visita el Centro Nacional de Tecnolog&iacute;as del Envase\" alt=\"\" title=\"Capell\u00e1n visita el Centro Nacional de Tecnolog\u00edas del Envase\"  itemprop=\"thumbnailUrl\" data-envira-srcset=\"https:\/\/www.yoleoescaparate.com\/wp-content\/uploads\/502803-2-1024x769-640x480.jpg 400w,https:\/\/www.yoleoescaparate.com\/wp-content\/uploads\/502803-2-1024x769-640x480.jpg 2x\" data-envira-width=\"300\" data-envira-height=\"225\" srcset=\"data:image\/gif;base64,R0lGODlhAQABAIAAAP\/\/\/\/\/\/\/yH5BAEKAAEALAAAAAABAAEAAAICTAEAOw==\" data-safe-src=\"data:image\/gif;base64,R0lGODlhAQABAIAAAP\/\/\/\/\/\/\/yH5BAEKAAEALAAAAAABAAEAAAICTAEAOw==\" \/><\/a><\/div><\/div><div id=\"envira-gallery-item-136925\" class=\"envira-gallery-item enviratope-item envira-gallery-item-8 envira-lazy-load\" style=\"padding-left: 5px; padding-bottom: 10px; padding-right: 5px;\"  itemscope itemtype=\"https:\/\/schema.org\/ImageObject\"><div class=\"envira-gallery-item-inner\"><div class=\"envira-gallery-position-overlay  envira-gallery-top-left\"><\/div><div class=\"envira-gallery-position-overlay  envira-gallery-top-right\"><\/div><div class=\"envira-gallery-position-overlay  envira-gallery-bottom-left\"><\/div><div class=\"envira-gallery-position-overlay  envira-gallery-bottom-right\"><\/div><a href=\"https:\/\/www.yoleoescaparate.com\/wp-content\/uploads\/502803-1-scaled.jpg\" class=\"envira-gallery-136924 envira-gallery-link\" rel=\"enviragallery136924\" title=\"Capell&aacute;n visita el Centro Nacional de Tecnolog&iacute;as del Envase\" data-envira-caption=\"Capell&aacute;n visita el Centro Nacional de Tecnolog&iacute;as del Envase\" data-envira-retina=\"\" data-thumbnail=\"\"  itemprop=\"contentUrl\"><img decoding=\"async\" id=\"envira-gallery-image-136925\" class=\"envira-gallery-image envira-gallery-image-8 envira-normal envira-lazy\" data-envira-index=\"8\" src=\"https:\/\/www.yoleoescaparate.com\/wp-content\/uploads\/502803-1-1024x769-640x480.jpg\" data-envira-src=\"https:\/\/www.yoleoescaparate.com\/wp-content\/uploads\/502803-1-1024x769-640x480.jpg\" data-envira-gallery-id=\"136924\" data-envira-item-id=\"136925\" data-envira-caption=\"Capell&aacute;n visita el Centro Nacional de Tecnolog&iacute;as del Envase\" alt=\"\" title=\"Capell\u00e1n visita el Centro Nacional de Tecnolog\u00edas del Envase\"  itemprop=\"thumbnailUrl\" data-envira-srcset=\"https:\/\/www.yoleoescaparate.com\/wp-content\/uploads\/502803-1-1024x769-640x480.jpg 400w,https:\/\/www.yoleoescaparate.com\/wp-content\/uploads\/502803-1-1024x769-640x480.jpg 2x\" data-envira-width=\"300\" data-envira-height=\"225\" srcset=\"data:image\/gif;base64,R0lGODlhAQABAIAAAP\/\/\/\/\/\/\/yH5BAEKAAEALAAAAAABAAEAAAICTAEAOw==\" data-safe-src=\"data:image\/gif;base64,R0lGODlhAQABAIAAAP\/\/\/\/\/\/\/yH5BAEKAAEALAAAAAABAAEAAAICTAEAOw==\" \/><\/a><\/div><\/div><\/div><\/div><noscript><img decoding=\"async\" src=\"https:\/\/www.yoleoescaparate.com\/wp-content\/uploads\/502803-scaled.jpg\" alt=\"\" \/><img decoding=\"async\" src=\"https:\/\/www.yoleoescaparate.com\/wp-content\/uploads\/502803-7-scaled.jpg\" alt=\"\" \/><img decoding=\"async\" src=\"https:\/\/www.yoleoescaparate.com\/wp-content\/uploads\/502803-6-scaled.jpg\" alt=\"\" \/><img decoding=\"async\" src=\"https:\/\/www.yoleoescaparate.com\/wp-content\/uploads\/502803-5-scaled.jpg\" alt=\"\" \/><img decoding=\"async\" src=\"https:\/\/www.yoleoescaparate.com\/wp-content\/uploads\/502803-4-scaled.jpg\" alt=\"\" \/><img decoding=\"async\" src=\"https:\/\/www.yoleoescaparate.com\/wp-content\/uploads\/502803-3-scaled.jpg\" alt=\"\" \/><img decoding=\"async\" src=\"https:\/\/www.yoleoescaparate.com\/wp-content\/uploads\/502803-2-scaled.jpg\" alt=\"\" \/><img decoding=\"async\" src=\"https:\/\/www.yoleoescaparate.com\/wp-content\/uploads\/502803-1-scaled.jpg\" alt=\"\" \/><\/noscript><\/code><\/p>\n\n\n\n<p>El proyecto se consolida y avanza ratificando la apuesta decidida del Gobierno de La Rioja por Calahorra y por un sector determinante de nuestra econom\u00eda y del sector industrial de esta regi\u00f3n<\/p>\n\n\n\n<p>El presidente de La Rioja, Gonzalo Capell\u00e1n, ha anunciado hoy, d\u00eda 21, durante una visita a las actuales instalaciones del Centro Nacional de Tecnolog\u00edas del Envase (CENTIDE), que \u201cla licitaci\u00f3n para la construcci\u00f3n del nuevo edificio que albergar\u00e1 este centro tendr\u00e1 lugar a finales de este mismo mes de octubre, con un plazo de ejecuci\u00f3n para las obras de 18 meses y la inversi\u00f3n que va a desarrollar la Fundaci\u00f3n de la Transformaci\u00f3n para la construcci\u00f3n del mismo alcanza los 10,9 millones de euros\u201d.<\/p>\n\n\n\n<p>\u201cSe trata de una apuesta decidida del Gobierno de La Rioja por Calahorra y por un sector determinante de nuestra econom\u00eda y del sector industrial de esta Comunidad y en Espa\u00f1a. Sobre todo, supone la concreci\u00f3n, la materializaci\u00f3n y el avance de un proyecto que es una realidad, que ya est\u00e1 funcionando y que pronto, adem\u00e1s, ser\u00e1 una realidad con una sede definitiva ubicada en el pol\u00edgono de El Recuenco que tambi\u00e9n va a ayudar al desarrollo industrial de Calahorra y de toda la zona y del sector en La Rioja\u201d, ha subrayado.<\/p>\n\n\n\n<p>Desde finales de 2023, el CENTIDE est\u00e1 desarrollado su actividad en una nave alquilada del pol\u00edgono Tejer\u00edas Norte, de 485 metros cuadrados, en Calahorra, aunque est\u00e1 previsto alquilar una segunda nave en Tejer\u00edas Sur durante el mes de noviembre. All\u00ed, continuar\u00e1 hasta la construcci\u00f3n del nuevo centro, que se ubicar\u00e1 en la misma localidad, pero en el pol\u00edgono El Recuenco, donde la Fundaci\u00f3n para la Transformaci\u00f3n de La Rioja ya tiene adquiridas tres parcelas, con una superficie total de 12.152 metros cuadrados.<\/p>\n\n\n\n<p>El CENTIDE est\u00e1 operando con normalidad desde junio de 2024 y sus instalaciones incluyen dos laboratorios, un taller de fabricaci\u00f3n de envases y una planta con maquinaria industrial, que alberga una planta piloto de selecci\u00f3n de envases, \u00fanica en Espa\u00f1a. La plantilla actual est\u00e1 compuesta por 7 profesionales, aunque en noviembre se incorporar\u00e1n dos t\u00e9cnicos de laboratorio para aumentar el equipo de profesionales adscritos al centro hasta los 9, \u201cen un \u00e1mbito muy especializado y muy t\u00e9cnico relacionado con la investigaci\u00f3n y con la I+, D+, I\u201d.<\/p>\n\n\n\n<p>El CENTIDE ser\u00e1 un espacio de vanguardia para la investigaci\u00f3n, la transferencia de tecnolog\u00eda y el desarrollo de soluciones innovadoras que minimicen el impacto ambiental. No en vano, durante la visita se ha apuntado que ya ha desarrollado m\u00e1s de 25 servicios y estudios para empresas destacadas del sector, como Ecoembes, Michel\u00edn, Jos\u00e9 Combal\u00eda, Iberembal-Massilly, Sena, Onyriq o Toybe. Del mismo modo, participa en varios proyectos de I+D, tanto de financiaci\u00f3n regional como europea, y colabora con entidades, como la Universidad de La Rioja. De hecho, el CENTIDE trabaja en la formaci\u00f3n de estudiantes y en la generaci\u00f3n cient\u00edfica, fruto de la cual est\u00e1 desarrollando su primera tesis doctoral, que ya ha aportado resultados en forma de publicaciones cient\u00edficas y comunicaciones a congresos.<\/p>\n\n\n\n<p>A su vez, en colaboraci\u00f3n con Ecoembes, el centro ha puesto a disposici\u00f3n de las empresas del sector el Observatorio del Envase de Futuro, una plataforma <em>online <\/em>donde las empresas pueden conocer todas las novedades y tendencias en materia de envases sostenibles e innovadores, actividad que complementa con talleres mensuales en los que han participado ya m\u00e1s de 1.200 profesionales (desde enero de 2024).<\/p>\n\n\n\n<p>\u201cUn equipo humano y unas instalaciones que han conseguido en este a\u00f1o de funcionamiento, entre proyectos externos de empresas y proyectos propios, m\u00e1s de 600.000 euros de captaci\u00f3n de fondos para desarrollar todo este tipo de ensayos e investigaciones\u201d, ha destacado.<\/p>\n\n\n\n<p><strong>Superficie construida de 6.131 metros cuadrados<\/strong><\/p>\n\n\n\n<p>El nuevo edificio contar\u00e1 con una superficie construida de 6.131 metros cuadrados, distribuidos de la siguiente forma: planta baja, con 2 laboratorios, uno qu\u00edmico y otro de ensayos, con salas espec\u00edficas para cromatograf\u00eda y microscop\u00eda; una planta de industrializaci\u00f3n y prototipado de m\u00e1s de 1.500 m2; almacenes; salas de instalaciones; aseos y vestuarios; y planta primera, con zonas de trabajo con oficinas y despachos, salas de reuniones, aulas de formaci\u00f3n, auditorio con capacidad para m\u00e1s de 100 personas y zona de restauraci\u00f3n.<\/p>\n\n\n\n<p>El presupuesto actualizado para la construcci\u00f3n del edificio asciende a 10.986.585,630 euros y la licitaci\u00f3n est\u00e1 prevista para finales de este mismo mes de octubre, con un plazo de ejecuci\u00f3n para las obras de 18 meses.<\/p>\n\n\n\n<p>En nuestro pa\u00eds, seg\u00fan el \u00faltimo informe de HISPACK de 2024, el sector del packaging factura m\u00e1s de 40.000 millones de euros en nuestro pa\u00eds. Es uno de los sectores industriales m\u00e1s potentes y que muestra un crecimiento anual m\u00e1s acelerado y, por lo tanto, con m\u00e1s futuro. El sector del packaging ha crecido a un ritmo de m\u00e1s del 20% de incremento anual en los \u00faltimos tres a\u00f1os. En La Rioja, la facturaci\u00f3n super\u00f3 los 900 millones de euros y participaron 90 empresas y 3.300 personas empleadas. Nuestra regi\u00f3n, a pesar de su volumen, es la d\u00e9cima Comunidad Aut\u00f3noma en facturaci\u00f3n y en algunos subsectores muy importantes, como el del envase en madera o el envase en metal, ocupa una de las cinco posiciones punteras del pa\u00eds.<\/p>\n","protected":false},"excerpt":{"rendered":"","protected":false},"author":1,"featured_media":136922,"comment_status":"open","ping_status":"open","sticky":false,"template":"","format":"standard","meta":{"colormag_page_container_layout":"default_layout","colormag_page_sidebar_layout":"default_layout","om_disable_all_campaigns":false,"_monsterinsights_skip_tracking":false,"_monsterinsights_sitenote_active":false,"_monsterinsights_sitenote_note":"","_monsterinsights_sitenote_category":0,"footnotes":""},"categories":[4,205],"tags":[16],"class_list":["post-136921","post","type-post","status-publish","format-standard","has-post-thumbnail","hentry","category-calahorra","category-imagenes","tag-calahorra"],"aioseo_notices":[],"_links":{"self":[{"href":"https:\/\/www.yoleoescaparate.com\/index.php?rest_route=\/wp\/v2\/posts\/136921","targetHints":{"allow":["GET"]}}],"collection":[{"href":"https:\/\/www.yoleoescaparate.com\/index.php?rest_route=\/wp\/v2\/posts"}],"about":[{"href":"https:\/\/www.yoleoescaparate.com\/index.php?rest_route=\/wp\/v2\/types\/post"}],"author":[{"embeddable":true,"href":"https:\/\/www.yoleoescaparate.com\/index.php?rest_route=\/wp\/v2\/users\/1"}],"replies":[{"embeddable":true,"href":"https:\/\/www.yoleoescaparate.com\/index.php?rest_route=%2Fwp%2Fv2%2Fcomments&post=136921"}],"version-history":[{"count":2,"href":"https:\/\/www.yoleoescaparate.com\/index.php?rest_route=\/wp\/v2\/posts\/136921\/revisions"}],"predecessor-version":[{"id":136933,"href":"https:\/\/www.yoleoescaparate.com\/index.php?rest_route=\/wp\/v2\/posts\/136921\/revisions\/136933"}],"wp:featuredmedia":[{"embeddable":true,"href":"https:\/\/www.yoleoescaparate.com\/index.php?rest_route=\/wp\/v2\/media\/136922"}],"wp:attachment":[{"href":"https:\/\/www.yoleoescaparate.com\/index.php?rest_route=%2Fwp%2Fv2%2Fmedia&parent=136921"}],"wp:term":[{"taxonomy":"category","embeddable":true,"href":"https:\/\/www.yoleoescaparate.com\/index.php?rest_route=%2Fwp%2Fv2%2Fcategories&post=136921"},{"taxonomy":"post_tag","embeddable":true,"href":"https:\/\/www.yoleoescaparate.com\/index.php?rest_route=%2Fwp%2Fv2%2Ftags&post=136921"}],"curies":[{"name":"wp","href":"https:\/\/api.w.org\/{rel}","templated":true}]}}