{"id":137701,"date":"2025-11-14T13:08:12","date_gmt":"2025-11-14T12:08:12","guid":{"rendered":"https:\/\/www.yoleoescaparate.com\/?p=137701"},"modified":"2025-11-14T12:53:25","modified_gmt":"2025-11-14T11:53:25","slug":"agenda-para-el-fin-de-semana-5","status":"publish","type":"post","link":"https:\/\/www.yoleoescaparate.com\/?p=137701","title":{"rendered":"Agenda para el fin de semana"},"content":{"rendered":"\n<!--more-->\n\n\n\n<figure class=\"wp-block-image size-large\"><img loading=\"lazy\" decoding=\"async\" width=\"1024\" height=\"314\" src=\"https:\/\/www.yoleoescaparate.com\/wp-content\/uploads\/2022\/03\/listanoticiasCH-1024x314.jpg\" alt=\"\" class=\"wp-image-84817\" srcset=\"https:\/\/www.yoleoescaparate.com\/wp-content\/uploads\/2022\/03\/listanoticiasCH-1024x314.jpg 1024w, https:\/\/www.yoleoescaparate.com\/wp-content\/uploads\/2022\/03\/listanoticiasCH-300x92.jpg 300w, https:\/\/www.yoleoescaparate.com\/wp-content\/uploads\/2022\/03\/listanoticiasCH-768x236.jpg 768w, https:\/\/www.yoleoescaparate.com\/wp-content\/uploads\/2022\/03\/listanoticiasCH.jpg 1200w\" sizes=\"auto, (max-width: 1024px) 100vw, 1024px\" \/><\/figure>\n\n\n\n<p><strong><u>Viernes&nbsp;14&nbsp;de&nbsp;noviembre<\/u><\/strong>&nbsp;<\/p>\n\n\n\n<p><strong>Charla audiovisual: \u2018Las pe\u00f1as futbol\u00edsticas en Calahorra\u2019<\/strong>.&nbsp;<\/p>\n\n\n\n<p><strong>Moderador<\/strong>:Jos\u00e9 Ib\u00e1\u00f1ez S\u00e1enz.&nbsp;&nbsp;<\/p>\n\n\n\n<p><strong>Lugar<\/strong>:&nbsp;Centro&nbsp;Joven&nbsp;Municipal.&nbsp;&nbsp;&nbsp;<\/p>\n\n\n\n<p><strong>Hora<\/strong>:&nbsp;<strong>19:30<\/strong>.&nbsp;<\/p>\n\n\n\n<p>Organiza:&nbsp;Club cultura y de coleccionismo \u2018El Lazarillo\u2019&nbsp;con la colaboraci\u00f3n del Ayuntamiento de Calahorra.&nbsp;<\/p>\n\n\n\n<p><strong>Noche de mon\u00f3logos<\/strong>.&nbsp;<\/p>\n\n\n\n<p><strong>Lugar<\/strong>:&nbsp;Centro&nbsp;Fundaci\u00f3n Caja Rioja.&nbsp;&nbsp;<\/p>\n\n\n\n<p><strong>Hora<\/strong>:&nbsp;<strong>19:30<\/strong>.&nbsp;<\/p>\n\n\n\n<p>Organiza:&nbsp;Fundaci\u00f3n Caja Rioja y \u2018La Rural\u2019&nbsp;con la colaboraci\u00f3n del&nbsp;Ayuntamiento de Calahorra dentro de los actos de celebraci\u00f3n del centenario del teatro Ideal.&nbsp;<\/p>\n\n\n\n<p><strong>Presentaci\u00f3n del libro: \u2018Construyendo Calahorra\u2019<\/strong>.&nbsp;<\/p>\n\n\n\n<p><strong>Lugar<\/strong>:&nbsp;sala&nbsp;cultural \u2018Ermita de La Concepci\u00f3n\u2019.&nbsp;&nbsp;<\/p>\n\n\n\n<p><strong>Hora<\/strong>:<strong>&nbsp;20:00<\/strong>.&nbsp;&nbsp;<\/p>\n\n\n\n<p>Organiza: Amigos de la&nbsp;Historia de Calahorra.&nbsp;&nbsp;<\/p>\n\n\n\n<p><strong>Concierto: Noche entre amigos<\/strong>.&nbsp;<\/p>\n\n\n\n<p><strong>Lugar<\/strong>:&nbsp;teatro Ideal.&nbsp;<\/p>\n\n\n\n<p><strong>Hora<\/strong>:<strong>&nbsp;20:30<\/strong>.&nbsp;<\/p>\n\n\n\n<p>Organiza:&nbsp;Asociaci\u00f3n Musical Santa Cecilia con la colaboraci\u00f3n de Ayuntamiento&nbsp;de Calahorra.&nbsp;&nbsp;<\/p>\n\n\n\n<p><strong><u>S\u00e1bado&nbsp;15&nbsp;de&nbsp;<\/u><\/strong><strong><u>noviembre<\/u><\/strong>&nbsp;<\/p>\n\n\n\n<p><strong>Visita guiada a la Catedral de Santa Mar\u00eda<\/strong>.&nbsp;<\/p>\n\n\n\n<p>Incluye el Museo Diocesano y la Sacrist\u00eda.&nbsp;<\/p>\n\n\n\n<p><strong>Punto de encuentro<\/strong>:&nbsp;puerta del claustro.&nbsp;&nbsp;<\/p>\n\n\n\n<p><strong>Hora<\/strong>:&nbsp;<strong>12:00<\/strong>.&nbsp;<\/p>\n\n\n\n<p><strong>Visita teatralizada por la zona antigua de la ciudad<\/strong>.&nbsp;<\/p>\n\n\n\n<p><strong>Punto de encuentro<\/strong>:&nbsp;oficina municipal de Turismo.&nbsp;<\/p>\n\n\n\n<p><strong>Hora<\/strong>:&nbsp;<strong>18:00<\/strong>.&nbsp;<\/p>\n\n\n\n<p>Inscripci\u00f3n previa en la Oficina de Turismo&nbsp;municipal.&nbsp;<\/p>\n\n\n\n<p><strong>Noche de Mon\u00f3logos con Marta Verano y Alfonso<\/strong><strong><\/strong><\/p>\n\n\n\n<p><strong>Lugar<\/strong>:&nbsp;Centro Fundaci\u00f3n Caja Rioja de Calahorra.&nbsp;&nbsp;<\/p>\n\n\n\n<p><strong>Hora<\/strong>:&nbsp;<strong>19:30<\/strong>.&nbsp;<\/p>\n\n\n\n<p><strong>Concierto:&nbsp;Marc\u00fa<\/strong>.&nbsp;<\/p>\n\n\n\n<p><strong>Lugar<\/strong>:&nbsp;teatro Ideal.&nbsp;&nbsp;<\/p>\n\n\n\n<p><strong>Hora<\/strong>:&nbsp;<strong>20:30<\/strong>.&nbsp;<\/p>\n\n\n\n<p>Organiza:&nbsp;Asociaci\u00f3n Musical Santa Cecilia&nbsp;con la colaboraci\u00f3n del Ayuntamiento de Calahorra.<strong>&nbsp;<\/strong>&nbsp;<\/p>\n\n\n\n<p><strong><u>Domingo&nbsp;16&nbsp;de&nbsp;noviembre<\/u><\/strong>&nbsp;<\/p>\n\n\n\n<p><strong>Caminata por el Cidacos<\/strong>.&nbsp;<\/p>\n\n\n\n<p><strong>Salida<\/strong>:&nbsp;paseo de las Bolas.&nbsp;&nbsp;<\/p>\n\n\n\n<p><strong>Hora<\/strong>:&nbsp;<strong>11:00<\/strong>.&nbsp;&nbsp;<\/p>\n\n\n\n<p>Actividad del proyecto \u2018Revive Cidacos\u2019 que cuenta con el apoyo de la Fundaci\u00f3n Biodiversidad del Ministerio para la Transici\u00f3n Ecol\u00f3gica y el Reto Demogr\u00e1fico (MITECO) en el marco del Plan de Recuperaci\u00f3n, Transformaci\u00f3n y Resiliencia (PRTR) financiado por la Uni\u00f3n Europea -NextGenerationEU<\/p>\n\n\n\n<p><strong>Centenario del teatro Ideal: visita guiada&nbsp;por Jos\u00e9 Ib\u00e1\u00f1ez<\/strong>.<\/p>\n\n\n\n<p><strong>Lugar<\/strong>:&nbsp;teatro Ideal.&nbsp;&nbsp;<\/p>\n\n\n\n<p><strong>Hora<\/strong>:<strong>&nbsp;17:30<\/strong>.&nbsp;<\/p>\n\n\n\n<p>Inscripci\u00f3n previa&nbsp;gratuita&nbsp;llamando&nbsp;941105058 o en&nbsp;el teatro.&nbsp;<\/p>\n\n\n\n<p><strong>Centenario del teatro Ideal: tertulia \u2018El teatro en Espa\u00f1a hoy, fortalezas y debilidades\u2019<\/strong>.&nbsp;<\/p>\n\n\n\n<p><strong>Moderador<\/strong>:Jos\u00e9 Ib\u00e1\u00f1ez.&nbsp;&nbsp;<\/p>\n\n\n\n<p>Participantes:&nbsp;<strong>Arturo Querejeta<\/strong>,&nbsp;<strong>V\u00edctor Manuel Dom\u00ednguez<\/strong>,&nbsp;<strong>Nacho Guerreros<\/strong>,&nbsp;<strong>Mar\u00eda Jos\u00e9 Garrido<\/strong>,&nbsp;<strong>Alberto Closas<\/strong>,&nbsp;<strong>Javier Guti\u00e9rrez<\/strong>&nbsp;(grupo de teatro&nbsp;\u2018Tagaste\u2019) y&nbsp;<strong>Laura Reyes<\/strong>&nbsp;(grupo&nbsp;de teatro \u2018La Canilla\u2019).&nbsp;<strong><\/strong><\/p>\n\n\n\n<p><strong>Lugar<\/strong>:&nbsp;teatro Ideal.&nbsp;&nbsp;&nbsp;<\/p>\n\n\n\n<p><strong>Hora<\/strong>:&nbsp;<strong>19:00<\/strong>.&nbsp;<\/p>\n\n\n\n<p><strong><u>EXPOSICIONES<\/u><\/strong>&nbsp;<\/p>\n\n\n\n<p><strong>Exposici\u00f3n \u2018V Concurso fotogr\u00e1fico de&nbsp;Turismo de naturaleza de Calahorra\u2019<\/strong>.&nbsp;<\/p>\n\n\n\n<p><strong>Lugar<\/strong>:&nbsp;Casa de los Curas.&nbsp;&nbsp;<\/p>\n\n\n\n<p><strong>Horario<\/strong>: de lunes a viernes de&nbsp;8:30 a 14:30 horas, los jueves, viernes y s\u00e1bado de 18:00 a 20:00 horas y los domingos y festivos de 12:00 a 14:00 horas.&nbsp;&nbsp;<\/p>\n\n\n\n<p><strong>Exposici\u00f3n fotogr\u00e1fica \u2018Construyendo Calahorra\u2019<\/strong>.&nbsp;&nbsp;<\/p>\n\n\n\n<p><strong>Lugar:&nbsp;<\/strong>paseo del Mercadal.&nbsp;&nbsp;<\/p>\n\n\n\n<p>Organiza: Amigos de la Historia de Calahorra&nbsp;con la colaboraci\u00f3n del Ayuntamiento de Calahorra.&nbsp;<\/p>\n\n\n\n<p><strong>Exposici\u00f3n \u2018Homenaje a las pe\u00f1as deportivas\u2019<\/strong>.&nbsp;<\/p>\n\n\n\n<p><strong>Lugar<\/strong>:&nbsp;Centro cultural Fernando&nbsp;Herce.&nbsp;&nbsp;<\/p>\n\n\n\n<p><strong>Horario<\/strong>:&nbsp;s\u00e1bado de 11:00 a&nbsp;13:30 horas y&nbsp;de 17:30 a&nbsp;20:30 horas&nbsp;y&nbsp;domingo&nbsp;de 10:30 a 13:30 horas.&nbsp;&nbsp;<\/p>\n\n\n\n<p>Organiza:&nbsp;Club cultural&nbsp;y de coleccionismo \u2018El Lazarillo\u2019&nbsp;con la colaboraci\u00f3n del Ayuntamiento de Calahorra&nbsp;y&nbsp;Asfinca.&nbsp;<\/p>\n","protected":false},"excerpt":{"rendered":"","protected":false},"author":1,"featured_media":134369,"comment_status":"open","ping_status":"open","sticky":false,"template":"","format":"standard","meta":{"colormag_page_container_layout":"default_layout","colormag_page_sidebar_layout":"default_layout","om_disable_all_campaigns":false,"_monsterinsights_skip_tracking":false,"_monsterinsights_sitenote_active":false,"_monsterinsights_sitenote_note":"","_monsterinsights_sitenote_category":0,"footnotes":""},"categories":[4,212],"tags":[],"class_list":["post-137701","post","type-post","status-publish","format-standard","has-post-thumbnail","hentry","category-calahorra","category-planes"],"aioseo_notices":[],"_links":{"self":[{"href":"https:\/\/www.yoleoescaparate.com\/index.php?rest_route=\/wp\/v2\/posts\/137701","targetHints":{"allow":["GET"]}}],"collection":[{"href":"https:\/\/www.yoleoescaparate.com\/index.php?rest_route=\/wp\/v2\/posts"}],"about":[{"href":"https:\/\/www.yoleoescaparate.com\/index.php?rest_route=\/wp\/v2\/types\/post"}],"author":[{"embeddable":true,"href":"https:\/\/www.yoleoescaparate.com\/index.php?rest_route=\/wp\/v2\/users\/1"}],"replies":[{"embeddable":true,"href":"https:\/\/www.yoleoescaparate.com\/index.php?rest_route=%2Fwp%2Fv2%2Fcomments&post=137701"}],"version-history":[{"count":1,"href":"https:\/\/www.yoleoescaparate.com\/index.php?rest_route=\/wp\/v2\/posts\/137701\/revisions"}],"predecessor-version":[{"id":137702,"href":"https:\/\/www.yoleoescaparate.com\/index.php?rest_route=\/wp\/v2\/posts\/137701\/revisions\/137702"}],"wp:featuredmedia":[{"embeddable":true,"href":"https:\/\/www.yoleoescaparate.com\/index.php?rest_route=\/wp\/v2\/media\/134369"}],"wp:attachment":[{"href":"https:\/\/www.yoleoescaparate.com\/index.php?rest_route=%2Fwp%2Fv2%2Fmedia&parent=137701"}],"wp:term":[{"taxonomy":"category","embeddable":true,"href":"https:\/\/www.yoleoescaparate.com\/index.php?rest_route=%2Fwp%2Fv2%2Fcategories&post=137701"},{"taxonomy":"post_tag","embeddable":true,"href":"https:\/\/www.yoleoescaparate.com\/index.php?rest_route=%2Fwp%2Fv2%2Ftags&post=137701"}],"curies":[{"name":"wp","href":"https:\/\/api.w.org\/{rel}","templated":true}]}}