{"id":141508,"date":"2026-02-19T11:11:08","date_gmt":"2026-02-19T10:11:08","guid":{"rendered":"https:\/\/www.yoleoescaparate.com\/?p=141508"},"modified":"2026-02-19T11:11:12","modified_gmt":"2026-02-19T10:11:12","slug":"calahorra-conectara-con-benidorm-y-el-levante-en-autobus","status":"publish","type":"post","link":"https:\/\/www.yoleoescaparate.com\/?p=141508","title":{"rendered":"Calahorra conectar\u00e1 con Benidorm y el Levante en autob\u00fas"},"content":{"rendered":"\n<!--more-->\n\n\n\n<figure class=\"wp-block-image size-large\"><img loading=\"lazy\" decoding=\"async\" width=\"1024\" height=\"314\" src=\"https:\/\/www.yoleoescaparate.com\/wp-content\/uploads\/2022\/03\/listanoticiasCH-1024x314.jpg\" alt=\"\" class=\"wp-image-84817\" srcset=\"https:\/\/www.yoleoescaparate.com\/wp-content\/uploads\/2022\/03\/listanoticiasCH-1024x314.jpg 1024w, https:\/\/www.yoleoescaparate.com\/wp-content\/uploads\/2022\/03\/listanoticiasCH-300x92.jpg 300w, https:\/\/www.yoleoescaparate.com\/wp-content\/uploads\/2022\/03\/listanoticiasCH-768x236.jpg 768w, https:\/\/www.yoleoescaparate.com\/wp-content\/uploads\/2022\/03\/listanoticiasCH.jpg 1200w\" sizes=\"auto, (max-width: 1024px) 100vw, 1024px\" \/><\/figure>\n\n\n\n<p>Calahorra contar\u00e1 a partir del pr\u00f3ximo <strong>2 de marzo<\/strong> con una <strong>nueva l\u00ednea de autob\u00fas con destino a Benidorm<\/strong>, integrada en un servicio que partir\u00e1 desde Arnedo y finalizar\u00e1 en Alicante. La puesta en marcha del trayecto coincidir\u00e1 con las fiestas de la ciudad y supondr\u00e1 una <strong>mejora significativa de las conexiones<\/strong> para los vecinos de Calahorra y su entorno.<\/p>\n\n\n\n<p>La nueva l\u00ednea da respuesta a una <strong>reivindicaci\u00f3n hist\u00f3rica del CPA de Calahorra<\/strong>, que ven\u00eda reclamando un refuerzo del servicio ante la insuficiente cobertura que, seg\u00fan se\u00f1alan, ofrec\u00eda hasta ahora la l\u00ednea de Bilman Bus en la <strong>Rioja Baja<\/strong>.<\/p>\n\n\n\n<p>Seg\u00fan inform\u00f3 la <strong>empresa Jim\u00e9nez<\/strong> en Arnedo, el servicio funcionar\u00e1 <strong>de lunes a viernes laborables<\/strong>. El autob\u00fas saldr\u00e1 de Arnedo a las <strong>6:45 horas<\/strong>, realizar\u00e1 parada en Calahorra a las <strong>7:15<\/strong>, y continuar\u00e1 hacia Zaragoza a las <strong>10:00 horas<\/strong>. Tras un descanso de entre <strong>20 y 30 minutos<\/strong>, el recorrido proseguir\u00e1 hacia Valencia a las <strong>15:00<\/strong>, Gand\u00eda a las <strong>15:30<\/strong>, Benidorm a las <strong>16:30<\/strong> y Alicante a las <strong>17:00 horas<\/strong>.<\/p>\n\n\n\n<p>El viaje de regreso partir\u00e1 desde Alicante a las <strong>11:00 horas<\/strong>, con paso por Benidorm a las <strong>11:45<\/strong>, llegada a Gand\u00eda a las <strong>12:45<\/strong>, Valencia a las <strong>14:30<\/strong> y Zaragoza a las <strong>18:15 horas<\/strong>. Al igual que en la ida, tras un descanso de entre <strong>20 y 30 minutos<\/strong>, el autob\u00fas continuar\u00e1 hasta Calahorra, donde llegar\u00e1 a las <strong>20:00 horas<\/strong>, para finalizar el trayecto en Arnedo a las <strong>22:10 horas<\/strong>.<\/p>\n\n\n\n<p>Con esta nueva conexi\u00f3n, Calahorra ampl\u00eda su oferta de transporte interurbano y refuerza el enlace con destinos tur\u00edsticos y urbanos clave del arco mediterr\u00e1neo.<\/p>\n","protected":false},"excerpt":{"rendered":"","protected":false},"author":1,"featured_media":139317,"comment_status":"open","ping_status":"open","sticky":false,"template":"","format":"standard","meta":{"colormag_page_container_layout":"default_layout","colormag_page_sidebar_layout":"default_layout","om_disable_all_campaigns":false,"_monsterinsights_skip_tracking":false,"_monsterinsights_sitenote_active":false,"_monsterinsights_sitenote_note":"","_monsterinsights_sitenote_category":0,"footnotes":""},"categories":[4],"tags":[16],"class_list":["post-141508","post","type-post","status-publish","format-standard","has-post-thumbnail","hentry","category-calahorra","tag-calahorra"],"aioseo_notices":[],"_links":{"self":[{"href":"https:\/\/www.yoleoescaparate.com\/index.php?rest_route=\/wp\/v2\/posts\/141508","targetHints":{"allow":["GET"]}}],"collection":[{"href":"https:\/\/www.yoleoescaparate.com\/index.php?rest_route=\/wp\/v2\/posts"}],"about":[{"href":"https:\/\/www.yoleoescaparate.com\/index.php?rest_route=\/wp\/v2\/types\/post"}],"author":[{"embeddable":true,"href":"https:\/\/www.yoleoescaparate.com\/index.php?rest_route=\/wp\/v2\/users\/1"}],"replies":[{"embeddable":true,"href":"https:\/\/www.yoleoescaparate.com\/index.php?rest_route=%2Fwp%2Fv2%2Fcomments&post=141508"}],"version-history":[{"count":1,"href":"https:\/\/www.yoleoescaparate.com\/index.php?rest_route=\/wp\/v2\/posts\/141508\/revisions"}],"predecessor-version":[{"id":141509,"href":"https:\/\/www.yoleoescaparate.com\/index.php?rest_route=\/wp\/v2\/posts\/141508\/revisions\/141509"}],"wp:featuredmedia":[{"embeddable":true,"href":"https:\/\/www.yoleoescaparate.com\/index.php?rest_route=\/wp\/v2\/media\/139317"}],"wp:attachment":[{"href":"https:\/\/www.yoleoescaparate.com\/index.php?rest_route=%2Fwp%2Fv2%2Fmedia&parent=141508"}],"wp:term":[{"taxonomy":"category","embeddable":true,"href":"https:\/\/www.yoleoescaparate.com\/index.php?rest_route=%2Fwp%2Fv2%2Fcategories&post=141508"},{"taxonomy":"post_tag","embeddable":true,"href":"https:\/\/www.yoleoescaparate.com\/index.php?rest_route=%2Fwp%2Fv2%2Ftags&post=141508"}],"curies":[{"name":"wp","href":"https:\/\/api.w.org\/{rel}","templated":true}]}}