{"id":141792,"date":"2026-03-03T08:00:00","date_gmt":"2026-03-03T07:00:00","guid":{"rendered":"https:\/\/www.yoleoescaparate.com\/?p=141792"},"modified":"2026-02-27T13:04:10","modified_gmt":"2026-02-27T12:04:10","slug":"%f0%9f%a5%b3%f0%9f%94%bbpara-no-perderse-nada-programa-de-fiestas-de-marzo-de-calahorra-para-hoy-martes-3-de-marzo","status":"publish","type":"post","link":"https:\/\/www.yoleoescaparate.com\/?p=141792","title":{"rendered":"\ud83e\udd73\ud83d\udd3bPara no perderse nada\u2026 Programa de Fiestas de Marzo de Calahorra para hoy MARTES 3 de marzo"},"content":{"rendered":"\n<!--more-->\n\n\n\n<figure class=\"wp-block-image size-full\"><a href=\"https:\/\/wa.me\/+34667787977\"><img loading=\"lazy\" decoding=\"async\" width=\"728\" height=\"200\" src=\"https:\/\/www.yoleoescaparate.com\/wp-content\/uploads\/BannerWAEscaparate.gif\" alt=\"\" class=\"wp-image-141769\"\/><\/a><\/figure>\n\n\n\n<p><strong>Fiestas patronales en honor a San Emeterio y San Celedonio: programa del 28 de febrero al 3 de marzo<\/strong><\/p>\n\n\n\n<p>Para no perderse nada\u2026 Programa de Fiestas de Marzo de Calahorra para hoy <strong>martes 3 de marzo<\/strong>. Felices fiestas.<\/p>\n\n\n\n<p><strong><u>Martes 3 de marzo<\/u><\/strong><\/p>\n\n\n\n<p><strong>Dianas con la Asociaci\u00f3n Cultural Gaiteros de Calahorra<\/strong>.<\/p>\n\n\n\n<p><strong>Recorrido<\/strong>: Ayuntamiento, Numancia y Miguel de Cervantes.<\/p>\n\n\n\n<p><strong>Hora<\/strong>:<strong> 9:00<\/strong>.<strong><\/strong><\/p>\n\n\n\n<p><strong>Comparsa de Gigantes y cabezudos con los Gaiteros de La Rioja<\/strong>.<\/p>\n\n\n\n<p><strong>Recorrido<\/strong>: pabell\u00f3n Quintiliano y calles Basconia, Julio C\u00e9sar y General Gallarza hasta el Ayuntamiento para asistir a la procesi\u00f3n.<\/p>\n\n\n\n<p><strong>Hora<\/strong>:<strong> 10:00<\/strong>.<strong><\/strong><\/p>\n\n\n\n<p><strong>Dianas con La Pacharanga<\/strong>.<\/p>\n\n\n\n<p><strong>Lugar<\/strong>: Casco Antiguo<\/p>\n\n\n\n<p><strong>Hora<\/strong>:<strong> 10:15<\/strong>.<strong><\/strong><\/p>\n\n\n\n<p>Organiza: pe\u00f1a El Hambre. <strong><\/strong><\/p>\n\n\n\n<p><strong>Salida de la corporaci\u00f3n<\/strong>.<\/p>\n\n\n\n<p>Precedida por los Maceros, Banda Municipal de M\u00fasica, Gaiteros y Comparsa de Gigantes y Cabezudos para acudir a la iglesia de los Santos M\u00e1rtires.<\/p>\n\n\n\n<p><strong>Lugar<\/strong>: Ayuntamiento de Calahorra.<\/p>\n\n\n\n<p><strong>Hora<\/strong>:<strong> 10:45<\/strong>.<strong><\/strong><\/p>\n\n\n\n<p><strong>Procesi\u00f3n y Misa solemne<\/strong>.<\/p>\n\n\n\n<p>Al t\u00e9rmino de la procesi\u00f3n, misa solemne en la Catedral con la participaci\u00f3n del Orfe\u00f3n Calagurritano \u2018Pedro Guti\u00e9rrez\u2019.<\/p>\n\n\n\n<p><strong>Recorrido<\/strong>: parroquia de los Santos M\u00e1rtires, Bebricio, Ach\u00fategui de Blas, General Gallarza, Glorieta de Quintiliano, M\u00e1rtires, Grande, Raso, parroquia Santiago, Santiago, Cuatro Esquinas, Enramada, parroquia San Andr\u00e9s, San Andr\u00e9s, De\u00e1n Palacios, Rasillo San Francisco y Cuesta de la Catedral.<\/p>\n\n\n\n<p><strong>Hora<\/strong>:<strong> 11:00<\/strong>.<strong><\/strong><\/p>\n\n\n\n<p><strong>Degustaci\u00f3n de sopas de ajo<\/strong>.<\/p>\n\n\n\n<p><strong>Lugar<\/strong>: cuarto de la pe\u00f1a El Sol.<\/p>\n\n\n\n<p><strong>Hora<\/strong>:<strong> 12:00<\/strong>.<strong><\/strong><\/p>\n\n\n\n<p>Organiza: pe\u00f1a El Sol. <strong><\/strong><\/p>\n\n\n\n<p><strong>Apertura del cuarto de la pe\u00f1a Philips para degustar zurracapote<\/strong>.<\/p>\n\n\n\n<p><strong>Lugar<\/strong>: cuarto de la pe\u00f1a Philips.<\/p>\n\n\n\n<p><strong>Hora<\/strong>:<strong> 12:00<\/strong>.<strong><\/strong><\/p>\n\n\n\n<p>Organiza: pe\u00f1a Philips. <strong><\/strong><\/p>\n\n\n\n<p><strong>Apertura del cuarto de la pe\u00f1a Calagurritana con la degustaci\u00f3n de zurracapote<\/strong>.<\/p>\n\n\n\n<p><strong>Lugar<\/strong>: cuarto de la pe\u00f1a Calagurritana.<\/p>\n\n\n\n<p><strong>Hora<\/strong>:<strong> 12:30<\/strong>.<strong><\/strong><\/p>\n\n\n\n<p>Organiza: pe\u00f1a Calagurritana.<\/p>\n\n\n\n<p><strong>Vermut musical<\/strong>.<\/p>\n\n\n\n<p><strong>Lugar<\/strong>: bar La Montanera.<\/p>\n\n\n\n<p><strong>Hora<\/strong>:<strong> 12:35<\/strong>.<strong><\/strong><\/p>\n\n\n\n<p>Organiza: pe\u00f1a El Hambre.<\/p>\n\n\n\n<p><strong>Vermut musical<\/strong>.<\/p>\n\n\n\n<p><strong>Lugar<\/strong>: Gastrobar Capi (pe\u00f1a Calagurritana), La Comedia (pe\u00f1a Philips), Sabores y Swing (pe\u00f1a Riojana).<\/p>\n\n\n\n<p><strong>Hora<\/strong>:<strong> 13:00<\/strong>.<strong><\/strong><\/p>\n\n\n\n<p><strong>Vermut musical dj de Pega<\/strong>.<\/p>\n\n\n\n<p><strong>Lugar<\/strong>: Hotel Ciudad de Calahorra.<\/p>\n\n\n\n<p><strong>Hora<\/strong>:<strong> 13:00<\/strong>.<strong><\/strong><\/p>\n\n\n\n<p><strong>III Concurso de lanzamiento de Boinaza y chiquiboina<\/strong>.<\/p>\n\n\n\n<p><strong>Lugar<\/strong>: plaza Montecompatri.<\/p>\n\n\n\n<p><strong>Hora<\/strong>:<strong> 13:15<\/strong>.<strong><\/strong><\/p>\n\n\n\n<p>Organiza: pe\u00f1a Philips.<\/p>\n\n\n\n<p><strong>Vermut musical<\/strong>.<\/p>\n\n\n\n<p><strong>Lugar<\/strong>: bar Saxon.<\/p>\n\n\n\n<p><strong>Hora<\/strong>:<strong> 13:30<\/strong>.<strong><\/strong><\/p>\n\n\n\n<p>Organiza: pe\u00f1a El Sol.<\/p>\n\n\n\n<p><strong>Pinchopote musical con Ascape<\/strong>.<\/p>\n\n\n\n<p><strong>Lugar<\/strong>: bares Musa, Sabores y El Otro.<\/p>\n\n\n\n<p><strong>Hora<\/strong>:<strong> 13:30<\/strong>.<strong><\/strong><\/p>\n\n\n\n<p>Organiza: pe\u00f1a La Moza.<\/p>\n\n\n\n<p><strong>Degustaci\u00f3n sopresa<\/strong>.<\/p>\n\n\n\n<p><strong>Lugar<\/strong>: sede del Club Taurino.<\/p>\n\n\n\n<p><strong>Hora<\/strong>:<strong> 13:30<\/strong>.<strong><\/strong><\/p>\n\n\n\n<p>Organiza: Club Taurino.<\/p>\n\n\n\n<p><strong>Vermut de los santos<\/strong>.<\/p>\n\n\n\n<p><strong>Hora<\/strong>:<strong> 15:00<\/strong>.<strong><\/strong><\/p>\n\n\n\n<p>Organiza: pe\u00f1a Riojana.<\/p>\n\n\n\n<p><strong>Caf\u00e9 torero<\/strong>.<\/p>\n\n\n\n<p><strong>Lugar<\/strong>: bar Oasis.<\/p>\n\n\n\n<p><strong>Hora<\/strong>:<strong> 16:30<\/strong>.<strong><\/strong><\/p>\n\n\n\n<p>Organiza: pe\u00f1a La Moza.<\/p>\n\n\n\n<p><strong>I Concurso de lanzamiento de huesos de aceituna<\/strong>.<\/p>\n\n\n\n<p><strong>Lugar<\/strong>: Mercado de Abastos y bar El Rinc\u00f3n de Livi.<\/p>\n\n\n\n<p><strong>Hora<\/strong>:<strong> 17:30<\/strong>.<strong><\/strong><\/p>\n\n\n\n<p>Organiza: pe\u00f1a Riojana.<\/p>\n\n\n\n<p><strong>Concierto de Daniel Subero<\/strong>.<\/p>\n\n\n\n<p><strong>Lugar<\/strong>: cuarto de la pe\u00f1a Calagurritana.<\/p>\n\n\n\n<p><strong>Hora<\/strong>:<strong> 17:30<\/strong>.<strong><\/strong><\/p>\n\n\n\n<p>Organiza: pe\u00f1a Calagurritana.<\/p>\n\n\n\n<p><strong>Tardeo<\/strong>.<\/p>\n\n\n\n<p><strong>Lugar<\/strong>: bar Oasis.<\/p>\n\n\n\n<p><strong>Hora<\/strong>:<strong> 17:30<\/strong>.<strong><\/strong><\/p>\n\n\n\n<p>Organiza: pe\u00f1a La Moza.<\/p>\n\n\n\n<p><strong>Caf\u00e9 concierto con la charanga Pintakoda<\/strong>.<\/p>\n\n\n\n<p><strong>Lugar<\/strong>: bar The Way.<\/p>\n\n\n\n<p><strong>Hora<\/strong>:<strong> 18:30<\/strong>.<strong><\/strong><\/p>\n\n\n\n<p>Organiza: pe\u00f1a Philips.<\/p>\n\n\n\n<p><strong>Pinchopote Hambriento<\/strong>.<\/p>\n\n\n\n<p><strong>Lugar<\/strong>: bar The Swing.<\/p>\n\n\n\n<p><strong>Hora<\/strong>:<strong> 19:00<\/strong>.<strong><\/strong><\/p>\n\n\n\n<p>Organiza: pe\u00f1a El Hambre.<\/p>\n\n\n\n<p><strong>Degustaci\u00f3n de zurracapote<\/strong>.<\/p>\n\n\n\n<p><strong>Lugar<\/strong>: cuarto de la pe\u00f1a Calagurritana.<\/p>\n\n\n\n<p><strong>Hora<\/strong>:<strong> 20:00<\/strong>.<strong><\/strong><\/p>\n\n\n\n<p>Organiza: pe\u00f1a Calagurritana.<\/p>\n\n\n\n<p><strong>Concentraci\u00f3n de pe\u00f1as<\/strong>.<\/p>\n\n\n\n<p><strong>Lugar<\/strong>: plaza del Raso.<\/p>\n\n\n\n<p><strong>Hora<\/strong>:<strong> 20:15<\/strong>.<strong><\/strong><\/p>\n\n\n\n<p><strong>Bajada de las pe\u00f1as para el entierro de la cuba<\/strong>.<\/p>\n\n\n\n<p><strong>Lugar<\/strong>: desde la plaza del Raso hasta el Ayuntamiento.<\/p>\n\n\n\n<p><strong>Hora<\/strong>:<strong> 20:30<\/strong>.<strong><\/strong><\/p>\n\n\n\n<p><strong>Retirada del pa\u00f1uelo a Quintiliano y Jota del Pobre de m\u00ed<\/strong>.<\/p>\n\n\n\n<p><strong>Lugar<\/strong>: Glorieta de Quintiliano.<\/p>\n\n\n\n<p><strong>Hora<\/strong>:<strong> 21:15<\/strong>.<strong><\/strong><\/p>\n\n\n\n<p><strong>Fuegos y traca final<\/strong>.<\/p>\n\n\n\n<p><strong>Lugar<\/strong>: Glorieta de Quintiliano.<\/p>\n\n\n\n<p><strong>Hora<\/strong>:<strong> 21:30<\/strong>.<strong><\/strong><\/p>\n","protected":false},"excerpt":{"rendered":"","protected":false},"author":1,"featured_media":141793,"comment_status":"open","ping_status":"open","sticky":false,"template":"","format":"standard","meta":{"colormag_page_container_layout":"default_layout","colormag_page_sidebar_layout":"default_layout","om_disable_all_campaigns":false,"_monsterinsights_skip_tracking":false,"_monsterinsights_sitenote_active":false,"_monsterinsights_sitenote_note":"","_monsterinsights_sitenote_category":0,"footnotes":""},"categories":[4],"tags":[],"class_list":["post-141792","post","type-post","status-publish","format-standard","has-post-thumbnail","hentry","category-calahorra"],"aioseo_notices":[],"_links":{"self":[{"href":"https:\/\/www.yoleoescaparate.com\/index.php?rest_route=\/wp\/v2\/posts\/141792","targetHints":{"allow":["GET"]}}],"collection":[{"href":"https:\/\/www.yoleoescaparate.com\/index.php?rest_route=\/wp\/v2\/posts"}],"about":[{"href":"https:\/\/www.yoleoescaparate.com\/index.php?rest_route=\/wp\/v2\/types\/post"}],"author":[{"embeddable":true,"href":"https:\/\/www.yoleoescaparate.com\/index.php?rest_route=\/wp\/v2\/users\/1"}],"replies":[{"embeddable":true,"href":"https:\/\/www.yoleoescaparate.com\/index.php?rest_route=%2Fwp%2Fv2%2Fcomments&post=141792"}],"version-history":[{"count":1,"href":"https:\/\/www.yoleoescaparate.com\/index.php?rest_route=\/wp\/v2\/posts\/141792\/revisions"}],"predecessor-version":[{"id":141794,"href":"https:\/\/www.yoleoescaparate.com\/index.php?rest_route=\/wp\/v2\/posts\/141792\/revisions\/141794"}],"wp:featuredmedia":[{"embeddable":true,"href":"https:\/\/www.yoleoescaparate.com\/index.php?rest_route=\/wp\/v2\/media\/141793"}],"wp:attachment":[{"href":"https:\/\/www.yoleoescaparate.com\/index.php?rest_route=%2Fwp%2Fv2%2Fmedia&parent=141792"}],"wp:term":[{"taxonomy":"category","embeddable":true,"href":"https:\/\/www.yoleoescaparate.com\/index.php?rest_route=%2Fwp%2Fv2%2Fcategories&post=141792"},{"taxonomy":"post_tag","embeddable":true,"href":"https:\/\/www.yoleoescaparate.com\/index.php?rest_route=%2Fwp%2Fv2%2Ftags&post=141792"}],"curies":[{"name":"wp","href":"https:\/\/api.w.org\/{rel}","templated":true}]}}