{"id":142206,"date":"2026-03-10T12:37:02","date_gmt":"2026-03-10T11:37:02","guid":{"rendered":"https:\/\/www.yoleoescaparate.com\/?p=142206"},"modified":"2026-03-10T12:37:07","modified_gmt":"2026-03-10T11:37:07","slug":"calahorra-organiza-el-picnic-revive-cidacos-el-15-de-marzo","status":"publish","type":"post","link":"https:\/\/www.yoleoescaparate.com\/?p=142206","title":{"rendered":"Calahorra organiza el P\u00edcnic \u2018Revive Cidacos\u2019 el 15 de marzo"},"content":{"rendered":"\n<!--more-->\n\n\n\n<p>El Ayuntamiento de Calahorra celebrar\u00e1 el pr\u00f3ximo domingo 15 de marzo a las 12:00 horas el P\u00edcnic \u2018Revive Cidacos\u2019. Una jornada informativa y participativa para celebrar la recuperaci\u00f3n y puesta en valor del r\u00edo a su paso por la ciudad, con motivo de la finalizaci\u00f3n del proyecto \u2018Revive Cidacos\u2019.<\/p>\n\n\n\n<p>El encuentro tendr\u00e1 lugar en el parque del Cidacos, junto a la zona deportiva: <a href=\"https:\/\/www.google.com\/maps\/d\/u\/0\/edit?mid=15jtwUkMNeslk4k_cTstblqhMgEF53u0&amp;ll=42.30054558407481,-1.9660223044389058&amp;z=19\">https:\/\/www.google.com\/maps\/d\/u\/0\/edit?mid=15jtwUkMNeslk4k_cTstblqhMgEF53u0&amp;ll=42.30054558407481%2C-1.9660223044389058&amp;z=19<\/a><\/p>\n\n\n\n<p>La cita est\u00e1 concebida como una celebraci\u00f3n abierta y participativa, dirigida a toda la ciudadan\u00eda, asociaciones, colectivos participantes, entidades colaboradoras y vecinos que han formado parte de este proyecto.<\/p>\n\n\n\n<p>El Ayuntamiento de Calahorra ha llevado a cabo el proyecto \u2018Revive Cidacos\u2019 con el apoyo de la Fundaci\u00f3n Biodiversidad del Ministerio para la Transici\u00f3n Ecol\u00f3gica y el Reto Demogr\u00e1fico (MITECO) en el marco del Plan de Recuperaci\u00f3n, Transformaci\u00f3n y Resiliencia (PRTR), financiado por la Uni\u00f3n Europea &#8211; NextGenerationEU.<\/p>\n\n\n\n<p><strong>Degustaciones, talleres y fotograf\u00eda para el recuerdo<\/strong><strong><\/strong><\/p>\n\n\n\n<p>La jornada se desarrollar\u00e1 en formato p\u00edcnic en un ambiente festivo que contar\u00e1 con m\u00fasica, degustaci\u00f3n de pinchos de verdura y talleres infantiles relacionados con la naturaleza y el cuidado del entorno.<\/p>\n\n\n\n<p>Durante el encuentro se recoger\u00e1n testimonios de participantes y entidades implicadas, que formar\u00e1n parte de un v\u00eddeo resumen del proyecto. Adem\u00e1s, se realizar\u00e1 una fotograf\u00eda colectiva y una grabaci\u00f3n a\u00e9rea con dron para documentar el cierre de esta iniciativa.<\/p>\n\n\n\n<p>A este evento tambi\u00e9n asistir\u00e1n responsables institucionales, personal t\u00e9cnico y profesionales que han intervenido en el desarrollo del proyecto \u2018Revive Cidacos\u2019.<\/p>\n\n\n\n<p>Durante la celebraci\u00f3n del p\u00edcnic se habilitar\u00e1 un espacio con paneles informativos sobre las actuaciones realizadas dentro de este proyecto de recuperaci\u00f3n del r\u00edo Cidacos. Tambi\u00e9n se mostrar\u00e1 el impacto ambiental y social de estas acciones, que han contribuido a mejorar el ecosistema del r\u00edo y a reforzar su papel como espacio natural y de encuentro para la ciudadan\u00eda.<\/p>\n\n\n\n<p><strong>Bolsas, camisetas, semillas y madro\u00f1os<\/strong><strong><\/strong><\/p>\n\n\n\n<p>Como recuerdo de esta jornada, los asistentes recibir\u00e1n bolsas, camisetas, plantas de madro\u00f1o y tarjetas con semillas plantables. Un gesto simb\u00f3lico que representa el compromiso colectivo con la sostenibilidad y el cuidado del entorno natural.<\/p>\n\n\n\n<p>Con este encuentro festivo, Calahorra quiere celebrar el camino recorrido y reforzar el v\u00ednculo entre la ciudad y su r\u00edo, consolidando el Cidacos como un espacio vivo, recuperado y compartido por toda la ciudadan\u00eda.<\/p>\n\n\n\n<p>Las personas interesadas en participar en el p\u00edcinic pueden inscribirse en el siguiente enlace: <a href=\"https:\/\/losbolos.es\/tienda\/eventos\/picnic-revive-cidacos\/\">https:\/\/losbolos.es\/tienda\/eventos\/picnic-revive-cidacos\/<\/a>. Hay un total de 200 plazas y la inscripci\u00f3n es gratuita.<\/p>\n\n\n\n<p><strong>Recuperaci\u00f3n ambiental del r\u00edo Cidacos<\/strong><strong><\/strong><\/p>\n\n\n\n<p>A trav\u00e9s del proyecto \u2018Revive Cidacos\u2019 se ha recuperado el tramo final del r\u00edo. Un total de 111.206,11 metros cuadrados, desde la pasarela que une al parque del Cidacos con el Santuario de la Virgen del Carmen hasta un poco antes de la desembocadura del r\u00edo.<\/p>\n\n\n\n<p>Los trabajos han consistido principalmente en la limpieza y retirada de residuos y escombros, en el ahoyado y plantaci\u00f3n de aproximadamente 1.900 unidades arb\u00f3reas, en la recuperaci\u00f3n de la escombrera y&nbsp;en la construcci\u00f3n de un refugio para especies como el vis\u00f3n europeo, reutilizando el material recogido en los trabajos previos.<\/p>\n\n\n\n<p>Estas actuaciones han permitido garantizar la limpieza y la conservaci\u00f3n del entorno del r\u00edo Cidacos, recuperar y reforestar con especies aut\u00f3ctonas esta zona para reducir el riesgo de inundaci\u00f3n en entornos urbanos e incrementar el h\u00e1bitat de numerosas especies, as\u00ed como permitir que todos los ciudadanos puedan disfrutar de este entorno de manera segura.<\/p>\n\n\n\n<p>Se han invertido m\u00e1s de 500.000 euros, financiados al 95% por la Fundaci\u00f3n Biodiversidad del Ministerio para la Transici\u00f3n Ecol\u00f3gica y el Reto Demogr\u00e1fico<\/p>\n\n\n\n<p>dentro del marco del Plan de Recuperaci\u00f3n, Transformaci\u00f3n y Resiliencia (PRTR), financiado por la Uni\u00f3n Europea \u2013 Next Generation EU.<\/p>\n","protected":false},"excerpt":{"rendered":"","protected":false},"author":1,"featured_media":142207,"comment_status":"open","ping_status":"open","sticky":false,"template":"","format":"standard","meta":{"colormag_page_container_layout":"default_layout","colormag_page_sidebar_layout":"default_layout","om_disable_all_campaigns":false,"_monsterinsights_skip_tracking":false,"_monsterinsights_sitenote_active":false,"_monsterinsights_sitenote_note":"","_monsterinsights_sitenote_category":0,"footnotes":""},"categories":[4],"tags":[16,12,232,3948,2440],"class_list":["post-142206","post","type-post","status-publish","format-standard","has-post-thumbnail","hentry","category-calahorra","tag-calahorra","tag-escaparate","tag-marzo","tag-picnic","tag-revive-cidacos"],"aioseo_notices":[],"_links":{"self":[{"href":"https:\/\/www.yoleoescaparate.com\/index.php?rest_route=\/wp\/v2\/posts\/142206","targetHints":{"allow":["GET"]}}],"collection":[{"href":"https:\/\/www.yoleoescaparate.com\/index.php?rest_route=\/wp\/v2\/posts"}],"about":[{"href":"https:\/\/www.yoleoescaparate.com\/index.php?rest_route=\/wp\/v2\/types\/post"}],"author":[{"embeddable":true,"href":"https:\/\/www.yoleoescaparate.com\/index.php?rest_route=\/wp\/v2\/users\/1"}],"replies":[{"embeddable":true,"href":"https:\/\/www.yoleoescaparate.com\/index.php?rest_route=%2Fwp%2Fv2%2Fcomments&post=142206"}],"version-history":[{"count":1,"href":"https:\/\/www.yoleoescaparate.com\/index.php?rest_route=\/wp\/v2\/posts\/142206\/revisions"}],"predecessor-version":[{"id":142208,"href":"https:\/\/www.yoleoescaparate.com\/index.php?rest_route=\/wp\/v2\/posts\/142206\/revisions\/142208"}],"wp:featuredmedia":[{"embeddable":true,"href":"https:\/\/www.yoleoescaparate.com\/index.php?rest_route=\/wp\/v2\/media\/142207"}],"wp:attachment":[{"href":"https:\/\/www.yoleoescaparate.com\/index.php?rest_route=%2Fwp%2Fv2%2Fmedia&parent=142206"}],"wp:term":[{"taxonomy":"category","embeddable":true,"href":"https:\/\/www.yoleoescaparate.com\/index.php?rest_route=%2Fwp%2Fv2%2Fcategories&post=142206"},{"taxonomy":"post_tag","embeddable":true,"href":"https:\/\/www.yoleoescaparate.com\/index.php?rest_route=%2Fwp%2Fv2%2Ftags&post=142206"}],"curies":[{"name":"wp","href":"https:\/\/api.w.org\/{rel}","templated":true}]}}