{"id":142209,"date":"2026-03-10T12:47:51","date_gmt":"2026-03-10T11:47:51","guid":{"rendered":"https:\/\/www.yoleoescaparate.com\/?p=142209"},"modified":"2026-03-10T12:47:55","modified_gmt":"2026-03-10T11:47:55","slug":"el-gobierno-de-la-rioja-abre-la-convocatoria-de-campamentos-juveniles","status":"publish","type":"post","link":"https:\/\/www.yoleoescaparate.com\/?p=142209","title":{"rendered":"El Gobierno de La Rioja abre la convocatoria de Campamentos Juveniles"},"content":{"rendered":"\n<!--more-->\n\n\n\n<p>El director del Instituto Riojano de la Juventud (IRJ), Juan Diego Alcaide, ha presentado hoy el Programa Rioja Joven de actividades de verano 2026 que impulsa el Gobierno de La Rioja a trav\u00e9s del IRJ, una iniciativa dirigida a j\u00f3venes nacidos entre 2009 y 2015 que oferta un total de 1.185 plazas en 36 campamentos repartidos por diferentes puntos de la geograf\u00eda espa\u00f1ola.<\/p>\n\n\n\n<p>El director del IRJ ha subrayado que se trata de \u201cla mayor oferta de campamentos y de plazas de los \u00faltimos diez a\u00f1os\u201d, consolidando la tendencia de crecimiento registrada en las tres \u00faltimas ediciones, lo que responde al compromiso del Gobierno de La Rioja por ampliar las oportunidades de ocio educativo para los j\u00f3venes.<\/p>\n\n\n\n<p>Durante la presentaci\u00f3n, Alcaide ha se\u00f1alado que estos campamentos son \u201cuna cita imprescindible no solo para los j\u00f3venes sino tambi\u00e9n para las familias\u201d, y forman parte de las \u201cpropuestas educativas, seguras y de calidad\u201d que oferta el IRJ. Adem\u00e1s, suponen una buena oportunidad \u201cpara que j\u00f3venes de otras comunidades vengan a La Rioja a conocer nuestra tierra, y para que j\u00f3venes de nuestra tierra vayan a otras comunidades aut\u00f3nomas a conocer distintos lugares\u201d, ha a\u00f1adido.<\/p>\n\n\n\n<p>La convocatoria incluye campamentos que se celebrar\u00e1n tanto en La Rioja como en Arag\u00f3n, Cantabria, Castilla y Le\u00f3n, Galicia, Comunidad Valenciana, Madrid, Extremadura, Andaluc\u00eda, Murcia y Pa\u00eds Vasco. En total, podr\u00e1n participar casi 90 j\u00f3venes riojanos m\u00e1s que el pasado a\u00f1o, con 912 plazas reservadas para participantes de la comunidad aut\u00f3noma y otras 273 destinadas a j\u00f3venes procedentes de otros territorios.<\/p>\n\n\n\n<p>Los participantes podr\u00e1n disfrutar de la programaci\u00f3n en 22 localidades distintas. En La Rioja, los campamentos se desarrollar\u00e1n en Ezcaray, Munilla, Cornago y El Rasillo, mientras que el resto de destinos se distribuyen por distintos enclaves del pa\u00eds, desde el norte \u2014con localidades como Loredo, Viveiro, Hondarribia o Gandar\u00edo\u2014 hasta la costa mediterr\u00e1nea y el sur, con propuestas en Calarreona, Aguadulce, Piles, Benic\u00e1ssim o La Marina.<\/p>\n\n\n\n<p>Cada campamento contar\u00e1 con una tem\u00e1tica espec\u00edfica y actividades vinculadas a \u00e1mbitos como el deporte, la cultura, el ocio tecnol\u00f3gico o el aprendizaje de idiomas, con propuestas que incluyen talleres, juegos, excursiones, aulas de naturaleza, visitas culturales y estancias en entornos de playa y monta\u00f1a.<\/p>\n\n\n\n<p>El desarrollo de esta programaci\u00f3n implicar\u00e1 adem\u00e1s la contrataci\u00f3n de alrededor de 175 j\u00f3venes para desempe\u00f1ar labores de monitoraje, direcci\u00f3n y otras funciones vinculadas al ocio y tiempo libre. \u201cEstos campamentos no solo ofrecen experiencias formativas y de convivencia, sino que tambi\u00e9n generan una serie de oportunidades laborales a muchos j\u00f3venes que se forman en el ocio educativo\u201d, ha explicado.<\/p>\n\n\n\n<p>Entre las novedades de esta edici\u00f3n se incorporan nuevos campamentos en el albergue de San Mart\u00edn de Casta\u00f1eda, en el Lago de Sanabria (Zamora), y en el Albergue Juvenil de Benic\u00e1ssim, adem\u00e1s de un segundo turno en Loredo (Cantabria) y un nuevo campamento en El Rasillo.<\/p>\n\n\n\n<p>Asimismo, se mantienen los intercambios con Castilla y Le\u00f3n, Cantabria, Madrid, Galicia, Arag\u00f3n, la Diputaci\u00f3n de \u00c1lava y Extremadura. En La Rioja se incrementa un turno en El Rasillo y contin\u00faan los siete turnos de Ezcaray, junto con los cuatro programados tanto en Munilla como en Cornago. Tambi\u00e9n se ofertan dos campus intensivos de ingl\u00e9s en Ezcaray que suman 90 plazas.<\/p>\n\n\n\n<p><strong>Abierto el plazo de inscripci\u00f3n a los campamentos juveniles<\/strong><\/p>\n\n\n\n<p>La resoluci\u00f3n con las normas de inscripci\u00f3n y condiciones de participaci\u00f3n que regulan la campa\u00f1a \u2018Campamentos en Espa\u00f1a Verano 2026\u2019, as\u00ed como los formularios de solicitud de plaza, est\u00e1n disponibles desde hoy en la p\u00e1gina web del IRJ (<a href=\"http:\/\/www.irj.es\">www.irj.es<\/a>).<\/p>\n\n\n\n<p>En caso de no poder realizar la preinscripci\u00f3n a trav\u00e9s del formulario habilitado en la web, las solicitudes podr\u00e1n tramitarse mediante el servicio del Tel\u00e9fono Joven del IRJ, en el n\u00famero gratuito 900 20 02 72, de lunes a viernes de 9 a 14 horas. El plazo de preinscripci\u00f3n permanecer\u00e1 abierto desde las 12 horas de hoy hasta las 14 horas del pr\u00f3ximo 7 de abril.<\/p>\n","protected":false},"excerpt":{"rendered":"","protected":false},"author":1,"featured_media":142210,"comment_status":"open","ping_status":"open","sticky":false,"template":"","format":"standard","meta":{"colormag_page_container_layout":"default_layout","colormag_page_sidebar_layout":"default_layout","om_disable_all_campaigns":false,"_monsterinsights_skip_tracking":false,"_monsterinsights_sitenote_active":false,"_monsterinsights_sitenote_note":"","_monsterinsights_sitenote_category":0,"footnotes":""},"categories":[21],"tags":[2453,3863,12,2259,2634,64],"class_list":["post-142209","post","type-post","status-publish","format-standard","has-post-thumbnail","hentry","category-la-rioja","tag-campamentos-verano","tag-convocatoria","tag-escaparate","tag-irj","tag-juveniles","tag-la-rioja"],"aioseo_notices":[],"_links":{"self":[{"href":"https:\/\/www.yoleoescaparate.com\/index.php?rest_route=\/wp\/v2\/posts\/142209","targetHints":{"allow":["GET"]}}],"collection":[{"href":"https:\/\/www.yoleoescaparate.com\/index.php?rest_route=\/wp\/v2\/posts"}],"about":[{"href":"https:\/\/www.yoleoescaparate.com\/index.php?rest_route=\/wp\/v2\/types\/post"}],"author":[{"embeddable":true,"href":"https:\/\/www.yoleoescaparate.com\/index.php?rest_route=\/wp\/v2\/users\/1"}],"replies":[{"embeddable":true,"href":"https:\/\/www.yoleoescaparate.com\/index.php?rest_route=%2Fwp%2Fv2%2Fcomments&post=142209"}],"version-history":[{"count":1,"href":"https:\/\/www.yoleoescaparate.com\/index.php?rest_route=\/wp\/v2\/posts\/142209\/revisions"}],"predecessor-version":[{"id":142211,"href":"https:\/\/www.yoleoescaparate.com\/index.php?rest_route=\/wp\/v2\/posts\/142209\/revisions\/142211"}],"wp:featuredmedia":[{"embeddable":true,"href":"https:\/\/www.yoleoescaparate.com\/index.php?rest_route=\/wp\/v2\/media\/142210"}],"wp:attachment":[{"href":"https:\/\/www.yoleoescaparate.com\/index.php?rest_route=%2Fwp%2Fv2%2Fmedia&parent=142209"}],"wp:term":[{"taxonomy":"category","embeddable":true,"href":"https:\/\/www.yoleoescaparate.com\/index.php?rest_route=%2Fwp%2Fv2%2Fcategories&post=142209"},{"taxonomy":"post_tag","embeddable":true,"href":"https:\/\/www.yoleoescaparate.com\/index.php?rest_route=%2Fwp%2Fv2%2Ftags&post=142209"}],"curies":[{"name":"wp","href":"https:\/\/api.w.org\/{rel}","templated":true}]}}