{"id":142220,"date":"2026-03-10T14:32:04","date_gmt":"2026-03-10T13:32:04","guid":{"rendered":"https:\/\/www.yoleoescaparate.com\/?p=142220"},"modified":"2026-03-10T14:46:29","modified_gmt":"2026-03-10T13:46:29","slug":"la-casa-de-los-curas-acoge-la-exposicion-historia-y-cultura-del-pueblo-gitano-hasta-el-27-de-marzo","status":"publish","type":"post","link":"https:\/\/www.yoleoescaparate.com\/?p=142220","title":{"rendered":"La Casa de los Curas acoge la exposici\u00f3n \u2018Historia y cultura del pueblo gitano\u2019 hasta el 27 de marzo"},"content":{"rendered":"\n<!--more-->\n\n\n\n<figure class=\"wp-block-embed is-type-video is-provider-youtube wp-block-embed-youtube wp-embed-aspect-16-9 wp-has-aspect-ratio\"><div class=\"wp-block-embed__wrapper\">\n<iframe loading=\"lazy\" title=\"Exposici\u00f3n \u2018Historia y cultura del pueblo gitano en Calahorra\" width=\"800\" height=\"450\" src=\"https:\/\/www.youtube.com\/embed\/LaCHzVeL7mA?feature=oembed\" frameborder=\"0\" allow=\"accelerometer; autoplay; clipboard-write; encrypted-media; gyroscope; picture-in-picture; web-share\" referrerpolicy=\"strict-origin-when-cross-origin\" allowfullscreen><\/iframe>\n<\/div><\/figure>\n\n\n\n<p>La alcaldesa de Calahorra, M\u00f3nica Arceiz, y el presidente de la asociaci\u00f3n de Promoci\u00f3n gitana en La Rioja, Antonio Jim\u00e9nez, han inaugurado la exposici\u00f3n \u2018Historia y cultura del pueblo gitano\u2019 en la Casa de los Curas.<\/p>\n\n\n\n<p>Un total 18 paneles conforman esta muestra que consta de 2 partes. La primera resume 1.000 a\u00f1os de la historia de la poblaci\u00f3n gitana, destacando los hechos m\u00e1s relevantes que ha sufrido en su largo camino desde Punyab (India-Pakist\u00e1n) hasta la Pen\u00ednsula Ib\u00e9rica. Se trata de un relato cronogr\u00e1fico basado en la documentaci\u00f3n encontrada y contrastada por las y los historiadores.<\/p>\n\n\n\n<p>Los 8 paneles restantes integran la segunda parte de la exposici\u00f3n que describe la situaci\u00f3n actual de las gitanas y gitanos espa\u00f1oles, a trav\u00e9s de sus palabras y discursos. Tambi\u00e9n refleja los prejuicios y estereotipos sobre la poblaci\u00f3n gitana, la situaci\u00f3n educativa del alumnado gitano, el asociacionismo, la militancia pol\u00edtica, etc.<\/p>\n\n\n\n<p>Origen de los gitanos; Itinerario desde la India a la Pen\u00ednsula Ib\u00e9rica; Expulsi\u00f3n de los diferentes; \u00d3rdenes, c\u00e9dulas, provisiones, disposiciones y pragm\u00e1ticas; Documentos contra los gitanos; La gran redada o prisi\u00f3n general de los gitanos; Desde la \u00faltima pragm\u00e1tica a la II Rep\u00fablica; Guerra civil. R\u00e9gimen franquista; Porrajmos. Samudaripen; Fin del recorrido hist\u00f3rico; La construcci\u00f3n de los prejuicios y estereotipos; Cultura, idioma y el flamenco como rasgo cultural; Educaci\u00f3n y pueblo gitano; Situaci\u00f3n general de la poblaci\u00f3n gitana; Gitanos hoy. J\u00f3venes, asociacionismo y militancia pol\u00edtica; Mujeres gitanas; Interculturalidad, diversidad cultural, convivencia; y Tiempos actuales: entre actos racistas y normativas esperanzadoras son los t\u00edtulos de los 18 paneles monogr\u00e1ficos que recorren la historia y la cultura del pueblo gitano con la intenci\u00f3n de estimular y motivar una mirada limpia y respetuosa sobre la ciudadan\u00eda gitana.<\/p>\n\n\n\n<p>\u201cInvito a conocer esta exposici\u00f3n y profundizar un poco m\u00e1s en la historia del pueblo gitano de una manera m\u00e1s cercana y cari\u00f1osa. Una colectividad con la que convivimos desde hace siglos en Calahorra y est\u00e1 absolutamente integrada en la ciudad\u201d, ha valorado la alcaldesa.<\/p>\n\n\n\n<p>Por su parte, el presidente de la asociaci\u00f3n de Promoci\u00f3n gitana en La Rioja ha destacado que \u201cuna de las mayores cosas de las que nos sentimos muy orgullosos en el pueblo gitano es que nos sentimos reconocidos como espa\u00f1oles del pleno derecho. Hemos ido luchando y consiguiendo la inclusi\u00f3n del pueblo gitano, sin perder nuestros rasgos y nuestra identidad cultural. Por eso, uno de nuestros objetivos actuales es ser reconocidos como pueblo. Eso es lo que pedimos\u201d.<\/p>\n\n\n\n<p>La muestra, organizada por la asociaci\u00f3n de Ense\u00f1antes con Gitanos con la colaboraci\u00f3n del Ayuntamiento de Calahorra y la asociaci\u00f3n de Promoci\u00f3n gitana en La Rioja, podr\u00e1 visitarse hasta el pr\u00f3ximo 27 de marzo en Calahorra.<\/p>\n\n\n\n<p>El horario de apertura de la Casa de los Curas es de lunes a mi\u00e9rcoles de 8:00 a 15:00 horas; jueves y viernes de 8:00 a 15:00 y de 18:00 a 20:00 horas; s\u00e1bados de 18:00 a 20:00 horas y domingos de 12:00 a 14:00 horas.<\/p>\n\n\n\n<p>\u2018Historia y cultura del pueblo gitano\u2019 nace con el prop\u00f3sito de acercar al alumnado y a la poblaci\u00f3n en general la informaci\u00f3n real y documentada del pueblo gitano.<\/p>\n\n\n\n<p>A la inauguraci\u00f3n han asistido tambi\u00e9n el concejal de Pol\u00edticas sociales y Familia, David Anto\u00f1anzas; Abigail Peralta, encargada de explicar la exposici\u00f3n; y los concejales socialistas Esteban Mart\u00ednez y Mercedes Gonz\u00e1lez.<\/p>\n\n\n\n<figure class=\"wp-block-gallery has-nested-images columns-default is-cropped wp-block-gallery-1 is-layout-flex wp-block-gallery-is-layout-flex\">\n<figure class=\"wp-block-image size-large\"><img loading=\"lazy\" decoding=\"async\" width=\"1024\" height=\"576\" data-id=\"142224\" src=\"https:\/\/www.yoleoescaparate.com\/wp-content\/uploads\/WhatsApp-Image-2026-03-10-at-11.26.41-1024x576.jpeg\" alt=\"\" class=\"wp-image-142224\" srcset=\"https:\/\/www.yoleoescaparate.com\/wp-content\/uploads\/WhatsApp-Image-2026-03-10-at-11.26.41-1024x576.jpeg 1024w, https:\/\/www.yoleoescaparate.com\/wp-content\/uploads\/WhatsApp-Image-2026-03-10-at-11.26.41-300x169.jpeg 300w, https:\/\/www.yoleoescaparate.com\/wp-content\/uploads\/WhatsApp-Image-2026-03-10-at-11.26.41-768x432.jpeg 768w, https:\/\/www.yoleoescaparate.com\/wp-content\/uploads\/WhatsApp-Image-2026-03-10-at-11.26.41-1536x864.jpeg 1536w, https:\/\/www.yoleoescaparate.com\/wp-content\/uploads\/WhatsApp-Image-2026-03-10-at-11.26.41.jpeg 1600w\" sizes=\"auto, (max-width: 1024px) 100vw, 1024px\" \/><\/figure>\n\n\n\n<figure class=\"wp-block-image size-large\"><img loading=\"lazy\" decoding=\"async\" width=\"1024\" height=\"576\" data-id=\"142225\" src=\"https:\/\/www.yoleoescaparate.com\/wp-content\/uploads\/WhatsApp-Image-2026-03-10-at-11.27.22-1024x576.jpeg\" alt=\"\" class=\"wp-image-142225\" srcset=\"https:\/\/www.yoleoescaparate.com\/wp-content\/uploads\/WhatsApp-Image-2026-03-10-at-11.27.22-1024x576.jpeg 1024w, https:\/\/www.yoleoescaparate.com\/wp-content\/uploads\/WhatsApp-Image-2026-03-10-at-11.27.22-300x169.jpeg 300w, https:\/\/www.yoleoescaparate.com\/wp-content\/uploads\/WhatsApp-Image-2026-03-10-at-11.27.22-768x432.jpeg 768w, https:\/\/www.yoleoescaparate.com\/wp-content\/uploads\/WhatsApp-Image-2026-03-10-at-11.27.22-1536x864.jpeg 1536w, https:\/\/www.yoleoescaparate.com\/wp-content\/uploads\/WhatsApp-Image-2026-03-10-at-11.27.22.jpeg 1600w\" sizes=\"auto, (max-width: 1024px) 100vw, 1024px\" \/><\/figure>\n<\/figure>\n","protected":false},"excerpt":{"rendered":"","protected":false},"author":1,"featured_media":142221,"comment_status":"open","ping_status":"open","sticky":false,"template":"","format":"standard","meta":{"colormag_page_container_layout":"default_layout","colormag_page_sidebar_layout":"default_layout","om_disable_all_campaigns":false,"_monsterinsights_skip_tracking":false,"_monsterinsights_sitenote_active":false,"_monsterinsights_sitenote_note":"","_monsterinsights_sitenote_category":0,"footnotes":""},"categories":[4,206],"tags":[16,1670,50,12,3954,886,3955],"class_list":["post-142220","post","type-post","status-publish","format-standard","has-post-thumbnail","hentry","category-calahorra","category-videos","tag-calahorra","tag-casa-de-los-curas","tag-cultura","tag-escaparate","tag-esposicion","tag-historia","tag-pueblo-gitano"],"aioseo_notices":[],"_links":{"self":[{"href":"https:\/\/www.yoleoescaparate.com\/index.php?rest_route=\/wp\/v2\/posts\/142220","targetHints":{"allow":["GET"]}}],"collection":[{"href":"https:\/\/www.yoleoescaparate.com\/index.php?rest_route=\/wp\/v2\/posts"}],"about":[{"href":"https:\/\/www.yoleoescaparate.com\/index.php?rest_route=\/wp\/v2\/types\/post"}],"author":[{"embeddable":true,"href":"https:\/\/www.yoleoescaparate.com\/index.php?rest_route=\/wp\/v2\/users\/1"}],"replies":[{"embeddable":true,"href":"https:\/\/www.yoleoescaparate.com\/index.php?rest_route=%2Fwp%2Fv2%2Fcomments&post=142220"}],"version-history":[{"count":2,"href":"https:\/\/www.yoleoescaparate.com\/index.php?rest_route=\/wp\/v2\/posts\/142220\/revisions"}],"predecessor-version":[{"id":142226,"href":"https:\/\/www.yoleoescaparate.com\/index.php?rest_route=\/wp\/v2\/posts\/142220\/revisions\/142226"}],"wp:featuredmedia":[{"embeddable":true,"href":"https:\/\/www.yoleoescaparate.com\/index.php?rest_route=\/wp\/v2\/media\/142221"}],"wp:attachment":[{"href":"https:\/\/www.yoleoescaparate.com\/index.php?rest_route=%2Fwp%2Fv2%2Fmedia&parent=142220"}],"wp:term":[{"taxonomy":"category","embeddable":true,"href":"https:\/\/www.yoleoescaparate.com\/index.php?rest_route=%2Fwp%2Fv2%2Fcategories&post=142220"},{"taxonomy":"post_tag","embeddable":true,"href":"https:\/\/www.yoleoescaparate.com\/index.php?rest_route=%2Fwp%2Fv2%2Ftags&post=142220"}],"curies":[{"name":"wp","href":"https:\/\/api.w.org\/{rel}","templated":true}]}}