{"id":142259,"date":"2026-03-11T23:31:19","date_gmt":"2026-03-11T22:31:19","guid":{"rendered":"https:\/\/www.yoleoescaparate.com\/?p=142259"},"modified":"2026-03-12T08:52:11","modified_gmt":"2026-03-12T07:52:11","slug":"xxiv-concentracion-nacional-de-bandas-procesionales","status":"publish","type":"post","link":"https:\/\/www.yoleoescaparate.com\/?p=142259","title":{"rendered":"Calahorra acoge el 21 de marzo la XXIV Concentraci\u00f3n Nacional de Bandas Procesionales"},"content":{"rendered":"\n<!--more-->\n\n\n\n<figure class=\"wp-block-gallery has-nested-images columns-default is-cropped wp-block-gallery-1 is-layout-flex wp-block-gallery-is-layout-flex\">\n<figure class=\"wp-block-image size-large\"><a href=\"https:\/\/wa.me\/+34667787977\"><img loading=\"lazy\" decoding=\"async\" width=\"728\" height=\"200\" data-id=\"141769\" src=\"https:\/\/www.yoleoescaparate.com\/wp-content\/uploads\/BannerWAEscaparate.gif\" alt=\"\" class=\"wp-image-141769\"\/><\/a><\/figure>\n<\/figure>\n\n\n\n<p>Calahorra celebrar\u00e1 el pr\u00f3ximo <strong>s\u00e1bado 21 de marzo<\/strong> la <strong>XXIV Concentraci\u00f3n Nacional de Bandas Procesionales<\/strong>, un encuentro que reunir\u00e1 a agrupaciones musicales vinculadas a la Semana Santa procedentes de distintos puntos del norte de Espa\u00f1a. El evento comenzar\u00e1 a las <strong>16:00 horas<\/strong> y recorrer\u00e1 varias de las principales calles de la ciudad, combinando pasacalles, actuaciones y un desfile final.<\/p>\n\n\n\n<p>El <strong>punto de encuentro<\/strong> estar\u00e1 situado en la <strong>avenida del Pilar<\/strong>, desde donde partir\u00e1 el pasacalles que discurrir\u00e1 por <strong>General Gallarza<\/strong>, <strong>Glorieta de Quintiliano<\/strong> \u2014donde se realizar\u00e1 una parada\u2014, <strong>calle M\u00e1rtires<\/strong> y <strong>calle Grande<\/strong>. Posteriormente, las bandas ofrecer\u00e1n una <strong>actuaci\u00f3n conjunta en la plaza del Raso<\/strong>, uno de los espacios m\u00e1s emblem\u00e1ticos del casco hist\u00f3rico calagurritano.<\/p>\n\n\n\n<p>Tras la exhibici\u00f3n musical, el evento concluir\u00e1 con un <strong>desfile final<\/strong> que recorrer\u00e1 las calles <strong>Grande<\/strong>, <strong>M\u00e1rtires<\/strong>, <strong>Paseo del Mercadal<\/strong>, <strong>avenida de la Estaci\u00f3n<\/strong> y <strong>Camino de la Hoya<\/strong>, finalizando en la <strong>nave de la cofrad\u00eda<\/strong>.<\/p>\n\n\n\n<h3 class=\"wp-block-heading\">Bandas participantes<\/h3>\n\n\n\n<p>La concentraci\u00f3n contar\u00e1 con la participaci\u00f3n de seis formaciones ligadas a distintas cofrad\u00edas:<\/p>\n\n\n\n<ul class=\"wp-block-list\">\n<li><strong>Banda de Cornetas y Tambores de la Cofrad\u00eda de la Santa Vera Cruz de Calahorra<\/strong>, cuyos integrantes visten t\u00fanica negra con capa, capirote y faj\u00edn granate.<\/li>\n\n\n\n<li><strong>Banda de Tambores de la Cofrad\u00eda del Sant\u00edsimo Sacramento de Autol<\/strong>, con t\u00fanica blanca, capa morada y c\u00edngulo de esparto.<\/li>\n\n\n\n<li><strong>Cofrad\u00eda de la Oraci\u00f3n de Cristo en el Huerto de Tudela<\/strong>, con t\u00fanica negra, capa malva y c\u00edngulo morado.<\/li>\n\n\n\n<li><strong>Cofrad\u00eda de la Santa Vera Cruz de \u00c1greda<\/strong>, cuyos miembros portan t\u00fanica blanca con capa y c\u00edngulo morados.<\/li>\n\n\n\n<li><strong>Banda de Tambores y Bombos de la Cofrad\u00eda de la Flagelaci\u00f3n de Jes\u00fas de Logro\u00f1o<\/strong>, que desfila con americana granate con remates dorados y pantal\u00f3n negro.<\/li>\n\n\n\n<li><strong>Grupo de Matracas y Tambores Interpasos de Calahorra<\/strong>, con t\u00fanica negra y capa, capirote y faj\u00edn blancos.<\/li>\n<\/ul>\n\n\n\n<p>La cita, ya consolidada en el calendario previo a la Semana Santa, pretende <strong>fomentar la convivencia entre cofrad\u00edas y agrupaciones musicales<\/strong>, adem\u00e1s de acercar al p\u00fablico el sonido caracter\u00edstico de cornetas, tambores y bombos que acompa\u00f1a a las procesiones. Se espera que el encuentro vuelva a reunir a numerosos vecinos y visitantes en las calles de la ciudad.<\/p>\n","protected":false},"excerpt":{"rendered":"","protected":false},"author":1,"featured_media":142260,"comment_status":"open","ping_status":"open","sticky":false,"template":"","format":"standard","meta":{"colormag_page_container_layout":"default_layout","colormag_page_sidebar_layout":"default_layout","om_disable_all_campaigns":false,"_monsterinsights_skip_tracking":false,"_monsterinsights_sitenote_active":false,"_monsterinsights_sitenote_note":"","_monsterinsights_sitenote_category":0,"footnotes":""},"categories":[4,212],"tags":[16,3966,12,232,3967,3965,2023],"class_list":["post-142259","post","type-post","status-publish","format-standard","has-post-thumbnail","hentry","category-calahorra","category-planes","tag-calahorra","tag-concentracion-bandas","tag-escaparate","tag-marzo","tag-procesionales","tag-seamana-santa","tag-vera-cruz"],"aioseo_notices":[],"_links":{"self":[{"href":"https:\/\/www.yoleoescaparate.com\/index.php?rest_route=\/wp\/v2\/posts\/142259","targetHints":{"allow":["GET"]}}],"collection":[{"href":"https:\/\/www.yoleoescaparate.com\/index.php?rest_route=\/wp\/v2\/posts"}],"about":[{"href":"https:\/\/www.yoleoescaparate.com\/index.php?rest_route=\/wp\/v2\/types\/post"}],"author":[{"embeddable":true,"href":"https:\/\/www.yoleoescaparate.com\/index.php?rest_route=\/wp\/v2\/users\/1"}],"replies":[{"embeddable":true,"href":"https:\/\/www.yoleoescaparate.com\/index.php?rest_route=%2Fwp%2Fv2%2Fcomments&post=142259"}],"version-history":[{"count":2,"href":"https:\/\/www.yoleoescaparate.com\/index.php?rest_route=\/wp\/v2\/posts\/142259\/revisions"}],"predecessor-version":[{"id":142284,"href":"https:\/\/www.yoleoescaparate.com\/index.php?rest_route=\/wp\/v2\/posts\/142259\/revisions\/142284"}],"wp:featuredmedia":[{"embeddable":true,"href":"https:\/\/www.yoleoescaparate.com\/index.php?rest_route=\/wp\/v2\/media\/142260"}],"wp:attachment":[{"href":"https:\/\/www.yoleoescaparate.com\/index.php?rest_route=%2Fwp%2Fv2%2Fmedia&parent=142259"}],"wp:term":[{"taxonomy":"category","embeddable":true,"href":"https:\/\/www.yoleoescaparate.com\/index.php?rest_route=%2Fwp%2Fv2%2Fcategories&post=142259"},{"taxonomy":"post_tag","embeddable":true,"href":"https:\/\/www.yoleoescaparate.com\/index.php?rest_route=%2Fwp%2Fv2%2Ftags&post=142259"}],"curies":[{"name":"wp","href":"https:\/\/api.w.org\/{rel}","templated":true}]}}